{"id":88974,"date":"2025-06-06T11:55:52","date_gmt":"2025-06-06T14:55:52","guid":{"rendered":"https:\/\/noticiasbahia360.com.br\/?p=88974"},"modified":"2025-06-06T11:55:52","modified_gmt":"2025-06-06T14:55:52","slug":"apos-acidente-com-boi-populacao-recorta-animal-para-consumo-em-feira-de-santana-ja-chegaram-com-facao-lona-foi-rapido","status":"publish","type":"post","link":"https:\/\/noticiasbahia360.com.br\/?p=88974","title":{"rendered":"Ap\u00f3s acidente com boi, popula\u00e7\u00e3o recorta animal para consumo em Feira de Santana: \u201cJ\u00e1 chegaram com fac\u00e3o, lona, foi r\u00e1pido\u201d"},"content":{"rendered":"<div>\n<div>\n<figure><img decoding=\"async\" src=\"http:\/\/noticiasbahia360.com.br\/wp-content\/uploads\/2025\/06\/Carro-colide-com-boi-e-fica-com-a-frente-destruida-moradores-relatam-perigo-2.jpg\" alt=\"Carro colide com boi e fica com a frente destru\u00edda; moradores relatam perigo\"><figcaption>Foto: Acorda Cidade <\/figcaption><\/figure>\n<\/div>\n<p>Na noite da \u00faltima quinta-feira (5), ap\u00f3s um <a href=\"https:\/\/www.acordacidade.com.br\/feira-de-santana\/carro-colide-com-boi-e-fica-com-a-frente-destruida-moradores-relatam-perigo\/\" target=\"_blank\" rel=\"noreferrer noopener\">acidente no bairro SIM, em Feira de Santana, envolvendo um carro e animais soltos na Avenida S\u00edlvio Matos<\/a>, uma situa\u00e7\u00e3o um tanto inusitada aconteceu. Ap\u00f3s a colis\u00e3o, que resultou na morte de um dos animais, dezenas de pessoas se aglomeraram no local e recortaram o boi para levar a carne para casa para consumo.<\/p>\n<p>O ve\u00edculo, um SUV h\u00edbrido, era conduzido por um morador da regi\u00e3o. Ele teve apenas ferimentos leves, mas o carro ficou completamente destru\u00eddo. \u201cFoi um livramento de Deus mesmo. Porque a frente do carro acabou todo. A \u00fanica coisa que ele sofreu foi o impacto do Aiberg, que pegou no peito e assou o bra\u00e7o um pouco, mas teve at\u00e9 dificuldade para sair\u201d, contou o pai do motorista, Helo\u00edsio Moreira dos Santos, que chegou ao local minutos ap\u00f3s o acidente.<\/p>\n<figure class=\"wp-block-image size-large\"><img fetchpriority=\"high\" data-dominant-color=\"6f685a\" data-has-transparency=\"false\" style=\"--dominant-color: #6f685a;\" fetchpriority=\"high\" decoding=\"async\" width=\"1149\" height=\"768\" sizes=\"(max-width: 1149px) 100vw, 1149px\" src=\"http:\/\/noticiasbahia360.com.br\/wp-content\/uploads\/2025\/06\/K5RSFiQu-Carro-colide-com-boi-e-fica-com-a-frente-destruida-moradores-relatam-perigo-1149x768-1.webp\" alt=\"Carro colide com boi e fica com a frente destru\u00edda; moradores relatam perigo\" class=\"wp-image-562814 not-transparent\" srcset=\"https:\/\/uploads.acordacidade.com.br\/2025\/06\/K5RSFiQu-Carro-colide-com-boi-e-fica-com-a-frente-destruida-moradores-relatam-perigo--546x365.webp 546w, http:\/\/noticiasbahia360.com.br\/wp-content\/uploads\/2025\/06\/K5RSFiQu-Carro-colide-com-boi-e-fica-com-a-frente-destruida-moradores-relatam-perigo-1149x768-1.webp 1149w, https:\/\/uploads.acordacidade.com.br\/2025\/06\/K5RSFiQu-Carro-colide-com-boi-e-fica-com-a-frente-destruida-moradores-relatam-perigo--827x553.webp 827w, https:\/\/uploads.acordacidade.com.br\/2025\/06\/K5RSFiQu-Carro-colide-com-boi-e-fica-com-a-frente-destruida-moradores-relatam-perigo--150x100.webp 150w, https:\/\/uploads.acordacidade.com.br\/2025\/06\/K5RSFiQu-Carro-colide-com-boi-e-fica-com-a-frente-destruida-moradores-relatam-perigo-.webp 1200w\"><figcaption class=\"wp-element-caption\">Foto: Acorda Cidade<\/figcaption><\/figure>\n<p>Ainda na noite de ontem, o secret\u00e1rio de Servi\u00e7os P\u00fablicos, Justiniano Fran\u00e7a, esteve no local para remover o animal, mas n\u00e3o restava nem o cheiro do boi.<\/p>\n<p>Segundo o relato do pai, havia mais de um animal solto na pista. \u201cForam v\u00e1rios. Atropelou dois. Um ainda saiu do local, o outro morreu no local. Ele ficou tirando de um e de outro e n\u00e3o teve jeito. A\u00ed pegou um de cheio. Foi r\u00e1pido\u201d.<\/p>\n<p>Enquanto aguardavam a chegada da per\u00edcia e da seguradora, o que se viu foi a agilidade dos moradores da regi\u00e3o que come\u00e7aram a recortar o animal. <strong>\u201cN\u00e3o sei de onde saiu tanta gente. Na mesma hora, parecia que tinha mais de 100 pessoas. J\u00e1 chegaram com fac\u00e3o, outro com faca, com lona. Foi um neg\u00f3cio assim, incr\u00edvel\u201d, confirmou Helo\u00edsio.<\/strong><\/p>\n<p>A movimenta\u00e7\u00e3o era tanta que, mesmo com o apelo para esperar a libera\u00e7\u00e3o oficial, parte da popula\u00e7\u00e3o insistiu em garantir sua por\u00e7\u00e3o da carne.<\/p>\n<p>\u201cQuando falaram que estava liberado, pareciam urubu na sardinha. Montou aquele tumulto todo. Foram at\u00e9 brigar pra dividir o boi\u201d, completou.<\/p>\n<p>Para a professora Vera Barbosa, moradora do bairro, a cena n\u00e3o foi surpresa. Ela afirma que a presen\u00e7a de animais e buracos na via \u00e9 frequente. \u201cToda hora que eu passo ali, que eu moro ali perto, tem um buraco enorme, al\u00e9m do buraco, tem quatro, cinco boi. O povo est\u00e1 certo de comer mesmo a carne\u201d, declarou uma ouvinte durante o Programa Acorda Cidade.<\/p>\n<figure class=\"wp-block-image size-large\"><img data-dominant-color=\"403533\" data-has-transparency=\"false\" style=\"--dominant-color: #403533;\" decoding=\"async\" width=\"1024\" height=\"768\" sizes=\"(max-width: 1024px) 100vw, 1024px\" src=\"http:\/\/noticiasbahia360.com.br\/wp-content\/uploads\/2025\/06\/pvJalI7O-Carro-colide-com-boi-e-fica-com-a-frente-destruida-moradores-relatam-perigo-1-1024x768-2.webp\" alt=\"Carro colide com boi e fica com a frente destru\u00edda; moradores relatam perigo 1\" class=\"wp-image-562813 not-transparent\" srcset=\"https:\/\/uploads.acordacidade.com.br\/2025\/06\/pvJalI7O-Carro-colide-com-boi-e-fica-com-a-frente-destruida-moradores-relatam-perigo-1-487x365.webp 487w, http:\/\/noticiasbahia360.com.br\/wp-content\/uploads\/2025\/06\/pvJalI7O-Carro-colide-com-boi-e-fica-com-a-frente-destruida-moradores-relatam-perigo-1-1024x768-2.webp 1024w, https:\/\/uploads.acordacidade.com.br\/2025\/06\/pvJalI7O-Carro-colide-com-boi-e-fica-com-a-frente-destruida-moradores-relatam-perigo-1-737x553.webp 737w, https:\/\/uploads.acordacidade.com.br\/2025\/06\/pvJalI7O-Carro-colide-com-boi-e-fica-com-a-frente-destruida-moradores-relatam-perigo-1-150x113.webp 150w, https:\/\/uploads.acordacidade.com.br\/2025\/06\/pvJalI7O-Carro-colide-com-boi-e-fica-com-a-frente-destruida-moradores-relatam-perigo-1.webp 1200w\"><figcaption class=\"wp-element-caption\">Foto: Acorda Cidade <\/figcaption><\/figure>\n<p>Justiniano Fran\u00e7a tamb\u00e9m informou ao Acorda Cidade que quando a SMT chegou para conferir a ocorr\u00eancia, acionou a Sesp para recolher o boi, mas quando a equipe chegou, j\u00e1 n\u00e3o havia animal a ser recolhido. Foi quest\u00e3o de 30 minutos ap\u00f3s a solicita\u00e7\u00e3o.<\/p>\n<p>\u201cEsse movimento foi que fez o corte do animal e n\u00e3o sei qual foi o destino dado, mas a equipe foi. N\u00e3o conseguimos mais fazer o recolhimento desse animal vitima desse acidente\u201d, explicou o secret\u00e1rio, que admitiu ainda que, diante da aglomera\u00e7\u00e3o, mesmo que tivessem chegado a tempo, a retirada do boi n\u00e3o seria tarefa f\u00e1cil. \u201cFoi muito r\u00e1pida a a\u00e7\u00e3o da popula\u00e7\u00e3o. Apareceu muita gente mesmo.\u201d<\/p>\n<p>O problema de animais soltos em vias p\u00fablicas de Feira de Santana n\u00e3o \u00e9 novo. Para o secret\u00e1rio, os donos muitas vezes soltam o gado \u00e0 noite para se alimentar em \u00e1reas com vegeta\u00e7\u00e3o mais abundante. No entanto, ele reconhece os riscos. \u201cOs propriet\u00e1rios deveriam ter bom senso. N\u00e3o t\u00eam consci\u00eancia de que \u00e9 um perigo. J\u00e1 causou acidentes em outros locais da cidade, principalmente nos distritos\u201d.<\/p>\n<p>A prefeitura deve abrir di\u00e1logo com a Secretaria de Sa\u00fade, por conta do Centro de Controle de Zoonoses, para discutir a\u00e7\u00f5es de fiscaliza\u00e7\u00e3o mais eficazes na regi\u00e3o. Enquanto isso, moradores seguem alertas, tanto com o tr\u00e2nsito, quanto com o que pode surgir no meio da pista.<\/p>\n<p>O dono dos animais n\u00e3o foi localizado. <\/p>\n<p><strong>Leia tamb\u00e9m: <a href=\"https:\/\/www.acordacidade.com.br\/feira-de-santana\/carro-colide-com-boi-e-fica-com-a-frente-destruida-moradores-relatam-perigo\/\" target=\"_blank\" rel=\"noreferrer noopener\">Carro colide com boi e fica com a frente destru\u00edda; moradores relatam perigo<\/a><\/strong><\/p>\n<p><em>Siga o Acorda Cidade no<\/em><a href=\"https:\/\/news.google.com\/search?q=acorda%20cidade&amp;hl=pt-BR&amp;gl=BR&amp;ceid=BR%3Apt-419\"><strong><em>\u00a0Google Not\u00edcias<\/em><\/strong><\/a><em>\u00a0e receba os principais destaques do dia. Participe tamb\u00e9m dos nossos canais no\u00a0<\/em><a href=\"https:\/\/www.whatsapp.com\/channel\/0029Va6Rb4v3WHTNnsh8WI3N\"><strong><em>WhatsApp<\/em><\/strong><\/a><em>\u00a0e\u00a0<\/em><a href=\"https:\/\/www.youtube.com\/@acordacidadenoticias\/videos\"><strong>Youtube<\/strong><\/a><em>\u00a0e grupo de\u00a0<\/em><a href=\"https:\/\/t.me\/+sSz0khrgARA0ZmRh\"><strong><em>Telegram<\/em><\/strong><\/a><em>.<\/em><\/p>\n<\/div>\n","protected":false},"excerpt":{"rendered":"<div>\n<div>\n<figure><img decoding=\"async\" src=\"https:\/\/uploads.acordacidade.com.br\/2025\/06\/Carro-colide-com-boi-e-fica-com-a-frente-destruida-moradores-relatam-perigo-2.jpg\" alt=\"Carro colide com boi e fica com a frente destru\u00edda; moradores relatam perigo\"><figcaption>Foto: Acorda Cidade <\/figcaption><\/figure>\n<\/div>\n<p>O secret\u00e1rio de Servi\u00e7os P\u00fablicos, Justiniano Fran\u00e7a, esteve no local para remover o animal, mas n\u00e3o restava nem o cheiro do boi.<\/p><\/div>\n","protected":false},"author":1,"featured_media":88975,"comment_status":"closed","ping_status":"closed","sticky":false,"template":"","format":"gallery","meta":{"footnotes":""},"categories":[8,9,6,57,56,10],"tags":[],"class_list":["post-88974","post","type-post","status-publish","format-gallery","has-post-thumbnail","hentry","category-bahia","category-brasil","category-feira-de-santana","category-mundo","category-policia","category-politica","post_format-post-format-gallery"],"featured_image_urls":{"full":["https:\/\/noticiasbahia360.com.br\/wp-content\/uploads\/2025\/06\/Carro-colide-com-boi-e-fica-com-a-frente-destruida-moradores-relatam-perigo-2.jpg",1200,900,false],"thumbnail":["https:\/\/noticiasbahia360.com.br\/wp-content\/uploads\/2025\/06\/Carro-colide-com-boi-e-fica-com-a-frente-destruida-moradores-relatam-perigo-2-150x150.jpg",150,150,true],"medium":["https:\/\/noticiasbahia360.com.br\/wp-content\/uploads\/2025\/06\/Carro-colide-com-boi-e-fica-com-a-frente-destruida-moradores-relatam-perigo-2-300x225.jpg",300,225,true],"medium_large":["https:\/\/noticiasbahia360.com.br\/wp-content\/uploads\/2025\/06\/Carro-colide-com-boi-e-fica-com-a-frente-destruida-moradores-relatam-perigo-2-768x576.jpg",640,480,true],"large":["https:\/\/noticiasbahia360.com.br\/wp-content\/uploads\/2025\/06\/Carro-colide-com-boi-e-fica-com-a-frente-destruida-moradores-relatam-perigo-2-1024x768.jpg",640,480,true],"1536x1536":["https:\/\/noticiasbahia360.com.br\/wp-content\/uploads\/2025\/06\/Carro-colide-com-boi-e-fica-com-a-frente-destruida-moradores-relatam-perigo-2.jpg",1200,900,false],"2048x2048":["https:\/\/noticiasbahia360.com.br\/wp-content\/uploads\/2025\/06\/Carro-colide-com-boi-e-fica-com-a-frente-destruida-moradores-relatam-perigo-2.jpg",1200,900,false],"chromenews-featured":["https:\/\/noticiasbahia360.com.br\/wp-content\/uploads\/2025\/06\/Carro-colide-com-boi-e-fica-com-a-frente-destruida-moradores-relatam-perigo-2-1024x768.jpg",1024,768,true],"chromenews-large":["https:\/\/noticiasbahia360.com.br\/wp-content\/uploads\/2025\/06\/Carro-colide-com-boi-e-fica-com-a-frente-destruida-moradores-relatam-perigo-2-825x575.jpg",825,575,true],"chromenews-medium":["https:\/\/noticiasbahia360.com.br\/wp-content\/uploads\/2025\/06\/Carro-colide-com-boi-e-fica-com-a-frente-destruida-moradores-relatam-perigo-2-590x410.jpg",590,410,true]},"author_info":{"display_name":"noticiasbahia360.com.br","author_link":"https:\/\/noticiasbahia360.com.br\/?author=1"},"category_info":"<a href=\"https:\/\/noticiasbahia360.com.br\/?cat=8\" rel=\"category\">Bahia<\/a> <a href=\"https:\/\/noticiasbahia360.com.br\/?cat=9\" rel=\"category\">Brasil<\/a> <a href=\"https:\/\/noticiasbahia360.com.br\/?cat=6\" rel=\"category\">Feira de Santana<\/a> <a href=\"https:\/\/noticiasbahia360.com.br\/?cat=57\" rel=\"category\">Mundo<\/a> <a href=\"https:\/\/noticiasbahia360.com.br\/?cat=56\" rel=\"category\">Pol\u00edcia<\/a> <a href=\"https:\/\/noticiasbahia360.com.br\/?cat=10\" rel=\"category\">Pol\u00edtica<\/a>","tag_info":"Pol\u00edtica","comment_count":"0","_links":{"self":[{"href":"https:\/\/noticiasbahia360.com.br\/index.php?rest_route=\/wp\/v2\/posts\/88974","targetHints":{"allow":["GET"]}}],"collection":[{"href":"https:\/\/noticiasbahia360.com.br\/index.php?rest_route=\/wp\/v2\/posts"}],"about":[{"href":"https:\/\/noticiasbahia360.com.br\/index.php?rest_route=\/wp\/v2\/types\/post"}],"author":[{"embeddable":true,"href":"https:\/\/noticiasbahia360.com.br\/index.php?rest_route=\/wp\/v2\/users\/1"}],"replies":[{"embeddable":true,"href":"https:\/\/noticiasbahia360.com.br\/index.php?rest_route=%2Fwp%2Fv2%2Fcomments&post=88974"}],"version-history":[{"count":0,"href":"https:\/\/noticiasbahia360.com.br\/index.php?rest_route=\/wp\/v2\/posts\/88974\/revisions"}],"wp:featuredmedia":[{"embeddable":true,"href":"https:\/\/noticiasbahia360.com.br\/index.php?rest_route=\/wp\/v2\/media\/88975"}],"wp:attachment":[{"href":"https:\/\/noticiasbahia360.com.br\/index.php?rest_route=%2Fwp%2Fv2%2Fmedia&parent=88974"}],"wp:term":[{"taxonomy":"category","embeddable":true,"href":"https:\/\/noticiasbahia360.com.br\/index.php?rest_route=%2Fwp%2Fv2%2Fcategories&post=88974"},{"taxonomy":"post_tag","embeddable":true,"href":"https:\/\/noticiasbahia360.com.br\/index.php?rest_route=%2Fwp%2Fv2%2Ftags&post=88974"}],"curies":[{"name":"wp","href":"https:\/\/api.w.org\/{rel}","templated":true}]}}