{"id":88993,"date":"2025-06-06T12:27:46","date_gmt":"2025-06-06T15:27:46","guid":{"rendered":"https:\/\/noticiasbahia360.com.br\/?p=88993"},"modified":"2025-06-06T12:27:46","modified_gmt":"2025-06-06T15:27:46","slug":"oscar-folia-premia-acorda-cidade-com-melhor-divulgacao-e-instagram-da-micareta-de-feira","status":"publish","type":"post","link":"https:\/\/noticiasbahia360.com.br\/?p=88993","title":{"rendered":"Oscar Folia premia Acorda Cidade com Melhor Divulga\u00e7\u00e3o e Instagram da Micareta de Feira"},"content":{"rendered":"<div>\n<div>\n<figure><img decoding=\"async\" src=\"http:\/\/noticiasbahia360.com.br\/wp-content\/uploads\/2025\/06\/gabriel-goncalves-andrea-trindade-sergio-di-salles-trofeu-oscar-marques-folia-2025-foto-kaio-vinicios-acorda-cidade-01-1.jpg\" alt=\"Trof\u00e9u Oscar Folia\"><figcaption>Foto: Kaio Vin\u00edcius\/Acorda Cidade | Gabriel Gon\u00e7alves, editor-executivo do portal Acorda Cidade; Andrea Trindade, editora-chefe do Portal Acorda Cidade e S\u00e9rgio Di Salles, rep\u00f3rter especial do Acorda Cidade<\/figcaption><\/figure>\n<\/div>\n<div class=\"wp-block-group\">\n<div class=\"wp-block-group__inner-container is-layout-constrained wp-block-group-is-layout-constrained\">\n<div class=\"wp-block-group\">\n<div class=\"wp-block-group__inner-container is-layout-constrained wp-block-group-is-layout-constrained\">\n<p>A noite de quinta-feira, 5 de maio, entrou para a hist\u00f3ria como mais um dia de celebra\u00e7\u00e3o com a realiza\u00e7\u00e3o da <strong>20\u00aa edi\u00e7\u00e3o do Trof\u00e9u Oscar Marques Folia<\/strong>, realizada pela Revista Alternativa. A premia\u00e7\u00e3o consagrou os destaques da Micareta de Feira de Santana em 2025.<\/p>\n<figure class=\"wp-block-image size-full\"><img fetchpriority=\"high\" data-dominant-color=\"5f4d5d\" data-has-transparency=\"false\" style=\"--dominant-color: #5f4d5d;\" fetchpriority=\"high\" decoding=\"async\" width=\"1200\" height=\"675\" sizes=\"(max-width: 1200px) 100vw, 1200px\" src=\"http:\/\/noticiasbahia360.com.br\/wp-content\/uploads\/2025\/06\/iEsNGM9v-trofeuoscarfolia_kaiovinicius_acordacidade-4-1.webp\" alt=\"Trof\u00e9u Oscar Folia\" class=\"wp-image-562981 not-transparent\" srcset=\"https:\/\/uploads.acordacidade.com.br\/2025\/06\/iEsNGM9v-trofeuoscarfolia_kaiovinicius_acordacidade-4-648x365.webp 648w, https:\/\/uploads.acordacidade.com.br\/2025\/06\/iEsNGM9v-trofeuoscarfolia_kaiovinicius_acordacidade-4-150x84.webp 150w, http:\/\/noticiasbahia360.com.br\/wp-content\/uploads\/2025\/06\/iEsNGM9v-trofeuoscarfolia_kaiovinicius_acordacidade-4-1.webp 1200w\"><figcaption class=\"wp-element-caption\">Foto: Kaio Vin\u00edcius\/Acorda Cidade<\/figcaption><\/figure>\n<p><strong>O Acorda Cidade foi vencedor em duas categorias: Melhor Divulga\u00e7\u00e3o em Site\/Blogs e Melhor Cobertura e Divulga\u00e7\u00e3o no Instagram.<\/strong><\/p>\n<figure class=\"wp-block-image size-full\"><img data-dominant-color=\"3b4684\" data-has-transparency=\"false\" style=\"--dominant-color: #3b4684;\" decoding=\"async\" width=\"1200\" height=\"675\" sizes=\"(max-width: 1200px) 100vw, 1200px\" src=\"http:\/\/noticiasbahia360.com.br\/wp-content\/uploads\/2025\/06\/PgyDOuMb-trofeuoscarfolia_kaiovinicius_acordacidade-7-1.webp\" alt=\"Trof\u00e9u Oscar Folia\" class=\"wp-image-562978 not-transparent\" srcset=\"https:\/\/uploads.acordacidade.com.br\/2025\/06\/PgyDOuMb-trofeuoscarfolia_kaiovinicius_acordacidade-7-648x365.webp 648w, https:\/\/uploads.acordacidade.com.br\/2025\/06\/PgyDOuMb-trofeuoscarfolia_kaiovinicius_acordacidade-7-150x84.webp 150w, http:\/\/noticiasbahia360.com.br\/wp-content\/uploads\/2025\/06\/PgyDOuMb-trofeuoscarfolia_kaiovinicius_acordacidade-7-1.webp 1200w\"><figcaption class=\"wp-element-caption\">Foto: Kaio Vin\u00edcius\/Acorda Cidade | Gabriel Gon\u00e7alves, editor-executivo do portal Acorda Cidade; Andrea Trindade, editora-chefe do Portal Acorda Cidade e S\u00e9rgio Di Salles, rep\u00f3rter especial do Acorda Cidade<\/figcaption><\/figure>\n<p>A abertura do evento foi marcada pela anima\u00e7\u00e3o do bloco de Luciano Melo, formado por alunas e uma fanfarra, que agitou os presentes. Em seguida, a artista C\u00e9lia Zain fez uma apresenta\u00e7\u00e3o musical, que combinou diversos ritmos.<\/p>\n<figure class=\"wp-block-image size-full\"><img data-dominant-color=\"664445\" data-has-transparency=\"false\" style=\"--dominant-color: #664445;\" decoding=\"async\" width=\"1200\" height=\"675\" sizes=\"(max-width: 1200px) 100vw, 1200px\" src=\"http:\/\/noticiasbahia360.com.br\/wp-content\/uploads\/2025\/06\/QjnB6eV2-trofeuoscarfolia_kaiovinicius_acordacidade-5-1.webp\" alt=\"Trof\u00e9u Oscar Folia\" class=\"wp-image-562980 not-transparent\" srcset=\"https:\/\/uploads.acordacidade.com.br\/2025\/06\/QjnB6eV2-trofeuoscarfolia_kaiovinicius_acordacidade-5-648x365.webp 648w, https:\/\/uploads.acordacidade.com.br\/2025\/06\/QjnB6eV2-trofeuoscarfolia_kaiovinicius_acordacidade-5-150x84.webp 150w, http:\/\/noticiasbahia360.com.br\/wp-content\/uploads\/2025\/06\/QjnB6eV2-trofeuoscarfolia_kaiovinicius_acordacidade-5-1.webp 1200w\"><figcaption class=\"wp-element-caption\">Foto: Kaio Vin\u00edcius\/Acorda Cidade<\/figcaption><\/figure>\n<p>A entrega dos trof\u00e9us ocorreu no Teatro do Centro de Cultura Am\u00e9lio Amorim, e contou com a presen\u00e7a de diversos artistas, autoridades pol\u00edticas, jornalistas e fazedores de cultura. Ao todo, foram distribu\u00eddas premia\u00e7\u00f5es em 23 categorias.<\/p>\n<figure class=\"wp-block-image size-full\"><img data-dominant-color=\"4d474e\" data-has-transparency=\"false\" style=\"--dominant-color: #4d474e;\" decoding=\"async\" width=\"1200\" height=\"675\" sizes=\"(max-width: 1200px) 100vw, 1200px\" src=\"http:\/\/noticiasbahia360.com.br\/wp-content\/uploads\/2025\/06\/nQSZCnua-trofeuoscarfolia_kaiovinicius_acordacidade-1-1.webp\" alt=\"Trof\u00e9u Oscar Folia\" class=\"wp-image-562984 not-transparent\" srcset=\"https:\/\/uploads.acordacidade.com.br\/2025\/06\/nQSZCnua-trofeuoscarfolia_kaiovinicius_acordacidade-1-648x365.webp 648w, https:\/\/uploads.acordacidade.com.br\/2025\/06\/nQSZCnua-trofeuoscarfolia_kaiovinicius_acordacidade-1-150x84.webp 150w, http:\/\/noticiasbahia360.com.br\/wp-content\/uploads\/2025\/06\/nQSZCnua-trofeuoscarfolia_kaiovinicius_acordacidade-1-1.webp 1200w\"><figcaption class=\"wp-element-caption\">Foto: Kaio Vin\u00edcius\/Acorda Cidade<\/figcaption><\/figure>\n<p>Os trof\u00e9us foram entregues pelos idealizadores do concurso, o casal Girlanio e Raquel Guirra.<\/p>\n<figure class=\"wp-block-image size-full\"><img loading=\"lazy\" data-dominant-color=\"4d3f51\" data-has-transparency=\"false\" style=\"--dominant-color: #4d3f51;\" decoding=\"async\" width=\"1200\" height=\"675\" sizes=\"(max-width: 1200px) 100vw, 1200px\" src=\"http:\/\/noticiasbahia360.com.br\/wp-content\/uploads\/2025\/06\/9uD46CYE-trofeuoscarfolia_kaiovinicius_acordacidade-3-1.webp\" alt=\"Trof\u00e9u Oscar Folia\" class=\"wp-image-562982 not-transparent\" srcset=\"https:\/\/uploads.acordacidade.com.br\/2025\/06\/9uD46CYE-trofeuoscarfolia_kaiovinicius_acordacidade-3-648x365.webp 648w, https:\/\/uploads.acordacidade.com.br\/2025\/06\/9uD46CYE-trofeuoscarfolia_kaiovinicius_acordacidade-3-150x84.webp 150w, http:\/\/noticiasbahia360.com.br\/wp-content\/uploads\/2025\/06\/9uD46CYE-trofeuoscarfolia_kaiovinicius_acordacidade-3-1.webp 1200w\"><figcaption class=\"wp-element-caption\">Foto: Kaio Vin\u00edcius\/Acorda Cidade<\/figcaption><\/figure>\n<p>Neste ano, o trof\u00e9u contou com uma homenagem especial para o artista pl\u00e1stico feirense Juraci D\u00f3rea, respons\u00e1vel por assinar o design do pr\u00eamio. Al\u00e9m de refor\u00e7ar a identidade cultural existente na Princesa do Sert\u00e3o, a novidade tamb\u00e9m reverencia um dos nomes mais importantes do segmento na cidade.<\/p>\n<figure class=\"wp-block-image size-large\"><img loading=\"lazy\" data-dominant-color=\"735b58\" data-has-transparency=\"false\" style=\"--dominant-color: #735b58;\" decoding=\"async\" width=\"1024\" height=\"768\" sizes=\"(max-width: 1024px) 100vw, 1024px\" src=\"http:\/\/noticiasbahia360.com.br\/wp-content\/uploads\/2025\/06\/Anl396Wc-equipedoacordacidade_arquivopessoal-1024x768-2.webp\" alt=\"Equipe do Acorda Cidade\" class=\"wp-image-562990 not-transparent\" srcset=\"https:\/\/uploads.acordacidade.com.br\/2025\/06\/Anl396Wc-equipedoacordacidade_arquivopessoal-487x365.webp 487w, http:\/\/noticiasbahia360.com.br\/wp-content\/uploads\/2025\/06\/Anl396Wc-equipedoacordacidade_arquivopessoal-1024x768-2.webp 1024w, https:\/\/uploads.acordacidade.com.br\/2025\/06\/Anl396Wc-equipedoacordacidade_arquivopessoal-737x553.webp 737w, https:\/\/uploads.acordacidade.com.br\/2025\/06\/Anl396Wc-equipedoacordacidade_arquivopessoal-150x113.webp 150w, https:\/\/uploads.acordacidade.com.br\/2025\/06\/Anl396Wc-equipedoacordacidade_arquivopessoal.webp 1200w\"><figcaption class=\"wp-element-caption\">Foto: Arquivo Pessoal | Andrea Trindade, Gabriel Gon\u00e7alves, S\u00e9rgio Di Salles e Kaio Vin\u00edcius<\/figcaption><\/figure>\n<figure class=\"wp-block-image size-full\"><img loading=\"lazy\" data-dominant-color=\"7e6768\" data-has-transparency=\"false\" style=\"--dominant-color: #7e6768;\" decoding=\"async\" width=\"1200\" height=\"675\" sizes=\"(max-width: 1200px) 100vw, 1200px\" src=\"http:\/\/noticiasbahia360.com.br\/wp-content\/uploads\/2025\/06\/eSfwHoDH-trofeuoscarfolia_jeffersonaraujo_acordacidade-1.webp\" alt=\"Trof\u00e9u Oscar Folia\" class=\"wp-image-563001 not-transparent\" srcset=\"https:\/\/uploads.acordacidade.com.br\/2025\/06\/eSfwHoDH-trofeuoscarfolia_jeffersonaraujo_acordacidade-648x365.webp 648w, https:\/\/uploads.acordacidade.com.br\/2025\/06\/eSfwHoDH-trofeuoscarfolia_jeffersonaraujo_acordacidade-150x84.webp 150w, http:\/\/noticiasbahia360.com.br\/wp-content\/uploads\/2025\/06\/eSfwHoDH-trofeuoscarfolia_jeffersonaraujo_acordacidade-1.webp 1200w\"><figcaption class=\"wp-element-caption\">Foto: Jefferson Ara\u00fajo\/Acorda Cidade<\/figcaption><\/figure>\n<p>Em entrevista ao Acorda Cidade, Raquel Girra, diretora-executiva da Revista Alternativa, celebrou o reconhecimento recebido pelo Trof\u00e9u Oscar Folia, destinado aos destaques da Micareta de Feira de Santana.<\/p>\n<p>\u201cNos sentimos honrados porque o trof\u00e9u \u00e9 pensado e idealizado para reconhecer os grandes nomes da festa. A cada ano, conseguimos valorizar ainda mais os artistas que fazem a Micareta acontecer\u201d, afirmou.<\/p>\n<figure class=\"wp-block-image size-full\"><img loading=\"lazy\" data-dominant-color=\"284372\" data-has-transparency=\"false\" style=\"--dominant-color: #284372;\" decoding=\"async\" width=\"1200\" height=\"675\" sizes=\"(max-width: 1200px) 100vw, 1200px\" src=\"http:\/\/noticiasbahia360.com.br\/wp-content\/uploads\/2025\/06\/NbfjKJJi-trofeuoscarfolia_kaiovinicius_acordacidade-6-1.webp\" alt=\"Trof\u00e9u Oscar Folia\" class=\"wp-image-562979 not-transparent\" srcset=\"https:\/\/uploads.acordacidade.com.br\/2025\/06\/NbfjKJJi-trofeuoscarfolia_kaiovinicius_acordacidade-6-648x365.webp 648w, https:\/\/uploads.acordacidade.com.br\/2025\/06\/NbfjKJJi-trofeuoscarfolia_kaiovinicius_acordacidade-6-150x84.webp 150w, http:\/\/noticiasbahia360.com.br\/wp-content\/uploads\/2025\/06\/NbfjKJJi-trofeuoscarfolia_kaiovinicius_acordacidade-6-1.webp 1200w\"><figcaption class=\"wp-element-caption\">Foto: Kaio Vin\u00edcius\/Acorda Cidade<\/figcaption><\/figure>\n<p>Ela destacou o diferencial da premia\u00e7\u00e3o: a vota\u00e7\u00e3o \u00e9 aberta ao p\u00fablico, que escolhe os premiados. \u201cIsso faz com que nos sintamos agraciados por fomentar a cultura de Feira de Santana e enaltecer os talentos n\u00e3o apenas da cidade, mas tamb\u00e9m de outros lugares que participam do evento\u201d, disse.<\/p>\n<figure class=\"wp-block-image size-full\"><img loading=\"lazy\" data-dominant-color=\"2e335a\" data-has-transparency=\"false\" style=\"--dominant-color: #2e335a;\" decoding=\"async\" width=\"1200\" height=\"675\" sizes=\"(max-width: 1200px) 100vw, 1200px\" src=\"http:\/\/noticiasbahia360.com.br\/wp-content\/uploads\/2025\/06\/Ank6w51o-trofeuoscarfolia_kaiovinicius_acordacidade-2-1.webp\" alt=\"Trof\u00e9u Oscar Folia\" class=\"wp-image-562983 not-transparent\" srcset=\"https:\/\/uploads.acordacidade.com.br\/2025\/06\/Ank6w51o-trofeuoscarfolia_kaiovinicius_acordacidade-2-648x365.webp 648w, https:\/\/uploads.acordacidade.com.br\/2025\/06\/Ank6w51o-trofeuoscarfolia_kaiovinicius_acordacidade-2-150x84.webp 150w, http:\/\/noticiasbahia360.com.br\/wp-content\/uploads\/2025\/06\/Ank6w51o-trofeuoscarfolia_kaiovinicius_acordacidade-2-1.webp 1200w\"><figcaption class=\"wp-element-caption\">Foto: Kaio Vin\u00edcius\/Acorda Cidade<\/figcaption><\/figure>\n<p>Raquel ressaltou ainda a trajet\u00f3ria da premia\u00e7\u00e3o, que chega \u00e0 20\u00aa edi\u00e7\u00e3o este ano. \u201cS\u00e3o duas d\u00e9cadas de luta, superando desafios e inovando a cada ano. \u00c9 gratificante ver todos se sentindo honrados com essa conquista\u201d.<\/p>\n<\/div>\n<\/div>\n<\/div>\n<\/div>\n<p><em>Siga o Acorda Cidade no<\/em><a href=\"https:\/\/news.google.com\/search?q=acorda%20cidade&amp;hl=pt-BR&amp;gl=BR&amp;ceid=BR%3Apt-419\"><strong><em>\u00a0Google Not\u00edcias<\/em><\/strong><\/a><em>\u00a0e receba os principais destaques do dia. Participe tamb\u00e9m dos nossos canais no\u00a0<\/em><a href=\"https:\/\/www.whatsapp.com\/channel\/0029Va6Rb4v3WHTNnsh8WI3N\"><strong><em>WhatsApp<\/em><\/strong><\/a><em>\u00a0e\u00a0<\/em><a href=\"https:\/\/www.youtube.com\/@acordacidadenoticias\/videos\"><strong>YouTube<\/strong><\/a><em>\u00a0e grupo de\u00a0<\/em><a href=\"https:\/\/t.me\/+sSz0khrgARA0ZmRh\"><strong><em>Telegram<\/em><\/strong><\/a><\/p>\n<\/div>\n","protected":false},"excerpt":{"rendered":"<div>\n<div>\n<figure><img decoding=\"async\" src=\"https:\/\/uploads.acordacidade.com.br\/2025\/06\/gabriel-goncalves-andrea-trindade-sergio-di-salles-trofeu-oscar-marques-folia-2025-foto-kaio-vinicios-acorda-cidade-01.jpg\" alt=\"Trof\u00e9u Oscar Folia\"><figcaption>Foto: Kaio Vin\u00edcius\/Acorda Cidade | Gabriel Gon\u00e7alves, editor-executivo do portal Acorda Cidade; Andrea Trindade, editora-chefe do Portal Acorda Cidade e S\u00e9rgio Di Salles, rep\u00f3rter especial do Acorda Cidade<\/figcaption><\/figure>\n<\/div>\n<p>O ve\u00edculo liderado pelo radialista Dilton Coutinho venceu como Melhor Divulga\u00e7\u00e3o em Site\/Blogs e Melhor Cobertura e Divulga\u00e7\u00e3o no Instagram.<\/p><\/div>\n","protected":false},"author":1,"featured_media":88994,"comment_status":"closed","ping_status":"closed","sticky":false,"template":"","format":"gallery","meta":{"footnotes":""},"categories":[8,9,6,57,56,10],"tags":[],"class_list":["post-88993","post","type-post","status-publish","format-gallery","has-post-thumbnail","hentry","category-bahia","category-brasil","category-feira-de-santana","category-mundo","category-policia","category-politica","post_format-post-format-gallery"],"featured_image_urls":{"full":["https:\/\/noticiasbahia360.com.br\/wp-content\/uploads\/2025\/06\/gabriel-goncalves-andrea-trindade-sergio-di-salles-trofeu-oscar-marques-folia-2025-foto-kaio-vinicios-acorda-cidade-01-1.jpg",1200,675,false],"thumbnail":["https:\/\/noticiasbahia360.com.br\/wp-content\/uploads\/2025\/06\/gabriel-goncalves-andrea-trindade-sergio-di-salles-trofeu-oscar-marques-folia-2025-foto-kaio-vinicios-acorda-cidade-01-1-150x150.jpg",150,150,true],"medium":["https:\/\/noticiasbahia360.com.br\/wp-content\/uploads\/2025\/06\/gabriel-goncalves-andrea-trindade-sergio-di-salles-trofeu-oscar-marques-folia-2025-foto-kaio-vinicios-acorda-cidade-01-1-300x169.jpg",300,169,true],"medium_large":["https:\/\/noticiasbahia360.com.br\/wp-content\/uploads\/2025\/06\/gabriel-goncalves-andrea-trindade-sergio-di-salles-trofeu-oscar-marques-folia-2025-foto-kaio-vinicios-acorda-cidade-01-1-768x432.jpg",640,360,true],"large":["https:\/\/noticiasbahia360.com.br\/wp-content\/uploads\/2025\/06\/gabriel-goncalves-andrea-trindade-sergio-di-salles-trofeu-oscar-marques-folia-2025-foto-kaio-vinicios-acorda-cidade-01-1-1024x576.jpg",640,360,true],"1536x1536":["https:\/\/noticiasbahia360.com.br\/wp-content\/uploads\/2025\/06\/gabriel-goncalves-andrea-trindade-sergio-di-salles-trofeu-oscar-marques-folia-2025-foto-kaio-vinicios-acorda-cidade-01-1.jpg",1200,675,false],"2048x2048":["https:\/\/noticiasbahia360.com.br\/wp-content\/uploads\/2025\/06\/gabriel-goncalves-andrea-trindade-sergio-di-salles-trofeu-oscar-marques-folia-2025-foto-kaio-vinicios-acorda-cidade-01-1.jpg",1200,675,false],"chromenews-featured":["https:\/\/noticiasbahia360.com.br\/wp-content\/uploads\/2025\/06\/gabriel-goncalves-andrea-trindade-sergio-di-salles-trofeu-oscar-marques-folia-2025-foto-kaio-vinicios-acorda-cidade-01-1-1024x576.jpg",1024,576,true],"chromenews-large":["https:\/\/noticiasbahia360.com.br\/wp-content\/uploads\/2025\/06\/gabriel-goncalves-andrea-trindade-sergio-di-salles-trofeu-oscar-marques-folia-2025-foto-kaio-vinicios-acorda-cidade-01-1-825x575.jpg",825,575,true],"chromenews-medium":["https:\/\/noticiasbahia360.com.br\/wp-content\/uploads\/2025\/06\/gabriel-goncalves-andrea-trindade-sergio-di-salles-trofeu-oscar-marques-folia-2025-foto-kaio-vinicios-acorda-cidade-01-1-590x410.jpg",590,410,true]},"author_info":{"display_name":"noticiasbahia360.com.br","author_link":"https:\/\/noticiasbahia360.com.br\/?author=1"},"category_info":"<a href=\"https:\/\/noticiasbahia360.com.br\/?cat=8\" rel=\"category\">Bahia<\/a> <a href=\"https:\/\/noticiasbahia360.com.br\/?cat=9\" rel=\"category\">Brasil<\/a> <a href=\"https:\/\/noticiasbahia360.com.br\/?cat=6\" rel=\"category\">Feira de Santana<\/a> <a href=\"https:\/\/noticiasbahia360.com.br\/?cat=57\" rel=\"category\">Mundo<\/a> <a href=\"https:\/\/noticiasbahia360.com.br\/?cat=56\" rel=\"category\">Pol\u00edcia<\/a> <a href=\"https:\/\/noticiasbahia360.com.br\/?cat=10\" rel=\"category\">Pol\u00edtica<\/a>","tag_info":"Pol\u00edtica","comment_count":"0","_links":{"self":[{"href":"https:\/\/noticiasbahia360.com.br\/index.php?rest_route=\/wp\/v2\/posts\/88993","targetHints":{"allow":["GET"]}}],"collection":[{"href":"https:\/\/noticiasbahia360.com.br\/index.php?rest_route=\/wp\/v2\/posts"}],"about":[{"href":"https:\/\/noticiasbahia360.com.br\/index.php?rest_route=\/wp\/v2\/types\/post"}],"author":[{"embeddable":true,"href":"https:\/\/noticiasbahia360.com.br\/index.php?rest_route=\/wp\/v2\/users\/1"}],"replies":[{"embeddable":true,"href":"https:\/\/noticiasbahia360.com.br\/index.php?rest_route=%2Fwp%2Fv2%2Fcomments&post=88993"}],"version-history":[{"count":0,"href":"https:\/\/noticiasbahia360.com.br\/index.php?rest_route=\/wp\/v2\/posts\/88993\/revisions"}],"wp:featuredmedia":[{"embeddable":true,"href":"https:\/\/noticiasbahia360.com.br\/index.php?rest_route=\/wp\/v2\/media\/88994"}],"wp:attachment":[{"href":"https:\/\/noticiasbahia360.com.br\/index.php?rest_route=%2Fwp%2Fv2%2Fmedia&parent=88993"}],"wp:term":[{"taxonomy":"category","embeddable":true,"href":"https:\/\/noticiasbahia360.com.br\/index.php?rest_route=%2Fwp%2Fv2%2Fcategories&post=88993"},{"taxonomy":"post_tag","embeddable":true,"href":"https:\/\/noticiasbahia360.com.br\/index.php?rest_route=%2Fwp%2Fv2%2Ftags&post=88993"}],"curies":[{"name":"wp","href":"https:\/\/api.w.org\/{rel}","templated":true}]}}