{"id":89004,"date":"2025-06-06T12:28:19","date_gmt":"2025-06-06T15:28:19","guid":{"rendered":"https:\/\/noticiasbahia360.com.br\/?p=89004"},"modified":"2025-06-06T12:28:19","modified_gmt":"2025-06-06T15:28:19","slug":"helicoptero-da-record-e-atingido-por-mais-de-200-tiros-veja-video","status":"publish","type":"post","link":"https:\/\/noticiasbahia360.com.br\/?p=89004","title":{"rendered":"Helic\u00f3ptero da Record \u00e9 atingido por mais de 200 tiros; veja v\u00eddeo"},"content":{"rendered":"<div>\n<div>\n<figure><img decoding=\"async\" src=\"http:\/\/noticiasbahia360.com.br\/wp-content\/uploads\/2025\/06\/helicoptero-da-tv-record-200-tiros-foto-reproducao-bahia-noticias.png\" alt=\"\"><figcaption>Foto: Reprodu\u00e7\u00e3o \/ Bahia Not\u00edcias<\/figcaption><\/figure>\n<\/div>\n<p>Um helic\u00f3ptero da Tv Record foi alvo de mais de 200 tiros na quarta-feira (4), enquanto sobrevoava a regi\u00e3o de Cordovil, Parada de Lucas e Cidade Alta, na zona norte do Rio de Janeiro.<\/p>\n<p>De acordo com a emissora, os tiros partiram de criminosos que atuam na regi\u00e3o e teriam como objetivo derrubar o helic\u00f3ptero, que estava com dois profissionais a bordo no momento do ataque.<\/p>\n<p>A situa\u00e7\u00e3o foi exibida pela emissora na quinta-feira (5). De acordo com Tino Junior, apresentador do Balan\u00e7o Geral RJ, os profissionais conseguiram se manter calmos at\u00e9 o pouso em seguran\u00e7a.<\/p>\n<p>\u201cBandidos atiraram ontem para derrubar o helic\u00f3ptero da Record Rio. Bandidos trabalharam ontem para calar a imprensa. Bandidos foram covardes e atiraram em trabalhadores desarmados. Por pouco essa bala n\u00e3o pegou no motor do helic\u00f3ptero. Esse helic\u00f3ptero iria cair, dois profissionais iriam morrer, provavelmente muitas pessoas morreriam tamb\u00e9m\u201d, afirmou.<\/p>\n<h2 class=\"wp-block-heading\" id=\"h-veja-o-video\">Veja o v\u00eddeo<\/h2>\n<blockquote class=\"twitter-tweet\" data-media-max-width=\"560\">\n<p lang=\"pt\" dir=\"ltr\">Ataque \u00e0 imprensa: Bandidos atiraram no helic\u00f3ptero da Record Rio<\/p>\n<p>Confira: <a href=\"https:\/\/t.co\/PMT4EMA2yL\">https:\/\/t.co\/PMT4EMA2yL<\/a><a href=\"https:\/\/twitter.com\/hashtag\/RecordRio?src=hash&amp;ref_src=twsrc%5Etfw\">#RecordRio<\/a> <a href=\"https:\/\/twitter.com\/hashtag\/Balan%C3%A7oGeralRJ?src=hash&amp;ref_src=twsrc%5Etfw\">#Balan\u00e7oGeralRJ<\/a> <a href=\"https:\/\/twitter.com\/hashtag\/Not%C3%ADciasRJ?src=hash&amp;ref_src=twsrc%5Etfw\">#Not\u00edciasRJ<\/a> <a href=\"https:\/\/t.co\/WPu7DdeJr1\">pic.twitter.com\/WPu7DdeJr1<\/a><\/p>\n<p>\u2014 Record Rio (@record_rio) <a href=\"https:\/\/twitter.com\/record_rio\/status\/1930685000225063152?ref_src=twsrc%5Etfw\">June 5, 2025<\/a><\/p><\/blockquote>\n<p> <script async src=\"https:\/\/platform.twitter.com\/widgets.js\" charset=\"utf-8\"><\/script><\/p>\n<p>Por meio de nota, a emissora se pronunciou sobre o ocorrido.<\/p>\n<p>\u201cA RECORD RIO repudia veementemente qualquer ato de viol\u00eancia contra profissionais de imprensa e refor\u00e7a seu compromisso com a seguran\u00e7a de sua equipe. Al\u00e9m disso, manifesta seu total rep\u00fadio \u00e0 viol\u00eancia praticada contra jornalistas e profissionais de comunica\u00e7\u00e3o, que desempenham um papel fundamental na sociedade. A emissora continuar\u00e1 colaborando com as autoridades para apurar o ocorrido e garantir a seguran\u00e7a de todos os profissionais envolvidos.\u201d<\/p>\n<p>Fonte: <a href=\"https:\/\/www.bahianoticias.com.br\/holofote\/noticia\/79403-video-helicoptero-da-record-vira-alvo-de-bandidos-e-e-atingido-por-mais-de-200-tiros\">Bahia Not\u00edcias<\/a>, parceiro do Acorda Cidade<\/p>\n<p><em>Siga o Acorda Cidade no<\/em><a href=\"https:\/\/news.google.com\/search?q=acorda%20cidade&amp;hl=pt-BR&amp;gl=BR&amp;ceid=BR%3Apt-419\"><strong><em>\u00a0Google Not\u00edcias<\/em><\/strong><\/a><em>\u00a0e receba os principais destaques do dia. Participe tamb\u00e9m dos nossos grupos no\u00a0<\/em><a href=\"https:\/\/chat.whatsapp.com\/GmuB0n1C0zz4wBRYfRDft2\"><strong><em>WhatsApp<\/em><\/strong><\/a><em>\u00a0e\u00a0<\/em><a href=\"https:\/\/t.me\/+sSz0khrgARA0ZmRh\"><strong><em>Telegram<\/em><\/strong><\/a><\/p>\n<\/p>\n<\/div>\n","protected":false},"excerpt":{"rendered":"<div>\n<div>\n<figure><img decoding=\"async\" src=\"https:\/\/uploads.acordacidade.com.br\/2025\/06\/helicoptero-da-tv-record-200-tiros-foto-reproducao-bahia-noticias.png\" alt=\"\"><figcaption>Foto: Reprodu\u00e7\u00e3o \/ Bahia Not\u00edcias<\/figcaption><\/figure>\n<\/div>\n<p>De acordo com a emissora, os tiros partiram de criminosos que atuam na regi\u00e3o e teriam como objetivo derrubar o helic\u00f3ptero.<\/p><\/div>\n","protected":false},"author":1,"featured_media":89005,"comment_status":"closed","ping_status":"closed","sticky":false,"template":"","format":"gallery","meta":{"footnotes":""},"categories":[8,9,6,57,56,10],"tags":[],"class_list":["post-89004","post","type-post","status-publish","format-gallery","has-post-thumbnail","hentry","category-bahia","category-brasil","category-feira-de-santana","category-mundo","category-policia","category-politica","post_format-post-format-gallery"],"featured_image_urls":{"full":["https:\/\/noticiasbahia360.com.br\/wp-content\/uploads\/2025\/06\/helicoptero-da-tv-record-200-tiros-foto-reproducao-bahia-noticias.png",1200,630,false],"thumbnail":["https:\/\/noticiasbahia360.com.br\/wp-content\/uploads\/2025\/06\/helicoptero-da-tv-record-200-tiros-foto-reproducao-bahia-noticias-150x150.png",150,150,true],"medium":["https:\/\/noticiasbahia360.com.br\/wp-content\/uploads\/2025\/06\/helicoptero-da-tv-record-200-tiros-foto-reproducao-bahia-noticias-300x158.png",300,158,true],"medium_large":["https:\/\/noticiasbahia360.com.br\/wp-content\/uploads\/2025\/06\/helicoptero-da-tv-record-200-tiros-foto-reproducao-bahia-noticias-768x403.png",640,336,true],"large":["https:\/\/noticiasbahia360.com.br\/wp-content\/uploads\/2025\/06\/helicoptero-da-tv-record-200-tiros-foto-reproducao-bahia-noticias-1024x538.png",640,336,true],"1536x1536":["https:\/\/noticiasbahia360.com.br\/wp-content\/uploads\/2025\/06\/helicoptero-da-tv-record-200-tiros-foto-reproducao-bahia-noticias.png",1200,630,false],"2048x2048":["https:\/\/noticiasbahia360.com.br\/wp-content\/uploads\/2025\/06\/helicoptero-da-tv-record-200-tiros-foto-reproducao-bahia-noticias.png",1200,630,false],"chromenews-featured":["https:\/\/noticiasbahia360.com.br\/wp-content\/uploads\/2025\/06\/helicoptero-da-tv-record-200-tiros-foto-reproducao-bahia-noticias-1024x538.png",1024,538,true],"chromenews-large":["https:\/\/noticiasbahia360.com.br\/wp-content\/uploads\/2025\/06\/helicoptero-da-tv-record-200-tiros-foto-reproducao-bahia-noticias-825x575.png",825,575,true],"chromenews-medium":["https:\/\/noticiasbahia360.com.br\/wp-content\/uploads\/2025\/06\/helicoptero-da-tv-record-200-tiros-foto-reproducao-bahia-noticias-590x410.png",590,410,true]},"author_info":{"display_name":"noticiasbahia360.com.br","author_link":"https:\/\/noticiasbahia360.com.br\/?author=1"},"category_info":"<a href=\"https:\/\/noticiasbahia360.com.br\/?cat=8\" rel=\"category\">Bahia<\/a> <a href=\"https:\/\/noticiasbahia360.com.br\/?cat=9\" rel=\"category\">Brasil<\/a> <a href=\"https:\/\/noticiasbahia360.com.br\/?cat=6\" rel=\"category\">Feira de Santana<\/a> <a href=\"https:\/\/noticiasbahia360.com.br\/?cat=57\" rel=\"category\">Mundo<\/a> <a href=\"https:\/\/noticiasbahia360.com.br\/?cat=56\" rel=\"category\">Pol\u00edcia<\/a> <a href=\"https:\/\/noticiasbahia360.com.br\/?cat=10\" rel=\"category\">Pol\u00edtica<\/a>","tag_info":"Pol\u00edtica","comment_count":"0","_links":{"self":[{"href":"https:\/\/noticiasbahia360.com.br\/index.php?rest_route=\/wp\/v2\/posts\/89004","targetHints":{"allow":["GET"]}}],"collection":[{"href":"https:\/\/noticiasbahia360.com.br\/index.php?rest_route=\/wp\/v2\/posts"}],"about":[{"href":"https:\/\/noticiasbahia360.com.br\/index.php?rest_route=\/wp\/v2\/types\/post"}],"author":[{"embeddable":true,"href":"https:\/\/noticiasbahia360.com.br\/index.php?rest_route=\/wp\/v2\/users\/1"}],"replies":[{"embeddable":true,"href":"https:\/\/noticiasbahia360.com.br\/index.php?rest_route=%2Fwp%2Fv2%2Fcomments&post=89004"}],"version-history":[{"count":0,"href":"https:\/\/noticiasbahia360.com.br\/index.php?rest_route=\/wp\/v2\/posts\/89004\/revisions"}],"wp:featuredmedia":[{"embeddable":true,"href":"https:\/\/noticiasbahia360.com.br\/index.php?rest_route=\/wp\/v2\/media\/89005"}],"wp:attachment":[{"href":"https:\/\/noticiasbahia360.com.br\/index.php?rest_route=%2Fwp%2Fv2%2Fmedia&parent=89004"}],"wp:term":[{"taxonomy":"category","embeddable":true,"href":"https:\/\/noticiasbahia360.com.br\/index.php?rest_route=%2Fwp%2Fv2%2Fcategories&post=89004"},{"taxonomy":"post_tag","embeddable":true,"href":"https:\/\/noticiasbahia360.com.br\/index.php?rest_route=%2Fwp%2Fv2%2Ftags&post=89004"}],"curies":[{"name":"wp","href":"https:\/\/api.w.org\/{rel}","templated":true}]}}