{"id":89006,"date":"2025-06-06T12:37:29","date_gmt":"2025-06-06T15:37:29","guid":{"rendered":"https:\/\/noticiasbahia360.com.br\/?p=89006"},"modified":"2025-06-06T12:37:29","modified_gmt":"2025-06-06T15:37:29","slug":"forcas-policiais-da-bahia-recebem-veiculos-blindados-e-fuzis","status":"publish","type":"post","link":"https:\/\/noticiasbahia360.com.br\/?p=89006","title":{"rendered":"For\u00e7as policiais da Bahia recebem ve\u00edculos blindados e fuzis"},"content":{"rendered":"<div>\n<div>\n<figure><img decoding=\"async\" src=\"http:\/\/noticiasbahia360.com.br\/wp-content\/uploads\/2025\/06\/Forcas-policiais-2-060625.jpg\" alt=\"For\u00e7as policiais da Bahia recebem ve\u00edculos blindados e fuzis\"><figcaption>Foto: Ascom\/ SSP<\/figcaption><\/figure>\n<\/div>\n<p>Na manh\u00e3 desta sexta-feira (6), representantes das for\u00e7as policiais receberam equipamentos da Secretaria da Seguran\u00e7a P\u00fablica da <a href=\"https:\/\/www.acordacidade.com.br\/tag\/bahia\/\">Bahia<\/a>, para potencializar as a\u00e7\u00f5es em todo o estado. Ve\u00edculos t\u00e1ticos blindados, fuzis e espargidores foram entregues no Centro de Opera\u00e7\u00f5es e Intelig\u00eancia (COI), pelo vice-governador Geraldo Junior e pelo secret\u00e1rio da SSP, Marcelo Werner.<\/p>\n<figure class=\"wp-block-image size-full\"><img fetchpriority=\"high\" data-dominant-color=\"77726d\" data-has-transparency=\"false\" style=\"--dominant-color: #77726d;\" fetchpriority=\"high\" decoding=\"async\" width=\"1200\" height=\"706\" sizes=\"(max-width: 1200px) 100vw, 1200px\" src=\"http:\/\/noticiasbahia360.com.br\/wp-content\/uploads\/2025\/06\/tnAkDofX-Forcas-policiais-3-060625.webp\" alt=\"For\u00e7as policiais\" class=\"wp-image-563015 not-transparent\" srcset=\"https:\/\/uploads.acordacidade.com.br\/2025\/06\/tnAkDofX-Forcas-policiais-3-060625-620x365.webp 620w, https:\/\/uploads.acordacidade.com.br\/2025\/06\/tnAkDofX-Forcas-policiais-3-060625-940x553.webp 940w, https:\/\/uploads.acordacidade.com.br\/2025\/06\/tnAkDofX-Forcas-policiais-3-060625-150x88.webp 150w, http:\/\/noticiasbahia360.com.br\/wp-content\/uploads\/2025\/06\/tnAkDofX-Forcas-policiais-3-060625.webp 1200w\"><figcaption class=\"wp-element-caption\">Foto: Ascom\/ SSP<\/figcaption><\/figure>\n<p>Al\u00e9m de quatro ve\u00edculos t\u00e1ticos para transporte da tropa tamb\u00e9m foram entregues 650 fuzis e 23 mil espargidores. Outras sete viaturas semiblindadas v\u00e3o refor\u00e7ar as a\u00e7\u00f5es preventivas.<\/p>\n<figure class=\"wp-block-image size-full\"><img data-dominant-color=\"767188\" data-has-transparency=\"false\" style=\"--dominant-color: #767188;\" decoding=\"async\" width=\"1200\" height=\"653\" sizes=\"(max-width: 1200px) 100vw, 1200px\" src=\"http:\/\/noticiasbahia360.com.br\/wp-content\/uploads\/2025\/06\/LHDEiaQW-Forcas-policiais-9-060625.webp\" alt=\"For\u00e7as policiais da Bahia recebem ve\u00edculos blindados e fuzis\" class=\"wp-image-563020 not-transparent\" srcset=\"https:\/\/uploads.acordacidade.com.br\/2025\/06\/LHDEiaQW-Forcas-policiais-9-060625-648x353.webp 648w, https:\/\/uploads.acordacidade.com.br\/2025\/06\/LHDEiaQW-Forcas-policiais-9-060625-984x535.webp 984w, https:\/\/uploads.acordacidade.com.br\/2025\/06\/LHDEiaQW-Forcas-policiais-9-060625-150x82.webp 150w, http:\/\/noticiasbahia360.com.br\/wp-content\/uploads\/2025\/06\/LHDEiaQW-Forcas-policiais-9-060625.webp 1200w\"><figcaption class=\"wp-element-caption\">Foto: Ascom\/ SSP<\/figcaption><\/figure>\n<figure class=\"wp-block-image size-full\"><img data-dominant-color=\"919192\" data-has-transparency=\"false\" style=\"--dominant-color: #919192;\" decoding=\"async\" width=\"1200\" height=\"587\" sizes=\"(max-width: 1200px) 100vw, 1200px\" src=\"http:\/\/noticiasbahia360.com.br\/wp-content\/uploads\/2025\/06\/n5hclkDN-Forcas-policiais-060625.webp\" alt=\"For\u00e7as policiais da Bahia recebem ve\u00edculos blindados e fuzis\" class=\"wp-image-563018 not-transparent\" srcset=\"https:\/\/uploads.acordacidade.com.br\/2025\/06\/n5hclkDN-Forcas-policiais-060625-648x317.webp 648w, https:\/\/uploads.acordacidade.com.br\/2025\/06\/n5hclkDN-Forcas-policiais-060625-984x481.webp 984w, https:\/\/uploads.acordacidade.com.br\/2025\/06\/n5hclkDN-Forcas-policiais-060625-150x73.webp 150w, http:\/\/noticiasbahia360.com.br\/wp-content\/uploads\/2025\/06\/n5hclkDN-Forcas-policiais-060625.webp 1200w\"><figcaption class=\"wp-element-caption\">Foto: Ascom\/ SSP<\/figcaption><\/figure>\n<p>Cerca de R$ 16,5 milh\u00f5es foram empregados na aquisi\u00e7\u00e3o dos itens, que visam ofertar maior precis\u00e3o e preserva\u00e7\u00e3o dos agentes envolvidos nas iniciativas de combate ao crime organizado.<\/p>\n<p>\u201cEsse \u00e9 mais um grande investimento nas for\u00e7as policiais, com foco na preserva\u00e7\u00e3o dos profissionais em a\u00e7\u00f5es realizadas na capital, na Regi\u00e3o Metropolitana de Salvador (RMS) e no interior do estado\u201d, explicou o secret\u00e1rio da Seguran\u00e7a P\u00fablica, Marcelo Werner.<\/p>\n<p>O comandante-geral da PM, coronel Ant\u00f4nio Magalh\u00e3es, o delegado-geral da Pol\u00edcia Civil, Andr\u00e9 Viana, o diretor-geral do DPT, perito criminal Osvaldo Silva, entre outras autoridades participaram da solenidade.<\/p>\n<p><em>Siga o Acorda Cidade no<\/em><a href=\"https:\/\/news.google.com\/search?q=acorda%20cidade&amp;hl=pt-BR&amp;gl=BR&amp;ceid=BR%3Apt-419\"><strong><em>\u00a0Google Not\u00edcias<\/em><\/strong><\/a><em>\u00a0e receba os principais destaques do dia. Participe tamb\u00e9m dos nossos canais no\u00a0<\/em><a href=\"https:\/\/www.whatsapp.com\/channel\/0029Va6Rb4v3WHTNnsh8WI3N\"><strong><em>WhatsApp<\/em><\/strong><\/a><em>\u00a0e\u00a0<\/em><a href=\"https:\/\/www.youtube.com\/@acordacidadenoticias\/videos\"><strong>Youtube<\/strong><\/a><em>\u00a0e grupo de\u00a0<\/em><a href=\"https:\/\/t.me\/+sSz0khrgARA0ZmRh\"><strong><em>Telegram<\/em><\/strong><\/a><em>.<\/em><\/p>\n<\/div>\n","protected":false},"excerpt":{"rendered":"<div>\n<div>\n<figure><img decoding=\"async\" src=\"https:\/\/uploads.acordacidade.com.br\/2025\/06\/Forcas-policiais-2-060625.jpg\" alt=\"For\u00e7as policiais da Bahia recebem ve\u00edculos blindados e fuzis\"><figcaption>Foto: Ascom\/ SSP<\/figcaption><\/figure>\n<\/div>\n<p>Equipamentos s\u00e3o direcionados para as Pol\u00edcias Militar, Civil e T\u00e9cnica.<\/p><\/div>\n","protected":false},"author":1,"featured_media":89007,"comment_status":"closed","ping_status":"closed","sticky":false,"template":"","format":"gallery","meta":{"footnotes":""},"categories":[8,9,6,57,56,10],"tags":[],"class_list":["post-89006","post","type-post","status-publish","format-gallery","has-post-thumbnail","hentry","category-bahia","category-brasil","category-feira-de-santana","category-mundo","category-policia","category-politica","post_format-post-format-gallery"],"featured_image_urls":{"full":["https:\/\/noticiasbahia360.com.br\/wp-content\/uploads\/2025\/06\/Forcas-policiais-2-060625.jpg",1200,680,false],"thumbnail":["https:\/\/noticiasbahia360.com.br\/wp-content\/uploads\/2025\/06\/Forcas-policiais-2-060625-150x150.jpg",150,150,true],"medium":["https:\/\/noticiasbahia360.com.br\/wp-content\/uploads\/2025\/06\/Forcas-policiais-2-060625-300x170.jpg",300,170,true],"medium_large":["https:\/\/noticiasbahia360.com.br\/wp-content\/uploads\/2025\/06\/Forcas-policiais-2-060625-768x435.jpg",640,363,true],"large":["https:\/\/noticiasbahia360.com.br\/wp-content\/uploads\/2025\/06\/Forcas-policiais-2-060625-1024x580.jpg",640,363,true],"1536x1536":["https:\/\/noticiasbahia360.com.br\/wp-content\/uploads\/2025\/06\/Forcas-policiais-2-060625.jpg",1200,680,false],"2048x2048":["https:\/\/noticiasbahia360.com.br\/wp-content\/uploads\/2025\/06\/Forcas-policiais-2-060625.jpg",1200,680,false],"chromenews-featured":["https:\/\/noticiasbahia360.com.br\/wp-content\/uploads\/2025\/06\/Forcas-policiais-2-060625-1024x580.jpg",1024,580,true],"chromenews-large":["https:\/\/noticiasbahia360.com.br\/wp-content\/uploads\/2025\/06\/Forcas-policiais-2-060625-825x575.jpg",825,575,true],"chromenews-medium":["https:\/\/noticiasbahia360.com.br\/wp-content\/uploads\/2025\/06\/Forcas-policiais-2-060625-590x410.jpg",590,410,true]},"author_info":{"display_name":"noticiasbahia360.com.br","author_link":"https:\/\/noticiasbahia360.com.br\/?author=1"},"category_info":"<a href=\"https:\/\/noticiasbahia360.com.br\/?cat=8\" rel=\"category\">Bahia<\/a> <a href=\"https:\/\/noticiasbahia360.com.br\/?cat=9\" rel=\"category\">Brasil<\/a> <a href=\"https:\/\/noticiasbahia360.com.br\/?cat=6\" rel=\"category\">Feira de Santana<\/a> <a href=\"https:\/\/noticiasbahia360.com.br\/?cat=57\" rel=\"category\">Mundo<\/a> <a href=\"https:\/\/noticiasbahia360.com.br\/?cat=56\" rel=\"category\">Pol\u00edcia<\/a> <a href=\"https:\/\/noticiasbahia360.com.br\/?cat=10\" rel=\"category\">Pol\u00edtica<\/a>","tag_info":"Pol\u00edtica","comment_count":"0","_links":{"self":[{"href":"https:\/\/noticiasbahia360.com.br\/index.php?rest_route=\/wp\/v2\/posts\/89006","targetHints":{"allow":["GET"]}}],"collection":[{"href":"https:\/\/noticiasbahia360.com.br\/index.php?rest_route=\/wp\/v2\/posts"}],"about":[{"href":"https:\/\/noticiasbahia360.com.br\/index.php?rest_route=\/wp\/v2\/types\/post"}],"author":[{"embeddable":true,"href":"https:\/\/noticiasbahia360.com.br\/index.php?rest_route=\/wp\/v2\/users\/1"}],"replies":[{"embeddable":true,"href":"https:\/\/noticiasbahia360.com.br\/index.php?rest_route=%2Fwp%2Fv2%2Fcomments&post=89006"}],"version-history":[{"count":0,"href":"https:\/\/noticiasbahia360.com.br\/index.php?rest_route=\/wp\/v2\/posts\/89006\/revisions"}],"wp:featuredmedia":[{"embeddable":true,"href":"https:\/\/noticiasbahia360.com.br\/index.php?rest_route=\/wp\/v2\/media\/89007"}],"wp:attachment":[{"href":"https:\/\/noticiasbahia360.com.br\/index.php?rest_route=%2Fwp%2Fv2%2Fmedia&parent=89006"}],"wp:term":[{"taxonomy":"category","embeddable":true,"href":"https:\/\/noticiasbahia360.com.br\/index.php?rest_route=%2Fwp%2Fv2%2Fcategories&post=89006"},{"taxonomy":"post_tag","embeddable":true,"href":"https:\/\/noticiasbahia360.com.br\/index.php?rest_route=%2Fwp%2Fv2%2Ftags&post=89006"}],"curies":[{"name":"wp","href":"https:\/\/api.w.org\/{rel}","templated":true}]}}