{"id":89011,"date":"2025-06-06T15:01:08","date_gmt":"2025-06-06T18:01:08","guid":{"rendered":"https:\/\/noticiasbahia360.com.br\/?p=89011"},"modified":"2025-06-06T15:01:08","modified_gmt":"2025-06-06T18:01:08","slug":"toque-dez-assume-o-topo-do-faturamento-no-sao-joao-da-bahia-saiba-quanto","status":"publish","type":"post","link":"https:\/\/noticiasbahia360.com.br\/?p=89011","title":{"rendered":"Toque Dez assume o topo do faturamento no S\u00e3o Jo\u00e3o da Bahia; saiba quanto"},"content":{"rendered":"<div>\n<div>\n<figure><img decoding=\"async\" src=\"http:\/\/noticiasbahia360.com.br\/wp-content\/uploads\/2025\/06\/Sao-Joao-de-Irara-04-Toque-DEZ-foto-Marcelo-Moraes-Prefeitura-de-Irara.jpg\" alt=\"\"><figcaption>Foto: Marcelo Morais <\/figcaption><\/figure>\n<\/div>\n<div class=\"wp-block-group\">\n<div class=\"wp-block-group__inner-container is-layout-constrained wp-block-group-is-layout-constrained\">\n<p>A banda <strong>Toque Dez<\/strong> ir\u00e1 faturar ao menos R$ 11 milh\u00f5es com apresenta\u00e7\u00f5es nos festejos juninos da Bahia neste ano. A cifra multimilion\u00e1ria garante ao grupo, comandado pelo vocalista Milsinho, o primeiro lugar na lista dos artistas com maior faturamento no per\u00edodo, seguido por <strong>Natanzinho Lima<\/strong>, na segunda coloca\u00e7\u00e3o, com um faturamento de R$ 10,3 milh\u00f5es, e <strong>Calcinha Preta<\/strong>, com a medalha de bronze, faturando R$ 6,8 milh\u00f5es.<\/p>\n<figure class=\"wp-block-image size-large\"><img fetchpriority=\"high\" data-dominant-color=\"e5ebf3\" data-has-transparency=\"false\" style=\"--dominant-color: #e5ebf3;\" fetchpriority=\"high\" decoding=\"async\" width=\"1366\" height=\"768\" sizes=\"(max-width: 1366px) 100vw, 1366px\" src=\"http:\/\/noticiasbahia360.com.br\/wp-content\/uploads\/2025\/06\/HKfnCeLx-painel-transparencia-miniterio-publico-bahia-festejos-juninos-cache-sao-joao-foto-arte-acorda-cidade-1366x768-1.webp\" alt=\"\" class=\"wp-image-562797 not-transparent\" srcset=\"https:\/\/uploads.acordacidade.com.br\/2025\/06\/HKfnCeLx-painel-transparencia-miniterio-publico-bahia-festejos-juninos-cache-sao-joao-foto-arte-acorda-cidade-648x365.webp 648w, https:\/\/uploads.acordacidade.com.br\/2025\/06\/HKfnCeLx-painel-transparencia-miniterio-publico-bahia-festejos-juninos-cache-sao-joao-foto-arte-acorda-cidade-1536x864.webp 1536w, https:\/\/uploads.acordacidade.com.br\/2025\/06\/HKfnCeLx-painel-transparencia-miniterio-publico-bahia-festejos-juninos-cache-sao-joao-foto-arte-acorda-cidade-150x84.webp 150w, https:\/\/uploads.acordacidade.com.br\/2025\/06\/HKfnCeLx-painel-transparencia-miniterio-publico-bahia-festejos-juninos-cache-sao-joao-foto-arte-acorda-cidade.webp 1920w\"><figcaption class=\"wp-element-caption\">As 10 atra\u00e7\u00f5es com os maiores faturamentos no S\u00e3o Jo\u00e3o da Bahia em 2025 \u2013 Fonte: Painel da Transpar\u00eancia MPBA |  Foto: Departamento de Arte \/ Acorda Cidade <\/figcaption><\/figure>\n<p>Os dados, coletados na quinta-feira (5) no <a href=\"https:\/\/paineljunino.mpba.mp.br\/\">Painel da Transpar\u00eancia<\/a> com gastos dos festejos juninos do Minist\u00e9rio P\u00fablico da Bahia, colocam a banda Toque Dez tamb\u00e9m no topo da lista em n\u00famero de contrata\u00e7\u00f5es. <strong>Ser\u00e3o ao menos 40 shows contratados por cidades de todo o estado<\/strong>. Os artistas Devinho Novaes e Tayrone dividem o 2\u00ba lugar da lista com 24 contrata\u00e7\u00f5es cada, e Batista Lima vem na sequ\u00eancia com 21 shows programados.<\/p>\n<\/div>\n<\/div>\n<div class=\"wp-block-group\">\n<div class=\"wp-block-group__inner-container is-layout-constrained wp-block-group-is-layout-constrained\">\n<h2 class=\"wp-block-heading\" id=\"h-as-cinco-atracoes-mais-contratadas\">As cinco atra\u00e7\u00f5es mais contratadas<\/h2>\n<ul class=\"wp-block-list\">\n<li><strong>Toque Dez<\/strong> \u2013 40 Shows <\/li>\n<li><strong>Devinho Novaes <\/strong>\u2013 24 Shows <\/li>\n<li><strong>Tayrone<\/strong> \u2013 24 Shows <\/li>\n<li><strong>Batista Lima<\/strong> \u2013 21 Shows <\/li>\n<li><strong>Solange Almeida<\/strong> \u2013 19 Shows <\/li>\n<\/ul>\n<\/div>\n<\/div>\n<div class=\"wp-block-group\">\n<div class=\"wp-block-group__inner-container is-layout-constrained wp-block-group-is-layout-constrained\">\n<h2 class=\"wp-block-heading\" id=\"h-vai-safadao\">Vai Safad\u00e3o!<\/h2>\n<p>Apesar do dom\u00ednio da sofr\u00eancia de <strong>Toque Dez <\/strong>tanto no faturamento total quanto em n\u00famero de contrata\u00e7\u00f5es, isso em n\u00fameros absolutos, o artista <strong>Wesley Safad\u00e3o possui um t\u00edtulo que \u00e9 s\u00f3 seu h\u00e1 alguns anos: ser o dono do maior cach\u00ea do S\u00e3o Jo\u00e3o na Bahia. <\/strong>De acordo com o Painel da Transpar\u00eancia, o cantor ir\u00e1 fazer apenas quatro shows na Bahia, cada um custando pouco mais de R$ 1 milh\u00e3o.<\/p>\n<figure class=\"wp-block-image size-full is-resized\"><img data-dominant-color=\"776858\" data-has-transparency=\"false\" decoding=\"async\" width=\"640\" height=\"360\" sizes=\"(max-width: 640px) 100vw, 640px\" src=\"http:\/\/noticiasbahia360.com.br\/wp-content\/uploads\/2025\/06\/awrNz66r-Wesley-Safadao-Parque-de-Exposicoes-Fotos-Jefferson-MachadoGOVBA-2-edited.webp\" alt=\"Wesley Safad\u00e3o\" class=\"wp-image-562804 not-transparent\" style=\"--dominant-color: #776858; width:840px;height:auto\" srcset=\"https:\/\/uploads.acordacidade.com.br\/2025\/06\/awrNz66r-Wesley-Safadao-Parque-de-Exposicoes.-Fotos-Jefferson-MachadoGOVBA-2-edited-150x84.webp 150w, http:\/\/noticiasbahia360.com.br\/wp-content\/uploads\/2025\/06\/awrNz66r-Wesley-Safadao-Parque-de-Exposicoes-Fotos-Jefferson-MachadoGOVBA-2-edited.webp 640w\"><figcaption class=\"wp-element-caption\">Foto: Jefferson Machado\/GOVBA<\/figcaption><\/figure>\n<div class=\"wp-block-group\">\n<div class=\"wp-block-group__inner-container is-layout-constrained wp-block-group-is-layout-constrained\">\n<h4 class=\"wp-block-heading\" id=\"h-valor-dos-shows-de-safadao-na-bahia\"><strong>Valor dos shows de Safad\u00e3o na Bahia<\/strong><\/h4>\n<ul class=\"wp-block-list\">\n<li><strong>Jequi\u00e9<\/strong> \u2013 dia 24 de junho \u2013 R$ 1.100.000,00<\/li>\n<li><strong>Cruz das Almas<\/strong> \u2013 dia 23 de junho \u2013 R$ 1.100.000,00<\/li>\n<li><strong>Oliveira dos Brejinhos<\/strong> \u2013 dia 29 de junho \u2013 R$ 1.100.000,00<\/li>\n<li><strong>Bom Jesus da Lapa<\/strong> \u2013 dia 29 de julho \u2013 R$ 1.100.000,00<\/li>\n<\/ul>\n<\/div>\n<\/div>\n<\/div>\n<\/div>\n<div class=\"wp-block-group\">\n<div class=\"wp-block-group__inner-container is-layout-constrained wp-block-group-is-layout-constrained\">\n<h2 class=\"wp-block-heading\" id=\"h-viver-e-diferente-de-ta-vivo\">\u201cViver \u00e9 diferente de t\u00e1 vivo!\u201d<\/h2>\n<p>O cantor sergipano <strong>Natanzinho Lima<\/strong>, de 22 anos, est\u00e1 vivendo o melhor momento da sua carreira at\u00e9 aqui. O artista, que ocupa a 2\u00aa coloca\u00e7\u00e3o dos maiores faturamentos no estado durante os festejos de junho, levando ao menos R$ 10,3 milh\u00f5es, <strong>se orgulha em ter aumentado a m\u00e9dia de cach\u00ea em mais de 700% em apenas um ano.<\/strong><\/p>\n<figure class=\"wp-block-image size-full\"><img data-dominant-color=\"1e2c30\" data-has-transparency=\"false\" style=\"--dominant-color: #1e2c30;\" decoding=\"async\" width=\"1200\" height=\"675\" sizes=\"(max-width: 1200px) 100vw, 1200px\" src=\"http:\/\/noticiasbahia360.com.br\/wp-content\/uploads\/2025\/06\/4hSTYEiP-cantor-natanzinho-lima-foto-divulgacao.webp\" alt=\"\" class=\"wp-image-562800 not-transparent\" srcset=\"https:\/\/uploads.acordacidade.com.br\/2025\/06\/4hSTYEiP-cantor-natanzinho-lima-foto-divulgacao-648x365.webp 648w, https:\/\/uploads.acordacidade.com.br\/2025\/06\/4hSTYEiP-cantor-natanzinho-lima-foto-divulgacao-150x84.webp 150w, http:\/\/noticiasbahia360.com.br\/wp-content\/uploads\/2025\/06\/4hSTYEiP-cantor-natanzinho-lima-foto-divulgacao.webp 1200w\"><figcaption class=\"wp-element-caption\">Natanzinho Lima | Foto: Divulga\u00e7\u00e3o <\/figcaption><\/figure>\n<p>Segundo o Painel da Transpar\u00eancia, Natanzinho Lima realizou sete shows juninos na Bahia em 2024, com um cach\u00ea m\u00e9dio de R$ 82 mil. <strong>Neste ano, o artista ir\u00e1 realizar ao menos 17 apresenta\u00e7\u00f5es e ter\u00e1 um cach\u00ea m\u00e9dio de R$ 570 mil.<\/strong><\/p>\n<\/div>\n<\/div>\n<div class=\"wp-block-group\">\n<div class=\"wp-block-group__inner-container is-layout-constrained wp-block-group-is-layout-constrained\">\n<h2 class=\"wp-block-heading\" id=\"h-o-painel-em-2025\">O painel em 2025<\/h2>\n<p>Segundo o Minist\u00e9rio P\u00fablico, o Painel da Transpar\u00eancia dos Festejos Juninos, onde as prefeituras do estado da Bahia podem disponibilizar de forma volunt\u00e1ria dados relacionados \u00e0s contrata\u00e7\u00f5es de shows para as festas do per\u00edodo, tem o objetivo de incentivar a transpar\u00eancia p\u00fablica, o exerc\u00edcio da cidadania e a gest\u00e3o eficiente dos recursos p\u00fablicos.<\/p>\n<figure class=\"wp-block-image size-large\"><img decoding=\"async\" width=\"1024\" height=\"575\" sizes=\"(max-width: 1024px) 100vw, 1024px\" src=\"http:\/\/noticiasbahia360.com.br\/wp-content\/uploads\/2025\/06\/R0mNZ9vW-Sao-Joao-em-Guanambi-ft-ascom-PMG-1024x575-1.webp\" alt=\"S\u00e3o Jo\u00e3o em Guanambi\" class=\"wp-image-521480\" srcset=\"https:\/\/uploads.acordacidade.com.br\/2025\/04\/R0mNZ9vW-Sao-Joao-em-Guanambi-ft-ascom-PMG-150x84.webp 150w, https:\/\/uploads.acordacidade.com.br\/2025\/04\/R0mNZ9vW-Sao-Joao-em-Guanambi-ft-ascom-PMG.webp 1200w\"><figcaption class=\"wp-element-caption\">Foto: Ascom\/PMG<\/figcaption><\/figure>\n<p>At\u00e9 o momento da publica\u00e7\u00e3o desta mat\u00e9ria, <strong>o painel recebeu dados referentes \u00e0s contrata\u00e7\u00f5es feitas por 399 prefeituras, o que corresponde a 95,5% das cidades do estado da Bahia, <\/strong>sendo 2.502 apresenta\u00e7\u00f5es contratadas, divulgadas at\u00e9 o momento, para serem realizadas por 1.108 artistas. <strong>O valor total do investimento nos festejos est\u00e1 na casa dos R$ 395 milh\u00f5es.<\/strong><\/p>\n<p>Os dados s\u00e3o fornecidos de forma volunt\u00e1ria pelos munic\u00edpios baianos e pelo governo do estado. Como est\u00edmulo \u00e0 boa pr\u00e1tica de gest\u00e3o p\u00fablica, atrav\u00e9s do fornecimento dos dados, as prefeituras podem ser premiadas com o Selo de Transpar\u00eancia, fornecido pelo pr\u00f3prio portal.<\/p>\n<p><em>Reportagem escrita pelo estagi\u00e1rio de jornalismo Jefferson Ara\u00fajo sob supervis\u00e3o do jornalista Gabriel Gon\u00e7alves<\/em><\/p>\n<\/div>\n<\/div>\n<p><em>Siga o Acorda Cidade no<\/em><a href=\"https:\/\/news.google.com\/search?q=acorda%20cidade&amp;hl=pt-BR&amp;gl=BR&amp;ceid=BR%3Apt-419\"><strong><em> Google Not\u00edcias<\/em><\/strong><\/a><em> e receba os principais destaques do dia. Participe tamb\u00e9m dos nossos canais no <\/em><a href=\"https:\/\/whatsapp.com\/channel\/0029Va6Rb4v3WHTNnsh8WI3N\"><strong><em>WhatsApp<\/em><\/strong><\/a><em> e <\/em><a href=\"https:\/\/www.youtube.com\/@acordacidadenoticias\/videos\"><strong>Youtube<\/strong><\/a><em> e grupo de <\/em><a href=\"https:\/\/t.me\/+sSz0khrgARA0ZmRh\"><strong><em>Telegram<\/em><\/strong><\/a><em>.<\/em><\/p>\n<\/div>\n","protected":false},"excerpt":{"rendered":"<div>\n<div>\n<figure><img decoding=\"async\" src=\"https:\/\/uploads.acordacidade.com.br\/wp-content\/uploads\/2023\/06\/29085412\/Sao-Joao-de-Irara-04-Toque-DEZ-foto-Marcelo-Moraes-Prefeitura-de-Irara.jpg\" alt=\"\"><figcaption>Foto: Marcelo Morais <\/figcaption><\/figure>\n<\/div>\n<p>A cifra multimilion\u00e1ria garante ao grupo, comandado pelo vocalista Missinho, o primeiro lugar na lista dos artistas com maior faturamento.<\/p><\/div>\n","protected":false},"author":1,"featured_media":89012,"comment_status":"closed","ping_status":"closed","sticky":false,"template":"","format":"gallery","meta":{"footnotes":""},"categories":[8,9,6,57,56,10],"tags":[],"class_list":["post-89011","post","type-post","status-publish","format-gallery","has-post-thumbnail","hentry","category-bahia","category-brasil","category-feira-de-santana","category-mundo","category-policia","category-politica","post_format-post-format-gallery"],"featured_image_urls":{"full":["https:\/\/noticiasbahia360.com.br\/wp-content\/uploads\/2025\/06\/Sao-Joao-de-Irara-04-Toque-DEZ-foto-Marcelo-Moraes-Prefeitura-de-Irara.jpg",640,427,false],"thumbnail":["https:\/\/noticiasbahia360.com.br\/wp-content\/uploads\/2025\/06\/Sao-Joao-de-Irara-04-Toque-DEZ-foto-Marcelo-Moraes-Prefeitura-de-Irara-150x150.jpg",150,150,true],"medium":["https:\/\/noticiasbahia360.com.br\/wp-content\/uploads\/2025\/06\/Sao-Joao-de-Irara-04-Toque-DEZ-foto-Marcelo-Moraes-Prefeitura-de-Irara-300x200.jpg",300,200,true],"medium_large":["https:\/\/noticiasbahia360.com.br\/wp-content\/uploads\/2025\/06\/Sao-Joao-de-Irara-04-Toque-DEZ-foto-Marcelo-Moraes-Prefeitura-de-Irara.jpg",640,427,false],"large":["https:\/\/noticiasbahia360.com.br\/wp-content\/uploads\/2025\/06\/Sao-Joao-de-Irara-04-Toque-DEZ-foto-Marcelo-Moraes-Prefeitura-de-Irara.jpg",640,427,false],"1536x1536":["https:\/\/noticiasbahia360.com.br\/wp-content\/uploads\/2025\/06\/Sao-Joao-de-Irara-04-Toque-DEZ-foto-Marcelo-Moraes-Prefeitura-de-Irara.jpg",640,427,false],"2048x2048":["https:\/\/noticiasbahia360.com.br\/wp-content\/uploads\/2025\/06\/Sao-Joao-de-Irara-04-Toque-DEZ-foto-Marcelo-Moraes-Prefeitura-de-Irara.jpg",640,427,false],"chromenews-featured":["https:\/\/noticiasbahia360.com.br\/wp-content\/uploads\/2025\/06\/Sao-Joao-de-Irara-04-Toque-DEZ-foto-Marcelo-Moraes-Prefeitura-de-Irara.jpg",640,427,false],"chromenews-large":["https:\/\/noticiasbahia360.com.br\/wp-content\/uploads\/2025\/06\/Sao-Joao-de-Irara-04-Toque-DEZ-foto-Marcelo-Moraes-Prefeitura-de-Irara.jpg",640,427,false],"chromenews-medium":["https:\/\/noticiasbahia360.com.br\/wp-content\/uploads\/2025\/06\/Sao-Joao-de-Irara-04-Toque-DEZ-foto-Marcelo-Moraes-Prefeitura-de-Irara-590x410.jpg",590,410,true]},"author_info":{"display_name":"noticiasbahia360.com.br","author_link":"https:\/\/noticiasbahia360.com.br\/?author=1"},"category_info":"<a href=\"https:\/\/noticiasbahia360.com.br\/?cat=8\" rel=\"category\">Bahia<\/a> <a href=\"https:\/\/noticiasbahia360.com.br\/?cat=9\" rel=\"category\">Brasil<\/a> <a href=\"https:\/\/noticiasbahia360.com.br\/?cat=6\" rel=\"category\">Feira de Santana<\/a> <a href=\"https:\/\/noticiasbahia360.com.br\/?cat=57\" rel=\"category\">Mundo<\/a> <a href=\"https:\/\/noticiasbahia360.com.br\/?cat=56\" rel=\"category\">Pol\u00edcia<\/a> <a href=\"https:\/\/noticiasbahia360.com.br\/?cat=10\" rel=\"category\">Pol\u00edtica<\/a>","tag_info":"Pol\u00edtica","comment_count":"0","_links":{"self":[{"href":"https:\/\/noticiasbahia360.com.br\/index.php?rest_route=\/wp\/v2\/posts\/89011","targetHints":{"allow":["GET"]}}],"collection":[{"href":"https:\/\/noticiasbahia360.com.br\/index.php?rest_route=\/wp\/v2\/posts"}],"about":[{"href":"https:\/\/noticiasbahia360.com.br\/index.php?rest_route=\/wp\/v2\/types\/post"}],"author":[{"embeddable":true,"href":"https:\/\/noticiasbahia360.com.br\/index.php?rest_route=\/wp\/v2\/users\/1"}],"replies":[{"embeddable":true,"href":"https:\/\/noticiasbahia360.com.br\/index.php?rest_route=%2Fwp%2Fv2%2Fcomments&post=89011"}],"version-history":[{"count":0,"href":"https:\/\/noticiasbahia360.com.br\/index.php?rest_route=\/wp\/v2\/posts\/89011\/revisions"}],"wp:featuredmedia":[{"embeddable":true,"href":"https:\/\/noticiasbahia360.com.br\/index.php?rest_route=\/wp\/v2\/media\/89012"}],"wp:attachment":[{"href":"https:\/\/noticiasbahia360.com.br\/index.php?rest_route=%2Fwp%2Fv2%2Fmedia&parent=89011"}],"wp:term":[{"taxonomy":"category","embeddable":true,"href":"https:\/\/noticiasbahia360.com.br\/index.php?rest_route=%2Fwp%2Fv2%2Fcategories&post=89011"},{"taxonomy":"post_tag","embeddable":true,"href":"https:\/\/noticiasbahia360.com.br\/index.php?rest_route=%2Fwp%2Fv2%2Ftags&post=89011"}],"curies":[{"name":"wp","href":"https:\/\/api.w.org\/{rel}","templated":true}]}}