{"id":89019,"date":"2025-06-06T15:19:46","date_gmt":"2025-06-06T18:19:46","guid":{"rendered":"https:\/\/noticiasbahia360.com.br\/?p=89019"},"modified":"2025-06-06T15:19:46","modified_gmt":"2025-06-06T18:19:46","slug":"moradores-cobram-melhores-condicoes-de-saneamento-no-bairro-mangabeira","status":"publish","type":"post","link":"https:\/\/noticiasbahia360.com.br\/?p=89019","title":{"rendered":"Moradores cobram melhores condi\u00e7\u00f5es de saneamento no bairro Mangabeira"},"content":{"rendered":"<div>\n<div>\n<figure><img decoding=\"async\" src=\"http:\/\/noticiasbahia360.com.br\/wp-content\/uploads\/2025\/06\/ruaimbuira_mangabeira_foto_neysilva_acordacidade.jpg\" alt=\"Rua Imbu\u00edra, bairro Mangabeira\"><figcaption>Rua Imbu\u00edra, bairro Mangabeira &#8211; Foto: Ney Silva\/Acorda Cidade<\/figcaption><\/figure>\n<\/div>\n<p>A reportagem do Acorda Cidade esteve na manh\u00e3 desta sexta-feira (6) na rua Imbu\u00edra, bairro Mangabeira , em <a href=\"https:\/\/www.acordacidade.com.br\/tag\/feira-de-santana\/\">Feira de Santana,<\/a> para conversar com moradores sobre a situa\u00e7\u00e3o da via. <\/p>\n<p>A popula\u00e7\u00e3o reclama da precariedade do saneamento b\u00e1sico na regi\u00e3o. Eles relatam que quando chove, a situa\u00e7\u00e3o fica insuport\u00e1vel, a lama e o mau cheiro prevalecem na rua, o que tamb\u00e9m \u00e9 um grande atrativo para insetos, al\u00e9m do risco da dengue com as po\u00e7as de \u00e1gua parada que ficam na rua.<\/p>\n<figure class=\"wp-block-image size-large\"><img fetchpriority=\"high\" data-dominant-color=\"807e7e\" data-has-transparency=\"false\" style=\"--dominant-color: #807e7e;\" fetchpriority=\"high\" decoding=\"async\" width=\"1024\" height=\"768\" sizes=\"(max-width: 1024px) 100vw, 1024px\" src=\"http:\/\/noticiasbahia360.com.br\/wp-content\/uploads\/2025\/06\/i54xHa1S-ruaimbuira_mangabeira_foto_neysilva_acordacidade_1-1024x768-1.webp\" alt=\"Rua Imbu\u00edra, bairro Mangabeira\" class=\"wp-image-562939 not-transparent\" srcset=\"https:\/\/uploads.acordacidade.com.br\/2025\/06\/i54xHa1S-ruaimbuira_mangabeira_foto_neysilva_acordacidade_1-487x365.webp 487w, http:\/\/noticiasbahia360.com.br\/wp-content\/uploads\/2025\/06\/i54xHa1S-ruaimbuira_mangabeira_foto_neysilva_acordacidade_1-1024x768-1.webp 1024w, https:\/\/uploads.acordacidade.com.br\/2025\/06\/i54xHa1S-ruaimbuira_mangabeira_foto_neysilva_acordacidade_1-737x553.webp 737w, https:\/\/uploads.acordacidade.com.br\/2025\/06\/i54xHa1S-ruaimbuira_mangabeira_foto_neysilva_acordacidade_1-150x113.webp 150w, https:\/\/uploads.acordacidade.com.br\/2025\/06\/i54xHa1S-ruaimbuira_mangabeira_foto_neysilva_acordacidade_1.webp 1200w\"><figcaption class=\"wp-element-caption\">Rua Imbu\u00edra, bairro Mangabeira \u2013 Foto: Ney Silva\/Acorda Cidade<\/figcaption><\/figure>\n<p>L\u00eada Maria Souza Borges \u00e9 moradora da rua h\u00e1 cerca de 20 anos, ela relatou que desde essa \u00e9poca a situa\u00e7\u00e3o \u00e9 essa. \u201cDepois que eu vim pra aqui come\u00e7ou. D\u00e1 lama, \u00e1gua d\u00e1 na cintura, o carro por aplicativo n\u00e3o entra, o Samu n\u00e3o entra, moto tamb\u00e9m n\u00e3o vem.<\/p>\n<figure class=\"wp-block-image size-large\"><img data-dominant-color=\"a39695\" data-has-transparency=\"false\" style=\"--dominant-color: #a39695;\" decoding=\"async\" width=\"985\" height=\"768\" sizes=\"(max-width: 985px) 100vw, 985px\" src=\"http:\/\/noticiasbahia360.com.br\/wp-content\/uploads\/2025\/06\/NvYiFDyi-ledaborges_ruaimbuira_mangabeira_foto_neysilva_acordacidade-985x768-1.webp\" alt=\"L\u00eada Borges, moradora da Rua Imbu\u00edra, bairro Mangabeira\" class=\"wp-image-562938 not-transparent\" srcset=\"https:\/\/uploads.acordacidade.com.br\/2025\/06\/NvYiFDyi-ledaborges_ruaimbuira_mangabeira_foto_neysilva_acordacidade-468x365.webp 468w, http:\/\/noticiasbahia360.com.br\/wp-content\/uploads\/2025\/06\/NvYiFDyi-ledaborges_ruaimbuira_mangabeira_foto_neysilva_acordacidade-985x768-1.webp 985w, https:\/\/uploads.acordacidade.com.br\/2025\/06\/NvYiFDyi-ledaborges_ruaimbuira_mangabeira_foto_neysilva_acordacidade-709x553.webp 709w, https:\/\/uploads.acordacidade.com.br\/2025\/06\/NvYiFDyi-ledaborges_ruaimbuira_mangabeira_foto_neysilva_acordacidade-150x117.webp 150w, https:\/\/uploads.acordacidade.com.br\/2025\/06\/NvYiFDyi-ledaborges_ruaimbuira_mangabeira_foto_neysilva_acordacidade.webp 1200w\"><figcaption class=\"wp-element-caption\">L\u00eada Borges \u2013 Foto: Ney Silva\/Acorda Cidade<\/figcaption><\/figure>\n<p>A moradora acrescentou que pela falta de rede para captar a \u00e1gua pluvial, a \u00e1gua suja de outras ruas do bairro Mangabeira, vai direto para a rua Imbu\u00edra. <\/p>\n<p>\u201c\u00c9 que vem da outra rua e chega aqui porque fizeram mal feito, ficou baixo. A\u00ed \u00e9 rato, cobra, ningu\u00e9m dorme de noite com mal cheiro horr\u00edvel e ningu\u00e9m quer comprar casa aqui por isso.\u201d explicou.<\/p>\n<p>Crispim Silva de Jesus mora no local h\u00e1 15 anos. Ele disse que a situa\u00e7\u00e3o piorou depois que o cal\u00e7amento da rua foi feito. \u201cCome\u00e7ou depois que fez o cal\u00e7amento, n\u00e3o fizeram bem feito. Rebaixaram a rua e botaram o cal\u00e7amento e ficou pior. Terr\u00edvel, suja a casa toda. \u00c9 complicado at\u00e9 para comer.\u201d<\/p>\n<figure class=\"wp-block-image size-large\"><img data-dominant-color=\"a6956c\" data-has-transparency=\"false\" style=\"--dominant-color: #a6956c;\" decoding=\"async\" width=\"1024\" height=\"768\" sizes=\"(max-width: 1024px) 100vw, 1024px\" src=\"http:\/\/noticiasbahia360.com.br\/wp-content\/uploads\/2025\/06\/rDLyJJjz-crsipim_ruaimbuira_mangabeira_foto_neysilva_acordacidade-1024x768-1.webp\" alt=\"Crispim Silva, morador da Rua Imbu\u00edra, bairro Mangabeira\" class=\"wp-image-562937 not-transparent\" srcset=\"https:\/\/uploads.acordacidade.com.br\/2025\/06\/rDLyJJjz-crsipim_ruaimbuira_mangabeira_foto_neysilva_acordacidade-487x365.webp 487w, http:\/\/noticiasbahia360.com.br\/wp-content\/uploads\/2025\/06\/rDLyJJjz-crsipim_ruaimbuira_mangabeira_foto_neysilva_acordacidade-1024x768-1.webp 1024w, https:\/\/uploads.acordacidade.com.br\/2025\/06\/rDLyJJjz-crsipim_ruaimbuira_mangabeira_foto_neysilva_acordacidade-737x553.webp 737w, https:\/\/uploads.acordacidade.com.br\/2025\/06\/rDLyJJjz-crsipim_ruaimbuira_mangabeira_foto_neysilva_acordacidade-150x113.webp 150w, https:\/\/uploads.acordacidade.com.br\/2025\/06\/rDLyJJjz-crsipim_ruaimbuira_mangabeira_foto_neysilva_acordacidade.webp 1200w\"><figcaption class=\"wp-element-caption\">Crispim Silva \u2013 Foto: Ney Silva\/Acorda Cidade<\/figcaption><\/figure>\n<p>Na frente da casa de Ozenilda Alves da Silva, tem uma po\u00e7a de \u00e1gua que segundo ela j\u00e1 \u00e9 permanente, al\u00e9m da \u00e1gua parada que pode atrair o mosquito aedes aegypti, transmissor da dengue. Ao Acorda Cidade, ela informou que quando chove, fica praticamente imposs\u00edvel transitar.<\/p>\n<figure class=\"wp-block-image size-large\"><img data-dominant-color=\"99827e\" data-has-transparency=\"false\" style=\"--dominant-color: #99827e;\" decoding=\"async\" width=\"1013\" height=\"768\" sizes=\"(max-width: 1013px) 100vw, 1013px\" src=\"http:\/\/noticiasbahia360.com.br\/wp-content\/uploads\/2025\/06\/2AJGZpQr-ozenilda_ruaimbuira_mangabeira_foto_neysilva_acordacidade-1013x768-1.webp\" alt=\"Ozenilda Alves, moradora da Rua Imbu\u00edra, bairro Mangabeira\" class=\"wp-image-562936 not-transparent\" srcset=\"https:\/\/uploads.acordacidade.com.br\/2025\/06\/2AJGZpQr-ozenilda_ruaimbuira_mangabeira_foto_neysilva_acordacidade-481x365.webp 481w, http:\/\/noticiasbahia360.com.br\/wp-content\/uploads\/2025\/06\/2AJGZpQr-ozenilda_ruaimbuira_mangabeira_foto_neysilva_acordacidade-1013x768-1.webp 1013w, https:\/\/uploads.acordacidade.com.br\/2025\/06\/2AJGZpQr-ozenilda_ruaimbuira_mangabeira_foto_neysilva_acordacidade-729x553.webp 729w, https:\/\/uploads.acordacidade.com.br\/2025\/06\/2AJGZpQr-ozenilda_ruaimbuira_mangabeira_foto_neysilva_acordacidade-150x114.webp 150w, https:\/\/uploads.acordacidade.com.br\/2025\/06\/2AJGZpQr-ozenilda_ruaimbuira_mangabeira_foto_neysilva_acordacidade.webp 1200w\"><figcaption class=\"wp-element-caption\">Ozenilda Alves, moradora \u2013 Foto: Ney Silva\/Acorda Cidade<\/figcaption><\/figure>\n<p>\u201c\u00c9 permanente essa lagoa de \u00e1gua e de esgoto. Nem andando d\u00e1 para sair de casa. H\u00e1 23 anos que eu moro aqui, e a\u00ed \u00e9 desse jeito.\u201d<\/p>\n<p>O Acorda Cidade entrou em contato com a Superintend\u00eancia de Opera\u00e7\u00f5es e Manuten\u00e7\u00e3o (Soma), e aguardamos retorno sobre a situa\u00e7\u00e3o.<\/p>\n<p><em>Com informa\u00e7\u00f5es do rep\u00f3rter Ney Silva do Acorda Cidade<\/em><\/p>\n<p><em>Siga o Acorda Cidade no<\/em><a href=\"https:\/\/news.google.com\/search?q=acorda%20cidade&amp;hl=pt-BR&amp;gl=BR&amp;ceid=BR%3Apt-419\"><strong><em> Google Not\u00edcias<\/em><\/strong><\/a><em> e receba os principais destaques do dia. Participe tamb\u00e9m dos nossos canais no <\/em><a href=\"https:\/\/whatsapp.com\/channel\/0029Va6Rb4v3WHTNnsh8WI3N\"><strong><em>WhatsApp<\/em><\/strong><\/a><em> e <\/em><a href=\"https:\/\/www.youtube.com\/@acordacidadenoticias\/videos\"><strong>Youtube<\/strong><\/a><em> e grupo de <\/em><a href=\"https:\/\/t.me\/+sSz0khrgARA0ZmRh\"><strong><em>Telegram<\/em><\/strong><\/a><em>.<\/em><\/p>\n<\/div>\n","protected":false},"excerpt":{"rendered":"<div>\n<div>\n<figure><img decoding=\"async\" src=\"https:\/\/uploads.acordacidade.com.br\/2025\/06\/ruaimbuira_mangabeira_foto_neysilva_acordacidade.jpg\" alt=\"Rua Imbu\u00edra, bairro Mangabeira\"><figcaption>Rua Imbu\u00edra, bairro Mangabeira &#8211; Foto: Ney Silva\/Acorda Cidade<\/figcaption><\/figure>\n<\/div>\n<p>As pessoas reclamam da estrutura prec\u00e1ria de rede de esgoto e escoamento de \u00e1gua pluvial<\/p><\/div>\n","protected":false},"author":1,"featured_media":89020,"comment_status":"closed","ping_status":"closed","sticky":false,"template":"","format":"gallery","meta":{"footnotes":""},"categories":[8,9,6,57,56,10],"tags":[],"class_list":["post-89019","post","type-post","status-publish","format-gallery","has-post-thumbnail","hentry","category-bahia","category-brasil","category-feira-de-santana","category-mundo","category-policia","category-politica","post_format-post-format-gallery"],"featured_image_urls":{"full":["https:\/\/noticiasbahia360.com.br\/wp-content\/uploads\/2025\/06\/ruaimbuira_mangabeira_foto_neysilva_acordacidade.jpg",1200,900,false],"thumbnail":["https:\/\/noticiasbahia360.com.br\/wp-content\/uploads\/2025\/06\/ruaimbuira_mangabeira_foto_neysilva_acordacidade-150x150.jpg",150,150,true],"medium":["https:\/\/noticiasbahia360.com.br\/wp-content\/uploads\/2025\/06\/ruaimbuira_mangabeira_foto_neysilva_acordacidade-300x225.jpg",300,225,true],"medium_large":["https:\/\/noticiasbahia360.com.br\/wp-content\/uploads\/2025\/06\/ruaimbuira_mangabeira_foto_neysilva_acordacidade-768x576.jpg",640,480,true],"large":["https:\/\/noticiasbahia360.com.br\/wp-content\/uploads\/2025\/06\/ruaimbuira_mangabeira_foto_neysilva_acordacidade-1024x768.jpg",640,480,true],"1536x1536":["https:\/\/noticiasbahia360.com.br\/wp-content\/uploads\/2025\/06\/ruaimbuira_mangabeira_foto_neysilva_acordacidade.jpg",1200,900,false],"2048x2048":["https:\/\/noticiasbahia360.com.br\/wp-content\/uploads\/2025\/06\/ruaimbuira_mangabeira_foto_neysilva_acordacidade.jpg",1200,900,false],"chromenews-featured":["https:\/\/noticiasbahia360.com.br\/wp-content\/uploads\/2025\/06\/ruaimbuira_mangabeira_foto_neysilva_acordacidade-1024x768.jpg",1024,768,true],"chromenews-large":["https:\/\/noticiasbahia360.com.br\/wp-content\/uploads\/2025\/06\/ruaimbuira_mangabeira_foto_neysilva_acordacidade-825x575.jpg",825,575,true],"chromenews-medium":["https:\/\/noticiasbahia360.com.br\/wp-content\/uploads\/2025\/06\/ruaimbuira_mangabeira_foto_neysilva_acordacidade-590x410.jpg",590,410,true]},"author_info":{"display_name":"noticiasbahia360.com.br","author_link":"https:\/\/noticiasbahia360.com.br\/?author=1"},"category_info":"<a href=\"https:\/\/noticiasbahia360.com.br\/?cat=8\" rel=\"category\">Bahia<\/a> <a href=\"https:\/\/noticiasbahia360.com.br\/?cat=9\" rel=\"category\">Brasil<\/a> <a href=\"https:\/\/noticiasbahia360.com.br\/?cat=6\" rel=\"category\">Feira de Santana<\/a> <a href=\"https:\/\/noticiasbahia360.com.br\/?cat=57\" rel=\"category\">Mundo<\/a> <a href=\"https:\/\/noticiasbahia360.com.br\/?cat=56\" rel=\"category\">Pol\u00edcia<\/a> <a href=\"https:\/\/noticiasbahia360.com.br\/?cat=10\" rel=\"category\">Pol\u00edtica<\/a>","tag_info":"Pol\u00edtica","comment_count":"0","_links":{"self":[{"href":"https:\/\/noticiasbahia360.com.br\/index.php?rest_route=\/wp\/v2\/posts\/89019","targetHints":{"allow":["GET"]}}],"collection":[{"href":"https:\/\/noticiasbahia360.com.br\/index.php?rest_route=\/wp\/v2\/posts"}],"about":[{"href":"https:\/\/noticiasbahia360.com.br\/index.php?rest_route=\/wp\/v2\/types\/post"}],"author":[{"embeddable":true,"href":"https:\/\/noticiasbahia360.com.br\/index.php?rest_route=\/wp\/v2\/users\/1"}],"replies":[{"embeddable":true,"href":"https:\/\/noticiasbahia360.com.br\/index.php?rest_route=%2Fwp%2Fv2%2Fcomments&post=89019"}],"version-history":[{"count":0,"href":"https:\/\/noticiasbahia360.com.br\/index.php?rest_route=\/wp\/v2\/posts\/89019\/revisions"}],"wp:featuredmedia":[{"embeddable":true,"href":"https:\/\/noticiasbahia360.com.br\/index.php?rest_route=\/wp\/v2\/media\/89020"}],"wp:attachment":[{"href":"https:\/\/noticiasbahia360.com.br\/index.php?rest_route=%2Fwp%2Fv2%2Fmedia&parent=89019"}],"wp:term":[{"taxonomy":"category","embeddable":true,"href":"https:\/\/noticiasbahia360.com.br\/index.php?rest_route=%2Fwp%2Fv2%2Fcategories&post=89019"},{"taxonomy":"post_tag","embeddable":true,"href":"https:\/\/noticiasbahia360.com.br\/index.php?rest_route=%2Fwp%2Fv2%2Ftags&post=89019"}],"curies":[{"name":"wp","href":"https:\/\/api.w.org\/{rel}","templated":true}]}}