{"id":89025,"date":"2025-06-06T15:45:07","date_gmt":"2025-06-06T18:45:07","guid":{"rendered":"https:\/\/noticiasbahia360.com.br\/?p=89025"},"modified":"2025-06-06T15:45:07","modified_gmt":"2025-06-06T18:45:07","slug":"policia-civil-prende-homem-por-descumprimento-de-medida-protetiva-e-ameacas-contra-ex-companheira","status":"publish","type":"post","link":"https:\/\/noticiasbahia360.com.br\/?p=89025","title":{"rendered":"Pol\u00edcia Civil prende homem por  descumprimento de medida protetiva e amea\u00e7as contra ex-companheira"},"content":{"rendered":"<div>\n<div>\n<figure><img decoding=\"async\" src=\"http:\/\/noticiasbahia360.com.br\/wp-content\/uploads\/2025\/06\/deam_preso_medidaprotetiva_foto_policiacivil.jpg\" alt=\"Homem preso por descumprir medida protetiva\"><figcaption>Foto: Pol\u00edcia Civil<\/figcaption><\/figure>\n<\/div>\n<p>Na manh\u00e3 desta sexta-feira (6), a Pol\u00edcia Civil da Bahia, por meio da equipe da Delegacia Especial de Atendimento \u00e0 Mulher de Feira de Santana \u2013 DEAM, efetuou, no bairro Gabriela, em <a href=\"https:\/\/www.acordacidade.com.br\/tag\/feira-de-santana\/\">Feira de Santana <\/a>\u2013 BA, a pris\u00e3o de um homem identificado pelas iniciais D.D.J, de 39 anos de idade, acusado da pr\u00e1tica dos crimes de Amea\u00e7a e Persegui\u00e7\u00e3o contra a mulher e descumprimento de medida protetiva (Lei 2848 art 147, art 147A e art 24A).<\/p>\n<p>O mandado de pris\u00e3o preventiva foi expedido pela 1\u00aa Vara de Viol\u00eancia Dom\u00e9stica e Familiar Contra a Mulher da Comarca de Feira de Santana.<\/p>\n<p>Ap\u00f3s a formaliza\u00e7\u00e3o do cumprimento do mandado de pris\u00e3o, foram adotadas as provid\u00eancias legais cab\u00edveis, incluindo a comunica\u00e7\u00e3o ao Ju\u00edzo competente, \u00e0 disposi\u00e7\u00e3o do qual permanecer\u00e1 custodiado.<\/p>\n<p><em>Siga o Acorda Cidade no<\/em><a href=\"https:\/\/news.google.com\/search?q=acorda%20cidade&amp;hl=pt-BR&amp;gl=BR&amp;ceid=BR%3Apt-419\"><strong><em> Google Not\u00edcias<\/em><\/strong><\/a><em> e receba os principais destaques do dia. Participe tamb\u00e9m dos nossos canais no <\/em><a href=\"https:\/\/whatsapp.com\/channel\/0029Va6Rb4v3WHTNnsh8WI3N\"><strong><em>WhatsApp<\/em><\/strong><\/a><em> e <\/em><a href=\"https:\/\/www.youtube.com\/@acordacidadenoticias\/videos\"><strong>Youtube<\/strong><\/a><em> e grupo de <\/em><a href=\"https:\/\/t.me\/+sSz0khrgARA0ZmRh\"><strong><em>Telegram<\/em><\/strong><\/a><em>.<\/em><\/p>\n<\/div>\n","protected":false},"excerpt":{"rendered":"<div>\n<div>\n<figure><img decoding=\"async\" src=\"https:\/\/uploads.acordacidade.com.br\/2025\/06\/deam_preso_medidaprotetiva_foto_policiacivil.jpg\" alt=\"Homem preso por descumprir medida protetiva\"><figcaption>Foto: Pol\u00edcia Civil<\/figcaption><\/figure>\n<\/div>\n<p>O suspeito, investigado tamb\u00e9m por persegui\u00e7\u00e3o, segue custodiado \u00e0 disposi\u00e7\u00e3o da justi\u00e7a<\/p><\/div>\n","protected":false},"author":1,"featured_media":89026,"comment_status":"closed","ping_status":"closed","sticky":false,"template":"","format":"gallery","meta":{"footnotes":""},"categories":[8,9,6,57,56,10],"tags":[],"class_list":["post-89025","post","type-post","status-publish","format-gallery","has-post-thumbnail","hentry","category-bahia","category-brasil","category-feira-de-santana","category-mundo","category-policia","category-politica","post_format-post-format-gallery"],"featured_image_urls":{"full":["https:\/\/noticiasbahia360.com.br\/wp-content\/uploads\/2025\/06\/deam_preso_medidaprotetiva_foto_policiacivil.jpg",1200,1029,false],"thumbnail":["https:\/\/noticiasbahia360.com.br\/wp-content\/uploads\/2025\/06\/deam_preso_medidaprotetiva_foto_policiacivil-150x150.jpg",150,150,true],"medium":["https:\/\/noticiasbahia360.com.br\/wp-content\/uploads\/2025\/06\/deam_preso_medidaprotetiva_foto_policiacivil-300x257.jpg",300,257,true],"medium_large":["https:\/\/noticiasbahia360.com.br\/wp-content\/uploads\/2025\/06\/deam_preso_medidaprotetiva_foto_policiacivil-768x659.jpg",640,549,true],"large":["https:\/\/noticiasbahia360.com.br\/wp-content\/uploads\/2025\/06\/deam_preso_medidaprotetiva_foto_policiacivil-1024x878.jpg",640,549,true],"1536x1536":["https:\/\/noticiasbahia360.com.br\/wp-content\/uploads\/2025\/06\/deam_preso_medidaprotetiva_foto_policiacivil.jpg",1200,1029,false],"2048x2048":["https:\/\/noticiasbahia360.com.br\/wp-content\/uploads\/2025\/06\/deam_preso_medidaprotetiva_foto_policiacivil.jpg",1200,1029,false],"chromenews-featured":["https:\/\/noticiasbahia360.com.br\/wp-content\/uploads\/2025\/06\/deam_preso_medidaprotetiva_foto_policiacivil-1024x878.jpg",1024,878,true],"chromenews-large":["https:\/\/noticiasbahia360.com.br\/wp-content\/uploads\/2025\/06\/deam_preso_medidaprotetiva_foto_policiacivil-825x575.jpg",825,575,true],"chromenews-medium":["https:\/\/noticiasbahia360.com.br\/wp-content\/uploads\/2025\/06\/deam_preso_medidaprotetiva_foto_policiacivil-590x410.jpg",590,410,true]},"author_info":{"display_name":"noticiasbahia360.com.br","author_link":"https:\/\/noticiasbahia360.com.br\/?author=1"},"category_info":"<a href=\"https:\/\/noticiasbahia360.com.br\/?cat=8\" rel=\"category\">Bahia<\/a> <a href=\"https:\/\/noticiasbahia360.com.br\/?cat=9\" rel=\"category\">Brasil<\/a> <a href=\"https:\/\/noticiasbahia360.com.br\/?cat=6\" rel=\"category\">Feira de Santana<\/a> <a href=\"https:\/\/noticiasbahia360.com.br\/?cat=57\" rel=\"category\">Mundo<\/a> <a href=\"https:\/\/noticiasbahia360.com.br\/?cat=56\" rel=\"category\">Pol\u00edcia<\/a> <a href=\"https:\/\/noticiasbahia360.com.br\/?cat=10\" rel=\"category\">Pol\u00edtica<\/a>","tag_info":"Pol\u00edtica","comment_count":"0","_links":{"self":[{"href":"https:\/\/noticiasbahia360.com.br\/index.php?rest_route=\/wp\/v2\/posts\/89025","targetHints":{"allow":["GET"]}}],"collection":[{"href":"https:\/\/noticiasbahia360.com.br\/index.php?rest_route=\/wp\/v2\/posts"}],"about":[{"href":"https:\/\/noticiasbahia360.com.br\/index.php?rest_route=\/wp\/v2\/types\/post"}],"author":[{"embeddable":true,"href":"https:\/\/noticiasbahia360.com.br\/index.php?rest_route=\/wp\/v2\/users\/1"}],"replies":[{"embeddable":true,"href":"https:\/\/noticiasbahia360.com.br\/index.php?rest_route=%2Fwp%2Fv2%2Fcomments&post=89025"}],"version-history":[{"count":0,"href":"https:\/\/noticiasbahia360.com.br\/index.php?rest_route=\/wp\/v2\/posts\/89025\/revisions"}],"wp:featuredmedia":[{"embeddable":true,"href":"https:\/\/noticiasbahia360.com.br\/index.php?rest_route=\/wp\/v2\/media\/89026"}],"wp:attachment":[{"href":"https:\/\/noticiasbahia360.com.br\/index.php?rest_route=%2Fwp%2Fv2%2Fmedia&parent=89025"}],"wp:term":[{"taxonomy":"category","embeddable":true,"href":"https:\/\/noticiasbahia360.com.br\/index.php?rest_route=%2Fwp%2Fv2%2Fcategories&post=89025"},{"taxonomy":"post_tag","embeddable":true,"href":"https:\/\/noticiasbahia360.com.br\/index.php?rest_route=%2Fwp%2Fv2%2Ftags&post=89025"}],"curies":[{"name":"wp","href":"https:\/\/api.w.org\/{rel}","templated":true}]}}