{"id":89027,"date":"2025-06-06T15:55:45","date_gmt":"2025-06-06T18:55:45","guid":{"rendered":"https:\/\/noticiasbahia360.com.br\/?p=89027"},"modified":"2025-06-06T15:55:45","modified_gmt":"2025-06-06T18:55:45","slug":"junho-vermelho-upa-estadual-de-feira-de-santana-promove-acao-para-incentivar-doacao-de-sangue","status":"publish","type":"post","link":"https:\/\/noticiasbahia360.com.br\/?p=89027","title":{"rendered":"Junho Vermelho: UPA Estadual de Feira de Santana promove a\u00e7\u00e3o para incentivar doa\u00e7\u00e3o de sangue"},"content":{"rendered":"<div>\n<div>\n<figure><img decoding=\"async\" src=\"http:\/\/noticiasbahia360.com.br\/wp-content\/uploads\/2025\/06\/KdkshI6w-Junho-Vermelho-na-UPA-Estadual-de-Feira-de-Santana-1.webp\" alt=\"Junho Vermelho na UPA Estadual de Feira de Santana\"><figcaption>Foto: UPA Estadual <\/figcaption><\/figure>\n<\/div>\n<p>A manh\u00e3 desta sexta-feira, 6 de junho, foi marcada por uma a\u00e7\u00e3o de conscientiza\u00e7\u00e3o sobre a import\u00e2ncia da doa\u00e7\u00e3o de sangue na <a href=\"https:\/\/www.acordacidade.com.br\/tag\/upa-estadual\/\">UPA Estadual de Feira de Santana<\/a>. Em alus\u00e3o ao Junho Vermelho, m\u00eas dedicado \u00e0 mobiliza\u00e7\u00e3o nacional para refor\u00e7ar os estoques dos bancos de sangue, a unidade promoveu uma atividade informativa com a presen\u00e7a de Elisabeth Sena, coordenadora da Funda\u00e7\u00e3o de Hematologia e Hemoterapia da Bahia (Hemoba) em Feira de Santana.<\/p>\n<figure class=\"wp-block-image size-large\"><img fetchpriority=\"high\" data-dominant-color=\"70695d\" data-has-transparency=\"false\" style=\"--dominant-color: #70695d;\" fetchpriority=\"high\" decoding=\"async\" width=\"1179\" height=\"768\" sizes=\"(max-width: 1179px) 100vw, 1179px\" src=\"http:\/\/noticiasbahia360.com.br\/wp-content\/uploads\/2025\/06\/LaOEqKVz-Junho-Vermelho-na-UPA-Estadual-de-Feira-de-Santana-2-1179x768-1.webp\" alt=\"Junho Vermelho na UPA Estadual de Feira de Santana\" class=\"wp-image-563086 not-transparent\" srcset=\"https:\/\/uploads.acordacidade.com.br\/2025\/06\/LaOEqKVz-Junho-Vermelho-na-UPA-Estadual-de-Feira-de-Santana-2-560x365.webp 560w, http:\/\/noticiasbahia360.com.br\/wp-content\/uploads\/2025\/06\/LaOEqKVz-Junho-Vermelho-na-UPA-Estadual-de-Feira-de-Santana-2-1179x768-1.webp 1179w, https:\/\/uploads.acordacidade.com.br\/2025\/06\/LaOEqKVz-Junho-Vermelho-na-UPA-Estadual-de-Feira-de-Santana-2-849x553.webp 849w, https:\/\/uploads.acordacidade.com.br\/2025\/06\/LaOEqKVz-Junho-Vermelho-na-UPA-Estadual-de-Feira-de-Santana-2-150x98.webp 150w, https:\/\/uploads.acordacidade.com.br\/2025\/06\/LaOEqKVz-Junho-Vermelho-na-UPA-Estadual-de-Feira-de-Santana-2.webp 1200w\"><figcaption class=\"wp-element-caption\">Foto: UPA Estadual <\/figcaption><\/figure>\n<p>A iniciativa contou com o engajamento da equipe da UPA, que vestiu vermelho como s\u00edmbolo da campanha, e realizou a distribui\u00e7\u00e3o de bottons, cartazes e panfletos educativos. A a\u00e7\u00e3o foi voltada para colaboradores, acompanhantes e pacientes da unidade, com o objetivo de sensibilizar sobre a import\u00e2ncia da doa\u00e7\u00e3o cont\u00ednua de sangue, especialmente neste per\u00edodo junino, em que os estoques costumam atingir n\u00edveis cr\u00edticos.<\/p>\n<p>Durante o encontro, Izabete Sena destacou a gravidade do cen\u00e1rio atual.<br \/>\u201cEstamos enfrentando um momento extremamente delicado. Os nossos estoques est\u00e3o muito abaixo do ideal, principalmente nos tipos negativos. \u00c9 essencial que a popula\u00e7\u00e3o compreenda que doar sangue \u00e9 um ato simples, r\u00e1pido e que pode salvar at\u00e9 quatro vidas com apenas uma bolsa coletada\u201d, alertou a coordenadora da Hemoba.<\/p>\n<figure class=\"wp-block-image size-large\"><img data-dominant-color=\"a18671\" data-has-transparency=\"false\" style=\"--dominant-color: #a18671;\" decoding=\"async\" width=\"1102\" height=\"768\" sizes=\"(max-width: 1102px) 100vw, 1102px\" src=\"http:\/\/noticiasbahia360.com.br\/wp-content\/uploads\/2025\/06\/hM8WE5px-Junho-Vermelho-na-UPA-Estadual-de-Feira-de-Santana-1102x768-1.webp\" alt=\"Junho Vermelho na UPA Estadual de Feira de Santana\" class=\"wp-image-563089 not-transparent\" srcset=\"https:\/\/uploads.acordacidade.com.br\/2025\/06\/hM8WE5px-Junho-Vermelho-na-UPA-Estadual-de-Feira-de-Santana-524x365.webp 524w, http:\/\/noticiasbahia360.com.br\/wp-content\/uploads\/2025\/06\/hM8WE5px-Junho-Vermelho-na-UPA-Estadual-de-Feira-de-Santana-1102x768-1.webp 1102w, https:\/\/uploads.acordacidade.com.br\/2025\/06\/hM8WE5px-Junho-Vermelho-na-UPA-Estadual-de-Feira-de-Santana-794x553.webp 794w, https:\/\/uploads.acordacidade.com.br\/2025\/06\/hM8WE5px-Junho-Vermelho-na-UPA-Estadual-de-Feira-de-Santana-150x105.webp 150w, https:\/\/uploads.acordacidade.com.br\/2025\/06\/hM8WE5px-Junho-Vermelho-na-UPA-Estadual-de-Feira-de-Santana.webp 1200w\"><figcaption class=\"wp-element-caption\">Foto: UPA Estadual <\/figcaption><\/figure>\n<p>A palestra despertou o interesse de diversos participantes. Um deles foi Ant\u00f4nio da Silva, que afirmou ter sido impactado pelas informa\u00e7\u00f5es apresentadas.<br \/>\u201cEu nunca tinha doado sangue, mas depois de ouvir os dados e entender como uma simples doa\u00e7\u00e3o pode salvar vidas, decidi que vou me tornar um doador permanente. \u00c9 o m\u00ednimo que posso fazer pelo pr\u00f3ximo\u201d, disse.<\/p>\n<figure class=\"wp-block-image size-large\"><img data-dominant-color=\"8c7b6d\" data-has-transparency=\"false\" style=\"--dominant-color: #8c7b6d;\" decoding=\"async\" width=\"1106\" height=\"768\" sizes=\"(max-width: 1106px) 100vw, 1106px\" src=\"http:\/\/noticiasbahia360.com.br\/wp-content\/uploads\/2025\/06\/M5xXgjCu-Junho-Vermelho-na-UPA-Estadual-de-Feira-de-Santana-1106x768-1.webp\" alt=\"Junho Vermelho na UPA Estadual de Feira de Santana\" class=\"wp-image-563088 not-transparent\" srcset=\"https:\/\/uploads.acordacidade.com.br\/2025\/06\/M5xXgjCu-Junho-Vermelho-na-UPA-Estadual-de-Feira-de-Santana--526x365.webp 526w, http:\/\/noticiasbahia360.com.br\/wp-content\/uploads\/2025\/06\/M5xXgjCu-Junho-Vermelho-na-UPA-Estadual-de-Feira-de-Santana-1106x768-1.webp 1106w, https:\/\/uploads.acordacidade.com.br\/2025\/06\/M5xXgjCu-Junho-Vermelho-na-UPA-Estadual-de-Feira-de-Santana--797x553.webp 797w, https:\/\/uploads.acordacidade.com.br\/2025\/06\/M5xXgjCu-Junho-Vermelho-na-UPA-Estadual-de-Feira-de-Santana--150x104.webp 150w, https:\/\/uploads.acordacidade.com.br\/2025\/06\/M5xXgjCu-Junho-Vermelho-na-UPA-Estadual-de-Feira-de-Santana-.webp 1200w\"><figcaption class=\"wp-element-caption\">Foto: UPA Estadual <\/figcaption><\/figure>\n<p>A campanha Junho Vermelho tem como miss\u00e3o estimular o gesto volunt\u00e1rio e habitual de doar sangue, principalmente durante o inverno, quando o n\u00famero de doa\u00e7\u00f5es costuma cair devido \u00e0s doen\u00e7as respirat\u00f3rias e ao per\u00edodo de f\u00e9rias.<\/p>\n<h2 class=\"wp-block-heading\" id=\"h-quem-pode-doar-sangue\">Quem pode doar sangue?<\/h2>\n<p>Podem doar sangue pessoas entre 16 e 69 anos, em boas condi\u00e7\u00f5es de sa\u00fade, com peso acima de 50 kg. Menores de 18 anos devem estar acompanhados dos respons\u00e1veis legais. \u00c9 necess\u00e1rio apresentar documento original com foto. O doador n\u00e3o pode estar em jejum, deve ter dormido pelo menos 6 horas nas \u00faltimas 24 horas e evitado alimentos gordurosos por pelo menos 3 horas antes da doa\u00e7\u00e3o.<\/p>\n<h2 class=\"wp-block-heading\" id=\"h-onde-doar\">Onde doar?<\/h2>\n<p>As doa\u00e7\u00f5es podem ser realizadas na sede da Hemoba em Feira de Santana, localizada na Avenida Presidente Dutra, s\/n, em frente \u00e0 TV Suba\u00e9. O atendimento ocorre de segunda a sexta-feira, das 7h30 \u00e0s 17h e no s\u00e1bado 07h30 as 12h30.<\/p>\n<p>A UPA Estadual de Feira de Santana \u00e9 gerenciada pela S3 Gest\u00e3o e Sa\u00fade e tem refor\u00e7ado seu compromisso com a sa\u00fade p\u00fablica por meio de a\u00e7\u00f5es educativas e de mobiliza\u00e7\u00e3o em datas estrat\u00e9gicas do calend\u00e1rio da sa\u00fade.<\/p>\n<p><em>Siga o Acorda Cidade no<\/em><a href=\"https:\/\/news.google.com\/search?q=acorda%20cidade&amp;hl=pt-BR&amp;gl=BR&amp;ceid=BR%3Apt-419\"><strong><em>\u00a0Google Not\u00edcias<\/em><\/strong><\/a><em>\u00a0e receba os principais destaques do dia. Participe tamb\u00e9m dos nossos canais no\u00a0<\/em><a href=\"https:\/\/www.whatsapp.com\/channel\/0029Va6Rb4v3WHTNnsh8WI3N\"><strong><em>WhatsApp<\/em><\/strong><\/a><em>\u00a0e\u00a0<\/em><a href=\"https:\/\/www.youtube.com\/@acordacidadenoticias\/videos\"><strong>Youtube<\/strong><\/a><em>\u00a0e grupo de\u00a0<\/em><a href=\"https:\/\/t.me\/+sSz0khrgARA0ZmRh\"><strong><em>Telegram<\/em><\/strong><\/a><em>.<\/em><\/p>\n<\/div>\n","protected":false},"excerpt":{"rendered":"<div>\n<div>\n<figure><img decoding=\"async\" src=\"https:\/\/uploads.acordacidade.com.br\/2025\/06\/KdkshI6w-Junho-Vermelho-na-UPA-Estadual-de-Feira-de-Santana-1.webp\" alt=\"Junho Vermelho na UPA Estadual de Feira de Santana\"><figcaption>Foto: UPA Estadual <\/figcaption><\/figure>\n<\/div>\n<p>A iniciativa contou com o engajamento da equipe da UPA, que vestiu vermelho como s\u00edmbolo da campanha.<\/p><\/div>\n","protected":false},"author":1,"featured_media":89028,"comment_status":"closed","ping_status":"closed","sticky":false,"template":"","format":"gallery","meta":{"footnotes":""},"categories":[8,9,6,57,56,10],"tags":[],"class_list":["post-89027","post","type-post","status-publish","format-gallery","has-post-thumbnail","hentry","category-bahia","category-brasil","category-feira-de-santana","category-mundo","category-policia","category-politica","post_format-post-format-gallery"],"featured_image_urls":{"full":["https:\/\/noticiasbahia360.com.br\/wp-content\/uploads\/2025\/06\/KdkshI6w-Junho-Vermelho-na-UPA-Estadual-de-Feira-de-Santana-1.webp",1200,961,false],"thumbnail":["https:\/\/noticiasbahia360.com.br\/wp-content\/uploads\/2025\/06\/KdkshI6w-Junho-Vermelho-na-UPA-Estadual-de-Feira-de-Santana-1-150x150.webp",150,150,true],"medium":["https:\/\/noticiasbahia360.com.br\/wp-content\/uploads\/2025\/06\/KdkshI6w-Junho-Vermelho-na-UPA-Estadual-de-Feira-de-Santana-1-300x240.webp",300,240,true],"medium_large":["https:\/\/noticiasbahia360.com.br\/wp-content\/uploads\/2025\/06\/KdkshI6w-Junho-Vermelho-na-UPA-Estadual-de-Feira-de-Santana-1-768x615.webp",640,513,true],"large":["https:\/\/noticiasbahia360.com.br\/wp-content\/uploads\/2025\/06\/KdkshI6w-Junho-Vermelho-na-UPA-Estadual-de-Feira-de-Santana-1-1024x820.webp",640,513,true],"1536x1536":["https:\/\/noticiasbahia360.com.br\/wp-content\/uploads\/2025\/06\/KdkshI6w-Junho-Vermelho-na-UPA-Estadual-de-Feira-de-Santana-1.webp",1200,961,false],"2048x2048":["https:\/\/noticiasbahia360.com.br\/wp-content\/uploads\/2025\/06\/KdkshI6w-Junho-Vermelho-na-UPA-Estadual-de-Feira-de-Santana-1.webp",1200,961,false],"chromenews-featured":["https:\/\/noticiasbahia360.com.br\/wp-content\/uploads\/2025\/06\/KdkshI6w-Junho-Vermelho-na-UPA-Estadual-de-Feira-de-Santana-1-1024x820.webp",1024,820,true],"chromenews-large":["https:\/\/noticiasbahia360.com.br\/wp-content\/uploads\/2025\/06\/KdkshI6w-Junho-Vermelho-na-UPA-Estadual-de-Feira-de-Santana-1-825x575.webp",825,575,true],"chromenews-medium":["https:\/\/noticiasbahia360.com.br\/wp-content\/uploads\/2025\/06\/KdkshI6w-Junho-Vermelho-na-UPA-Estadual-de-Feira-de-Santana-1-590x410.webp",590,410,true]},"author_info":{"display_name":"noticiasbahia360.com.br","author_link":"https:\/\/noticiasbahia360.com.br\/?author=1"},"category_info":"<a href=\"https:\/\/noticiasbahia360.com.br\/?cat=8\" rel=\"category\">Bahia<\/a> <a href=\"https:\/\/noticiasbahia360.com.br\/?cat=9\" rel=\"category\">Brasil<\/a> <a href=\"https:\/\/noticiasbahia360.com.br\/?cat=6\" rel=\"category\">Feira de Santana<\/a> <a href=\"https:\/\/noticiasbahia360.com.br\/?cat=57\" rel=\"category\">Mundo<\/a> <a href=\"https:\/\/noticiasbahia360.com.br\/?cat=56\" rel=\"category\">Pol\u00edcia<\/a> <a href=\"https:\/\/noticiasbahia360.com.br\/?cat=10\" rel=\"category\">Pol\u00edtica<\/a>","tag_info":"Pol\u00edtica","comment_count":"0","_links":{"self":[{"href":"https:\/\/noticiasbahia360.com.br\/index.php?rest_route=\/wp\/v2\/posts\/89027","targetHints":{"allow":["GET"]}}],"collection":[{"href":"https:\/\/noticiasbahia360.com.br\/index.php?rest_route=\/wp\/v2\/posts"}],"about":[{"href":"https:\/\/noticiasbahia360.com.br\/index.php?rest_route=\/wp\/v2\/types\/post"}],"author":[{"embeddable":true,"href":"https:\/\/noticiasbahia360.com.br\/index.php?rest_route=\/wp\/v2\/users\/1"}],"replies":[{"embeddable":true,"href":"https:\/\/noticiasbahia360.com.br\/index.php?rest_route=%2Fwp%2Fv2%2Fcomments&post=89027"}],"version-history":[{"count":0,"href":"https:\/\/noticiasbahia360.com.br\/index.php?rest_route=\/wp\/v2\/posts\/89027\/revisions"}],"wp:featuredmedia":[{"embeddable":true,"href":"https:\/\/noticiasbahia360.com.br\/index.php?rest_route=\/wp\/v2\/media\/89028"}],"wp:attachment":[{"href":"https:\/\/noticiasbahia360.com.br\/index.php?rest_route=%2Fwp%2Fv2%2Fmedia&parent=89027"}],"wp:term":[{"taxonomy":"category","embeddable":true,"href":"https:\/\/noticiasbahia360.com.br\/index.php?rest_route=%2Fwp%2Fv2%2Fcategories&post=89027"},{"taxonomy":"post_tag","embeddable":true,"href":"https:\/\/noticiasbahia360.com.br\/index.php?rest_route=%2Fwp%2Fv2%2Ftags&post=89027"}],"curies":[{"name":"wp","href":"https:\/\/api.w.org\/{rel}","templated":true}]}}