{"id":89032,"date":"2025-06-06T16:05:41","date_gmt":"2025-06-06T19:05:41","guid":{"rendered":"https:\/\/noticiasbahia360.com.br\/?p=89032"},"modified":"2025-06-06T16:05:41","modified_gmt":"2025-06-06T19:05:41","slug":"foragido-por-tentativa-de-feminicidio-e-preso-em-cruz-das-almas","status":"publish","type":"post","link":"https:\/\/noticiasbahia360.com.br\/?p=89032","title":{"rendered":"Foragido por tentativa de feminic\u00eddio \u00e9 preso em Cruz das Almas"},"content":{"rendered":"<div>\n<div>\n<figure><img decoding=\"async\" src=\"http:\/\/noticiasbahia360.com.br\/wp-content\/uploads\/2025\/06\/Operacao-Unum-Corpus.jpg\" alt=\"Opera\u00e7\u00e3o Unum Corpus\"><figcaption>Foto: Pol\u00edcia Civil<\/figcaption><\/figure>\n<\/div>\n<p>A Pol\u00edcia Civil da Bahia, atrav\u00e9s da Delegacia Territorial de <a href=\"https:\/\/www.acordacidade.com.br\/tag\/cruz-das-almas\/\">Cruz das Almas<\/a>, deu cumprimento ao mandado de pris\u00e3o preventiva em desfavor de acusado de tentativa de feminic\u00eddio de iniciais J.P.X., 41 anos, o qual estava foragido h\u00e1 mais de cinco meses.<\/p>\n<p>De acordo com as investiga\u00e7\u00f5es da DT de Cruz das Almas, o acusado atropelou a sua ex namorada, com a inten\u00e7\u00e3o de mat\u00e1-la, por n\u00e3o aceitar o fim do relacionamento amoroso. A v\u00edtima foi atingida nas costas pelo ve\u00edculo Siena conduzido pelo acusado, quando atravessava a faixa de pedestre.<\/p>\n<p>N\u00e3o satisfeito, o acusado passou por cima da v\u00edtima, j\u00e1 ca\u00edda ao solo, deu marcha r\u00e9 e passou novamente sobre suas pernas, fugindo em seguida, imaginando que a v\u00edtima j\u00e1 se encontrava morta.<\/p>\n<p>A equipe de investigadores do SI de Cruz das Almas coletou e analisou v\u00eddeos de c\u00e2meras de seguran\u00e7a de estabelecimentos comerciais e resid\u00eancias na localidade do fato.<\/p>\n<p>Ap\u00f3s an\u00e1lise pelo Delegado de Pol\u00edcia e feito os cruzamento de imagens, se concluiu tratar de feminic\u00eddio tentado, tendo o Delegado representado pela decreta\u00e7\u00e3o da pris\u00e3o preventiva do acusado, a qual foi deferida pelo Juiz Criminal.<\/p>\n<p>Ocorre que, percebendo que iria ser preso, o acusado empreendeu fuga e estava na condi\u00e7\u00e3o de foragido, at\u00e9 que finalmente foi preso na manh\u00e3 de hoje, 06\/06\/2025.<\/p>\n<p>A pena base para o crime de feminic\u00eddio \u00e9 de 20 a 40 anos de reclus\u00e3o, a maior do C\u00f3digo Penal. A tentativa de feminic\u00eddio tem a pena reduzida, geralmente para a metade, mas pode ser aumentada se houver qualificadoras ou circunst\u00e2ncias que justifiquem a maior gravidade do delito, como \u00e9 o caso do acusado, por se tratar de crime cometido por motivo torpe e impossibilidade de defesa da v\u00edtima, que se encontrava caminhando pela faixa de pedestre.<\/p>\n<p>O acusado se encontra recolhido na carceragem da Delegacia de Cruz das Almas, a disposi\u00e7\u00e3o da Justi\u00e7a Criminal.<\/p>\n<p><em>Siga o Acorda Cidade no<\/em><a href=\"https:\/\/news.google.com\/search?q=acorda%20cidade&amp;hl=pt-BR&amp;gl=BR&amp;ceid=BR%3Apt-419\"><strong><em> Google Not\u00edcias<\/em><\/strong><\/a><em> e receba os principais destaques do dia. Participe tamb\u00e9m dos nossos canais no <\/em><a href=\"https:\/\/whatsapp.com\/channel\/0029Va6Rb4v3WHTNnsh8WI3N\"><strong><em>WhatsApp<\/em><\/strong><\/a><em> e <\/em><a href=\"https:\/\/www.youtube.com\/@acordacidadenoticias\/videos\"><strong>Youtube<\/strong><\/a><em> e grupo de <\/em><a href=\"https:\/\/t.me\/+sSz0khrgARA0ZmRh\"><strong><em>Telegram<\/em><\/strong><\/a><em>.<\/em><\/p>\n<\/div>\n","protected":false},"excerpt":{"rendered":"<div>\n<div>\n<figure><img decoding=\"async\" src=\"https:\/\/uploads.acordacidade.com.br\/2025\/03\/Operacao-Unum-Corpus.jpg\" alt=\"Opera\u00e7\u00e3o Unum Corpus\"><figcaption>Foto: Pol\u00edcia Civil<\/figcaption><\/figure>\n<\/div>\n<p>A apreens\u00e3o aconteceu no \u00e2mbito da Opera\u00e7\u00e3o Eixo Leste da Pol\u00edcia Civil<\/p><\/div>\n","protected":false},"author":1,"featured_media":89033,"comment_status":"closed","ping_status":"closed","sticky":false,"template":"","format":"gallery","meta":{"footnotes":""},"categories":[8,9,6,57,56,10],"tags":[],"class_list":["post-89032","post","type-post","status-publish","format-gallery","has-post-thumbnail","hentry","category-bahia","category-brasil","category-feira-de-santana","category-mundo","category-policia","category-politica","post_format-post-format-gallery"],"featured_image_urls":{"full":["https:\/\/noticiasbahia360.com.br\/wp-content\/uploads\/2025\/06\/Operacao-Unum-Corpus.jpg",1200,1038,false],"thumbnail":["https:\/\/noticiasbahia360.com.br\/wp-content\/uploads\/2025\/06\/Operacao-Unum-Corpus-150x150.jpg",150,150,true],"medium":["https:\/\/noticiasbahia360.com.br\/wp-content\/uploads\/2025\/06\/Operacao-Unum-Corpus-300x260.jpg",300,260,true],"medium_large":["https:\/\/noticiasbahia360.com.br\/wp-content\/uploads\/2025\/06\/Operacao-Unum-Corpus-768x664.jpg",640,553,true],"large":["https:\/\/noticiasbahia360.com.br\/wp-content\/uploads\/2025\/06\/Operacao-Unum-Corpus-1024x886.jpg",640,554,true],"1536x1536":["https:\/\/noticiasbahia360.com.br\/wp-content\/uploads\/2025\/06\/Operacao-Unum-Corpus.jpg",1200,1038,false],"2048x2048":["https:\/\/noticiasbahia360.com.br\/wp-content\/uploads\/2025\/06\/Operacao-Unum-Corpus.jpg",1200,1038,false],"chromenews-featured":["https:\/\/noticiasbahia360.com.br\/wp-content\/uploads\/2025\/06\/Operacao-Unum-Corpus-1024x886.jpg",1024,886,true],"chromenews-large":["https:\/\/noticiasbahia360.com.br\/wp-content\/uploads\/2025\/06\/Operacao-Unum-Corpus-825x575.jpg",825,575,true],"chromenews-medium":["https:\/\/noticiasbahia360.com.br\/wp-content\/uploads\/2025\/06\/Operacao-Unum-Corpus-590x410.jpg",590,410,true]},"author_info":{"display_name":"noticiasbahia360.com.br","author_link":"https:\/\/noticiasbahia360.com.br\/?author=1"},"category_info":"<a href=\"https:\/\/noticiasbahia360.com.br\/?cat=8\" rel=\"category\">Bahia<\/a> <a href=\"https:\/\/noticiasbahia360.com.br\/?cat=9\" rel=\"category\">Brasil<\/a> <a href=\"https:\/\/noticiasbahia360.com.br\/?cat=6\" rel=\"category\">Feira de Santana<\/a> <a href=\"https:\/\/noticiasbahia360.com.br\/?cat=57\" rel=\"category\">Mundo<\/a> <a href=\"https:\/\/noticiasbahia360.com.br\/?cat=56\" rel=\"category\">Pol\u00edcia<\/a> <a href=\"https:\/\/noticiasbahia360.com.br\/?cat=10\" rel=\"category\">Pol\u00edtica<\/a>","tag_info":"Pol\u00edtica","comment_count":"0","_links":{"self":[{"href":"https:\/\/noticiasbahia360.com.br\/index.php?rest_route=\/wp\/v2\/posts\/89032","targetHints":{"allow":["GET"]}}],"collection":[{"href":"https:\/\/noticiasbahia360.com.br\/index.php?rest_route=\/wp\/v2\/posts"}],"about":[{"href":"https:\/\/noticiasbahia360.com.br\/index.php?rest_route=\/wp\/v2\/types\/post"}],"author":[{"embeddable":true,"href":"https:\/\/noticiasbahia360.com.br\/index.php?rest_route=\/wp\/v2\/users\/1"}],"replies":[{"embeddable":true,"href":"https:\/\/noticiasbahia360.com.br\/index.php?rest_route=%2Fwp%2Fv2%2Fcomments&post=89032"}],"version-history":[{"count":0,"href":"https:\/\/noticiasbahia360.com.br\/index.php?rest_route=\/wp\/v2\/posts\/89032\/revisions"}],"wp:featuredmedia":[{"embeddable":true,"href":"https:\/\/noticiasbahia360.com.br\/index.php?rest_route=\/wp\/v2\/media\/89033"}],"wp:attachment":[{"href":"https:\/\/noticiasbahia360.com.br\/index.php?rest_route=%2Fwp%2Fv2%2Fmedia&parent=89032"}],"wp:term":[{"taxonomy":"category","embeddable":true,"href":"https:\/\/noticiasbahia360.com.br\/index.php?rest_route=%2Fwp%2Fv2%2Fcategories&post=89032"},{"taxonomy":"post_tag","embeddable":true,"href":"https:\/\/noticiasbahia360.com.br\/index.php?rest_route=%2Fwp%2Fv2%2Ftags&post=89032"}],"curies":[{"name":"wp","href":"https:\/\/api.w.org\/{rel}","templated":true}]}}