{"id":89034,"date":"2025-06-06T16:17:10","date_gmt":"2025-06-06T19:17:10","guid":{"rendered":"https:\/\/noticiasbahia360.com.br\/?p=89034"},"modified":"2025-06-06T16:17:10","modified_gmt":"2025-06-06T19:17:10","slug":"sempre-tive-um-feirense-na-construcao-da-minha-trajetoria-diz-jorge-khoury-ao-receber-titulo-em-feira","status":"publish","type":"post","link":"https:\/\/noticiasbahia360.com.br\/?p=89034","title":{"rendered":"\u201cSempre tive um feirense na constru\u00e7\u00e3o da minha trajet\u00f3ria\u201d, diz Jorge Khoury ao receber t\u00edtulo em Feira"},"content":{"rendered":"<div>\n<div>\n<figure><img decoding=\"async\" src=\"http:\/\/noticiasbahia360.com.br\/wp-content\/uploads\/2025\/06\/Q41kh0SH-Jorge-Khoury-recebe-titulo-de-cidadao-feirense.webp\" alt=\"Jorge Khoury recebe t\u00edtulo de cidad\u00e3o feirense -\"><figcaption>Foto: Divulga\u00e7\u00e3o\/CMFS<\/figcaption><\/figure>\n<\/div>\n<p>\u201cFeira \u00e9 m\u00e3e de ilustres personalidades, como a guerreira Maria Quit\u00e9ria, os cantores Carlos Pitta e Lu\u00eds Caldas, o artista visual, arquiteto e poeta Juraci D\u00f3rea e o l\u00edder religioso e embaixador da paz Divaldo Franco. Mas, sobretudo, \u00e9 um pouso acolhedor para os que aqui chegam\u201d. A defini\u00e7\u00e3o \u00e9 de Jorge Khoury, o juazeirense de nascimento, que na noite de quinta-feira (5) comemorou com familiares, amigos e lideran\u00e7as pol\u00edticas e empresariais do estado o <a href=\"https:\/\/www.acordacidade.com.br\/tag\/titulo-de-cidadao-feirense\/\">T\u00edtulo de Cidad\u00e3o Feirense<\/a>, concedido pela C\u00e2mara Municipal, por iniciativa do vereador Lulinha da Gente (UB).<\/p>\n<p>Engenheiro Civil por forma\u00e7\u00e3o, Khoury atuou como professor e acompanhou de perto o desenvolvimento educacional da regi\u00e3o em que nasceu, inclusive integrando o primeiro Conselho do campus da Uneb em Juazeiro e participando ativamente na cria\u00e7\u00e3o da Universidade Federal do Vale do S\u00e3o Francisco. Deputado Federal por cinco mandatos consecutivos, sempre contou com a parceria de feirenses em sua atua\u00e7\u00e3o parlamentar, bem como quando foi secret\u00e1rio de estado. Ele citou Jo\u00e3o Durval, S\u00e9rgio Carneiro e Z\u00e9 Neto, dentre os que fazem parte de sua trajet\u00f3ria.<\/p>\n<figure class=\"wp-block-image size-large\"><img fetchpriority=\"high\" data-dominant-color=\"858c95\" data-has-transparency=\"false\" style=\"--dominant-color: #858c95;\" fetchpriority=\"high\" decoding=\"async\" width=\"1189\" height=\"768\" sizes=\"(max-width: 1189px) 100vw, 1189px\" src=\"http:\/\/noticiasbahia360.com.br\/wp-content\/uploads\/2025\/06\/a87fG6zk-Jorge-Khoury-recebe-titulo-de-cidadao-feirense-1189x768-1.webp\" alt=\"Jorge Khoury recebe t\u00edtulo de cidad\u00e3o feirense -\" class=\"wp-image-563100 not-transparent\" srcset=\"https:\/\/uploads.acordacidade.com.br\/2025\/06\/a87fG6zk-Jorge-Khoury-recebe-titulo-de-cidadao-feirense--565x365.webp 565w, http:\/\/noticiasbahia360.com.br\/wp-content\/uploads\/2025\/06\/a87fG6zk-Jorge-Khoury-recebe-titulo-de-cidadao-feirense-1189x768-1.webp 1189w, https:\/\/uploads.acordacidade.com.br\/2025\/06\/a87fG6zk-Jorge-Khoury-recebe-titulo-de-cidadao-feirense--856x553.webp 856w, https:\/\/uploads.acordacidade.com.br\/2025\/06\/a87fG6zk-Jorge-Khoury-recebe-titulo-de-cidadao-feirense--150x97.webp 150w, https:\/\/uploads.acordacidade.com.br\/2025\/06\/a87fG6zk-Jorge-Khoury-recebe-titulo-de-cidadao-feirense-.webp 1200w\"><figcaption class=\"wp-element-caption\">Foto: Divulga\u00e7\u00e3o\/CMFS<\/figcaption><\/figure>\n<p>Lembrando que Juazeiro \u00e9 considerada a Princesa do S\u00e3o Francisco e Feira a Princesa do Sert\u00e3o \u2013 batizada por Ruy Barbosa \u2013 o ex-prefeito de Juazeiro e primeiro secret\u00e1rio de Meio Ambiente da Bahia festejou o fato de receber a cidadania feirense no Dia do Meio Ambiente, e defendeu a necessidade de promover cada vez mais a responsabilidade socioambiental. \u201cAprendi a reconhecer ainda mais a import\u00e2ncia das nossas ra\u00edzes e a respeitar a pluralidade dos baianos. Somos um s\u00f3 povo\u201d, afirmou. Khoury tamb\u00e9m dirigiu a Uni\u00e3o dos Prefeitos da Bahia (UPB) e a Confedera\u00e7\u00e3o dos Munic\u00edpios.<\/p>\n<p>Defensor do Municipalismo, movimento de grande repercuss\u00e3o na Bahia, desde 2017 conduz as pol\u00edticas do Sebrae, que priorizam a expans\u00e3o da atividade empresarial e fortalecimento dos setores de com\u00e9rcio, servi\u00e7os, ind\u00fastria e agroneg\u00f3cios. \u201cE aqui renovo meu compromisso de continuar trabalhando de forma incans\u00e1vel pelo desenvolvimento de Feira de Santana\u201d, afirmou o homenageado, que dedicou a honraria \u00e0 fam\u00edlia e aos amigos. \u201cSou baiano apaixonado pela Bahia. E quem ama esse Estado, precisa pedir a ben\u00e7\u00e3o a Nossa Senhora Santana para a cidade que conecta, verdadeiramente, todos os baianos: do sert\u00e3o ao litoral\u201d, destacou.<\/p>\n<p>A homenagem a Jorge Khoury foi justificada pelo vereador Lulinha devido ao seu empenho, especialmente por meio do Sebrae, que \u00e9 dirigido na regi\u00e3o por Izailton Reis, em promover a\u00e7\u00f5es voltadas ao desenvolvimento de Feira de Santana e de toda Bahia. \u201c\u00c0 frente dessa institui\u00e7\u00e3o t\u00e3o estrat\u00e9gica, ele tem liderado a\u00e7\u00f5es que fortalecem os pequenos neg\u00f3cios, apoiam os empreendedores e ajudam a movimentar a economia baiana\u201d, disse, complementando que, na sua gest\u00e3o, \u201co Sebrae tem sido um verdadeiro parceiro dos munic\u00edpios, oferecendo capacita\u00e7\u00e3o, incentivo, inova\u00e7\u00e3o e suporte t\u00e9cnico a quem decide empreender\u201d, conforme destacou.<\/p>\n<p>O vasto curr\u00edculo profissional no servi\u00e7o p\u00fablico, segundo o vereador Lulinha da Gente, o credencia a receber a cidadania feirense. Ele lembrou que Jorge Khoury investiu no Centro Industrial Suba\u00e9 (CIS), estimulou parcerias com o Senai para capacita\u00e7\u00e3o de m\u00e3o de obra e, com sua articula\u00e7\u00e3o junto \u00e0 Sudic, obras de infraestrutura e amplia\u00e7\u00e3o de redes de energia e \u00e1gua, tornando o munic\u00edpio mais atraente para novas ind\u00fastrias. \u201cPor tudo isso, Feira de Santana tem, sim, muitos motivos para agradecer\u201d, afirmou Lulinha, citando a import\u00e2ncia da fam\u00edlia na vida de Khoury.<\/p>\n<figure class=\"wp-block-image size-large\"><img data-dominant-color=\"606061\" data-has-transparency=\"false\" style=\"--dominant-color: #606061;\" decoding=\"async\" width=\"1188\" height=\"768\" sizes=\"(max-width: 1188px) 100vw, 1188px\" src=\"http:\/\/noticiasbahia360.com.br\/wp-content\/uploads\/2025\/06\/yMVgEAnh-IMG_5978-300x193-1-1188x768-1.webp\" alt=\"Jorge Khoury recebe t\u00edtulo de cidad\u00e3o feirense -\" class=\"wp-image-563099 not-transparent\" srcset=\"https:\/\/uploads.acordacidade.com.br\/2025\/06\/yMVgEAnh-IMG_5978-300x193-1-564x365.webp 564w, http:\/\/noticiasbahia360.com.br\/wp-content\/uploads\/2025\/06\/yMVgEAnh-IMG_5978-300x193-1-1188x768-1.webp 1188w, https:\/\/uploads.acordacidade.com.br\/2025\/06\/yMVgEAnh-IMG_5978-300x193-1-855x553.webp 855w, https:\/\/uploads.acordacidade.com.br\/2025\/06\/yMVgEAnh-IMG_5978-300x193-1-150x97.webp 150w, https:\/\/uploads.acordacidade.com.br\/2025\/06\/yMVgEAnh-IMG_5978-300x193-1.webp 1200w\"><figcaption class=\"wp-element-caption\">Foto: Divulga\u00e7\u00e3o\/CMFS<\/figcaption><\/figure>\n<p>Sem esconder a emo\u00e7\u00e3o de usar a tribuna da C\u00e2mara, segundo ele, o espa\u00e7o mais significativo da vida pol\u00edtica, por ser a base de tudo, o deputado federal Z\u00e9 Neto (PT) defendeu a import\u00e2ncia do di\u00e1logo, em todos os momentos, mas especialmente diante de grandes desafios, em prol da causa maior que \u00e9 o povo. O parlamentar saudou Jorge Khoury destacando sua atua\u00e7\u00e3o sempre acima de quest\u00f5es partid\u00e1rias. \u201cEsta honraria \u00e9 fruto de seu trabalho\u201d, destacou. J\u00e1 \u00c2ngelo Almeida, deputado estadual licenciado e atual secret\u00e1rio estadual de Desenvolvimento Econ\u00f4mico; citou o apoio \u00e0s pequenas empresas e a sinergia do homenageado com Feira de Santana, \u201ccomo pol\u00edtico e gestor\u201d.<\/p>\n<p>A concorrida sess\u00e3o solene foi conduzida pelo presidente do Legislativo, Marcos Lima (UB), que comp\u00f4s a mesa ao lado do prefeito Jos\u00e9 Ronaldo de Carvalho, que tamb\u00e9m representou Wilson Paes Cardoso, prefeito de Andara\u00ed e presidente da UPB; deputado federal Z\u00e9 Neto; o secret\u00e1rio estadual de Desenvolvimento Econ\u00f4mico, \u00c2ngelo Almeida; o vereador Lulinha da Gente, o homenageado, e sua esposa, Suely Silva Khoury Hedaye. No plen\u00e1rio e na galeria, lideran\u00e7as pol\u00edticas e empresariais de Feira de Santana e da Bahia marcaram presen\u00e7a, assim como o vereador Z\u00e9 Curuca (UB).<\/p>\n<p><em>Siga o Acorda Cidade no<\/em><a href=\"https:\/\/news.google.com\/search?q=acorda%20cidade&amp;hl=pt-BR&amp;gl=BR&amp;ceid=BR%3Apt-419\"><strong><em>\u00a0Google Not\u00edcias<\/em><\/strong><\/a><em>\u00a0e receba os principais destaques do dia. Participe tamb\u00e9m dos nossos canais no\u00a0<\/em><a href=\"https:\/\/www.whatsapp.com\/channel\/0029Va6Rb4v3WHTNnsh8WI3N\"><strong><em>WhatsApp<\/em><\/strong><\/a><em>\u00a0e\u00a0<\/em><a href=\"https:\/\/www.youtube.com\/@acordacidadenoticias\/videos\"><strong>Youtube<\/strong><\/a><em>\u00a0e grupo de\u00a0<\/em><a href=\"https:\/\/t.me\/+sSz0khrgARA0ZmRh\"><strong><em>Telegram<\/em><\/strong><\/a><em>.<\/em><\/p>\n<\/div>\n","protected":false},"excerpt":{"rendered":"<div>\n<div>\n<figure><img decoding=\"async\" src=\"https:\/\/uploads.acordacidade.com.br\/2025\/06\/Q41kh0SH-Jorge-Khoury-recebe-titulo-de-cidadao-feirense.webp\" alt=\"Jorge Khoury recebe t\u00edtulo de cidad\u00e3o feirense -\"><figcaption>Foto: Divulga\u00e7\u00e3o\/CMFS<\/figcaption><\/figure>\n<\/div>\n<p>A homenagem a Jorge Khoury foi justificada pelo vereador Lulinha devido ao seu empenho, especialmente por meio do Sebrae.<\/p><\/div>\n","protected":false},"author":1,"featured_media":89035,"comment_status":"closed","ping_status":"closed","sticky":false,"template":"","format":"gallery","meta":{"footnotes":""},"categories":[8,9,6,57,56,10],"tags":[],"class_list":["post-89034","post","type-post","status-publish","format-gallery","has-post-thumbnail","hentry","category-bahia","category-brasil","category-feira-de-santana","category-mundo","category-policia","category-politica","post_format-post-format-gallery"],"featured_image_urls":{"full":["https:\/\/noticiasbahia360.com.br\/wp-content\/uploads\/2025\/06\/Q41kh0SH-Jorge-Khoury-recebe-titulo-de-cidadao-feirense.webp",1200,800,false],"thumbnail":["https:\/\/noticiasbahia360.com.br\/wp-content\/uploads\/2025\/06\/Q41kh0SH-Jorge-Khoury-recebe-titulo-de-cidadao-feirense-150x150.webp",150,150,true],"medium":["https:\/\/noticiasbahia360.com.br\/wp-content\/uploads\/2025\/06\/Q41kh0SH-Jorge-Khoury-recebe-titulo-de-cidadao-feirense-300x200.webp",300,200,true],"medium_large":["https:\/\/noticiasbahia360.com.br\/wp-content\/uploads\/2025\/06\/Q41kh0SH-Jorge-Khoury-recebe-titulo-de-cidadao-feirense-768x512.webp",640,427,true],"large":["https:\/\/noticiasbahia360.com.br\/wp-content\/uploads\/2025\/06\/Q41kh0SH-Jorge-Khoury-recebe-titulo-de-cidadao-feirense-1024x683.webp",640,427,true],"1536x1536":["https:\/\/noticiasbahia360.com.br\/wp-content\/uploads\/2025\/06\/Q41kh0SH-Jorge-Khoury-recebe-titulo-de-cidadao-feirense.webp",1200,800,false],"2048x2048":["https:\/\/noticiasbahia360.com.br\/wp-content\/uploads\/2025\/06\/Q41kh0SH-Jorge-Khoury-recebe-titulo-de-cidadao-feirense.webp",1200,800,false],"chromenews-featured":["https:\/\/noticiasbahia360.com.br\/wp-content\/uploads\/2025\/06\/Q41kh0SH-Jorge-Khoury-recebe-titulo-de-cidadao-feirense-1024x683.webp",1024,683,true],"chromenews-large":["https:\/\/noticiasbahia360.com.br\/wp-content\/uploads\/2025\/06\/Q41kh0SH-Jorge-Khoury-recebe-titulo-de-cidadao-feirense-825x575.webp",825,575,true],"chromenews-medium":["https:\/\/noticiasbahia360.com.br\/wp-content\/uploads\/2025\/06\/Q41kh0SH-Jorge-Khoury-recebe-titulo-de-cidadao-feirense-590x410.webp",590,410,true]},"author_info":{"display_name":"noticiasbahia360.com.br","author_link":"https:\/\/noticiasbahia360.com.br\/?author=1"},"category_info":"<a href=\"https:\/\/noticiasbahia360.com.br\/?cat=8\" rel=\"category\">Bahia<\/a> <a href=\"https:\/\/noticiasbahia360.com.br\/?cat=9\" rel=\"category\">Brasil<\/a> <a href=\"https:\/\/noticiasbahia360.com.br\/?cat=6\" rel=\"category\">Feira de Santana<\/a> <a href=\"https:\/\/noticiasbahia360.com.br\/?cat=57\" rel=\"category\">Mundo<\/a> <a href=\"https:\/\/noticiasbahia360.com.br\/?cat=56\" rel=\"category\">Pol\u00edcia<\/a> <a href=\"https:\/\/noticiasbahia360.com.br\/?cat=10\" rel=\"category\">Pol\u00edtica<\/a>","tag_info":"Pol\u00edtica","comment_count":"0","_links":{"self":[{"href":"https:\/\/noticiasbahia360.com.br\/index.php?rest_route=\/wp\/v2\/posts\/89034","targetHints":{"allow":["GET"]}}],"collection":[{"href":"https:\/\/noticiasbahia360.com.br\/index.php?rest_route=\/wp\/v2\/posts"}],"about":[{"href":"https:\/\/noticiasbahia360.com.br\/index.php?rest_route=\/wp\/v2\/types\/post"}],"author":[{"embeddable":true,"href":"https:\/\/noticiasbahia360.com.br\/index.php?rest_route=\/wp\/v2\/users\/1"}],"replies":[{"embeddable":true,"href":"https:\/\/noticiasbahia360.com.br\/index.php?rest_route=%2Fwp%2Fv2%2Fcomments&post=89034"}],"version-history":[{"count":0,"href":"https:\/\/noticiasbahia360.com.br\/index.php?rest_route=\/wp\/v2\/posts\/89034\/revisions"}],"wp:featuredmedia":[{"embeddable":true,"href":"https:\/\/noticiasbahia360.com.br\/index.php?rest_route=\/wp\/v2\/media\/89035"}],"wp:attachment":[{"href":"https:\/\/noticiasbahia360.com.br\/index.php?rest_route=%2Fwp%2Fv2%2Fmedia&parent=89034"}],"wp:term":[{"taxonomy":"category","embeddable":true,"href":"https:\/\/noticiasbahia360.com.br\/index.php?rest_route=%2Fwp%2Fv2%2Fcategories&post=89034"},{"taxonomy":"post_tag","embeddable":true,"href":"https:\/\/noticiasbahia360.com.br\/index.php?rest_route=%2Fwp%2Fv2%2Ftags&post=89034"}],"curies":[{"name":"wp","href":"https:\/\/api.w.org\/{rel}","templated":true}]}}