{"id":89038,"date":"2025-06-06T16:17:24","date_gmt":"2025-06-06T19:17:24","guid":{"rendered":"https:\/\/noticiasbahia360.com.br\/?p=89038"},"modified":"2025-06-06T16:17:24","modified_gmt":"2025-06-06T19:17:24","slug":"estado-da-bahia-tem-mais-de-254-mil-titulos-eleitorais-cancelados","status":"publish","type":"post","link":"https:\/\/noticiasbahia360.com.br\/?p=89038","title":{"rendered":"Estado da Bahia tem mais de 254 mil t\u00edtulos eleitorais cancelados"},"content":{"rendered":"<div>\n<div>\n<figure><img decoding=\"async\" src=\"http:\/\/noticiasbahia360.com.br\/wp-content\/uploads\/2025\/06\/ar3DHzLS-Titulo-cancelado-TRE-BA.webp\" alt=\"T\u00edtulo cancelado\"><figcaption>Foto: Divulga\u00e7\u00e3o\/TRE-BA<\/figcaption><\/figure>\n<\/div>\n<p>Na Bahia, 254.831 t\u00edtulos foram cancelados pela Justi\u00e7a Eleitoral devido \u00e0 aus\u00eancia em tr\u00eas elei\u00e7\u00f5es consecutivas, sem apresenta\u00e7\u00e3o de justificativa nem pagamento das multas correspondentes. Em Salvador, maior col\u00e9gio eleitoral do estado, foram 58.945 documentos cancelados.\u00a0 Os dados est\u00e3o dispon\u00edveis no\u00a0<a href=\"https:\/\/sig.tse.jus.br\/ords\/dwapr\/r\/seai\/sig-faltosos\/home?session=117156024554886\">Portal de Estat\u00edsticas do Tribunal Superior Eleitoral (TSE)<\/a>.<\/p>\n<p>Eleitoras e eleitores com pend\u00eancias tiveram 60 dias, a partir de 20 de mar\u00e7o de 2025, para regularizar a situa\u00e7\u00e3o e evitar o cancelamento autom\u00e1tico da inscri\u00e7\u00e3o. O cancelamento foi efetivado entre os dias 30 de maio e 2 de junho de 2025, conforme previsto na\u00a0<a href=\"https:\/\/www.tse.jus.br\/legislacao\/compilada\/res\/2024\/resolucao-no-23-737-de-27-de-fevereiro-de-2024\">Resolu\u00e7\u00e3o TSE n\u00ba 23.737\/2024<\/a>\u00a0e no\u00a0<a href=\"https:\/\/www.tse.jus.br\/legislacao\/compilada\/prv-cge\/2025\/provimento-cge-no-1-de-27-de-fevereiro-de-2025\">Provimento da Corregedoria-Geral Eleitoral n\u00ba 1\/2025<\/a>.<\/p>\n<h2 class=\"wp-block-heading\" id=\"h-como-consultar-e-regularizar-a-situacao-eleitoral\"><strong>Como consultar e regularizar a situa\u00e7\u00e3o eleitoral<\/strong><\/h2>\n<p>A situa\u00e7\u00e3o eleitoral pode ser verificada gratuitamente pelo aplicativo e-T\u00edtulo, pelo site do TRE-BA (<a href=\"http:\/\/www.tre-ba.jus.br\/\">www.tre-ba.jus.br<\/a>), pelo telefone ou WhatsApp (71) 3373-7000, ou presencialmente nas unidades de atendimento da Justi\u00e7a Eleitoral.<\/p>\n<p>A regulariza\u00e7\u00e3o do t\u00edtulo cancelado tamb\u00e9m pode ser feita de duas formas: on-line, por meio do\u00a0<a href=\"https:\/\/www.tse.jus.br\/servicos-eleitorais\/autoatendimento-eleitoral#\/atendimento-eleitor\"><em>Autoatendimento do Eleitor<\/em><\/a>, na\u00a0<strong>Op\u00e7\u00e3o 6: Regularize seu t\u00edtulo eleitoral cancelado<\/strong>, ou presencialmente, nos cart\u00f3rios eleitorais ou postos de atendimento da Justi\u00e7a Eleitoral. Os\u00a0<a href=\"https:\/\/www.tre-ba.jus.br\/servicos-eleitorais\/servicos-horarios-e-locais\/servicos-horarios-e-locais\">hor\u00e1rios e locais de atendimento na capital e no interior<\/a>\u00a0est\u00e3o dispon\u00edveis no site do TRE-BA.\u00a0<\/p>\n<p><em>Siga o Acorda Cidade no<\/em><a href=\"https:\/\/news.google.com\/search?q=acorda%20cidade&amp;hl=pt-BR&amp;gl=BR&amp;ceid=BR%3Apt-419\"><strong><em>\u00a0Google Not\u00edcias<\/em><\/strong><\/a><em>\u00a0e receba os principais destaques do dia. Participe tamb\u00e9m dos nossos canais no\u00a0<\/em><a href=\"https:\/\/www.whatsapp.com\/channel\/0029Va6Rb4v3WHTNnsh8WI3N\"><strong><em>WhatsApp<\/em><\/strong><\/a><em>\u00a0e\u00a0<\/em><a href=\"https:\/\/www.youtube.com\/@acordacidadenoticias\/videos\"><strong>Youtube<\/strong><\/a><em>\u00a0e grupo de\u00a0<\/em><a href=\"https:\/\/t.me\/+sSz0khrgARA0ZmRh\"><strong><em>Telegram<\/em><\/strong><\/a><em>.<\/em><\/p>\n<\/div>\n","protected":false},"excerpt":{"rendered":"<div>\n<div>\n<figure><img decoding=\"async\" src=\"https:\/\/uploads.acordacidade.com.br\/2025\/06\/ar3DHzLS-Titulo-cancelado-TRE-BA.webp\" alt=\"T\u00edtulo cancelado\"><figcaption>Foto: Divulga\u00e7\u00e3o\/TRE-BA<\/figcaption><\/figure>\n<\/div>\n<p>Salvador, maior col\u00e9gio eleitoral do estado, t\u00eam 58.945 documentos nessa situa\u00e7\u00e3o; n\u00famero se refere a pessoas que deixaram de votar em tr\u00eas elei\u00e7\u00f5es consecutivas, sem justificar a aus\u00eancia nem pagar as multas correspondentes.<\/p><\/div>\n","protected":false},"author":1,"featured_media":89039,"comment_status":"closed","ping_status":"closed","sticky":false,"template":"","format":"gallery","meta":{"footnotes":""},"categories":[8,9,6,57,56,10],"tags":[],"class_list":["post-89038","post","type-post","status-publish","format-gallery","has-post-thumbnail","hentry","category-bahia","category-brasil","category-feira-de-santana","category-mundo","category-policia","category-politica","post_format-post-format-gallery"],"featured_image_urls":{"full":["https:\/\/noticiasbahia360.com.br\/wp-content\/uploads\/2025\/06\/ar3DHzLS-Titulo-cancelado-TRE-BA.webp",1200,579,false],"thumbnail":["https:\/\/noticiasbahia360.com.br\/wp-content\/uploads\/2025\/06\/ar3DHzLS-Titulo-cancelado-TRE-BA-150x150.webp",150,150,true],"medium":["https:\/\/noticiasbahia360.com.br\/wp-content\/uploads\/2025\/06\/ar3DHzLS-Titulo-cancelado-TRE-BA-300x145.webp",300,145,true],"medium_large":["https:\/\/noticiasbahia360.com.br\/wp-content\/uploads\/2025\/06\/ar3DHzLS-Titulo-cancelado-TRE-BA-768x371.webp",640,309,true],"large":["https:\/\/noticiasbahia360.com.br\/wp-content\/uploads\/2025\/06\/ar3DHzLS-Titulo-cancelado-TRE-BA-1024x494.webp",640,309,true],"1536x1536":["https:\/\/noticiasbahia360.com.br\/wp-content\/uploads\/2025\/06\/ar3DHzLS-Titulo-cancelado-TRE-BA.webp",1200,579,false],"2048x2048":["https:\/\/noticiasbahia360.com.br\/wp-content\/uploads\/2025\/06\/ar3DHzLS-Titulo-cancelado-TRE-BA.webp",1200,579,false],"chromenews-featured":["https:\/\/noticiasbahia360.com.br\/wp-content\/uploads\/2025\/06\/ar3DHzLS-Titulo-cancelado-TRE-BA-1024x494.webp",1024,494,true],"chromenews-large":["https:\/\/noticiasbahia360.com.br\/wp-content\/uploads\/2025\/06\/ar3DHzLS-Titulo-cancelado-TRE-BA-825x575.webp",825,575,true],"chromenews-medium":["https:\/\/noticiasbahia360.com.br\/wp-content\/uploads\/2025\/06\/ar3DHzLS-Titulo-cancelado-TRE-BA-590x410.webp",590,410,true]},"author_info":{"display_name":"noticiasbahia360.com.br","author_link":"https:\/\/noticiasbahia360.com.br\/?author=1"},"category_info":"<a href=\"https:\/\/noticiasbahia360.com.br\/?cat=8\" rel=\"category\">Bahia<\/a> <a href=\"https:\/\/noticiasbahia360.com.br\/?cat=9\" rel=\"category\">Brasil<\/a> <a href=\"https:\/\/noticiasbahia360.com.br\/?cat=6\" rel=\"category\">Feira de Santana<\/a> <a href=\"https:\/\/noticiasbahia360.com.br\/?cat=57\" rel=\"category\">Mundo<\/a> <a href=\"https:\/\/noticiasbahia360.com.br\/?cat=56\" rel=\"category\">Pol\u00edcia<\/a> <a href=\"https:\/\/noticiasbahia360.com.br\/?cat=10\" rel=\"category\">Pol\u00edtica<\/a>","tag_info":"Pol\u00edtica","comment_count":"0","_links":{"self":[{"href":"https:\/\/noticiasbahia360.com.br\/index.php?rest_route=\/wp\/v2\/posts\/89038","targetHints":{"allow":["GET"]}}],"collection":[{"href":"https:\/\/noticiasbahia360.com.br\/index.php?rest_route=\/wp\/v2\/posts"}],"about":[{"href":"https:\/\/noticiasbahia360.com.br\/index.php?rest_route=\/wp\/v2\/types\/post"}],"author":[{"embeddable":true,"href":"https:\/\/noticiasbahia360.com.br\/index.php?rest_route=\/wp\/v2\/users\/1"}],"replies":[{"embeddable":true,"href":"https:\/\/noticiasbahia360.com.br\/index.php?rest_route=%2Fwp%2Fv2%2Fcomments&post=89038"}],"version-history":[{"count":0,"href":"https:\/\/noticiasbahia360.com.br\/index.php?rest_route=\/wp\/v2\/posts\/89038\/revisions"}],"wp:featuredmedia":[{"embeddable":true,"href":"https:\/\/noticiasbahia360.com.br\/index.php?rest_route=\/wp\/v2\/media\/89039"}],"wp:attachment":[{"href":"https:\/\/noticiasbahia360.com.br\/index.php?rest_route=%2Fwp%2Fv2%2Fmedia&parent=89038"}],"wp:term":[{"taxonomy":"category","embeddable":true,"href":"https:\/\/noticiasbahia360.com.br\/index.php?rest_route=%2Fwp%2Fv2%2Fcategories&post=89038"},{"taxonomy":"post_tag","embeddable":true,"href":"https:\/\/noticiasbahia360.com.br\/index.php?rest_route=%2Fwp%2Fv2%2Ftags&post=89038"}],"curies":[{"name":"wp","href":"https:\/\/api.w.org\/{rel}","templated":true}]}}