{"id":89040,"date":"2025-06-06T16:20:26","date_gmt":"2025-06-06T19:20:26","guid":{"rendered":"https:\/\/noticiasbahia360.com.br\/?p=89040"},"modified":"2025-06-06T16:20:26","modified_gmt":"2025-06-06T19:20:26","slug":"comandante-do-cpr-l-e-promovido-ao-titulo-de-coronel-no-quadro-de-oficiais-policiais-militares","status":"publish","type":"post","link":"https:\/\/noticiasbahia360.com.br\/?p=89040","title":{"rendered":"Comandante do CPR-L \u00e9 promovido ao t\u00edtulo de coronel no Quadro de Oficiais Policiais Militares"},"content":{"rendered":"<div>\n<div>\n<figure><img decoding=\"async\" src=\"http:\/\/noticiasbahia360.com.br\/wp-content\/uploads\/2025\/06\/LOBSqHcD-Coronel-PM-Muller-.webp\" alt=\"Coronel PM Muller\"><figcaption>Coronel Muller | Foto: Ed Santos\/Acorda Cidade<\/figcaption><\/figure>\n<\/div>\n<p>O agora coronel Michel Alexander Guimar\u00e3es Muller, teve a promo\u00e7\u00e3o anunciada nesta sexta-feira (6) no Di\u00e1rio Oficial Executivo do Estado da Bahia. Ele estava atuando como comandante interino (cargo tempor\u00e1rio) do Comando de Policiamento da Regi\u00e3o Leste (CPR-L), com a altera\u00e7\u00e3o de patente, ele segue oficialmente como Comandante da corpora\u00e7\u00e3o.<\/p>\n<p>Muller come\u00e7ou a trabalhar em Feira de Santana em 2014, quando passou a comandar a 64\u00aa Companhia Independente de Pol\u00edcia Militar. Ele assumiu o comando interino da CPR-L em Feira de Santana em mar\u00e7o deste ano, <a href=\"https:\/\/www.acordacidade.com.br\/policia\/nao-vou-abandonar-feira-de-santana-diz-coronel-antonio-lopes-ao-deixar-cpr-l-para-assumir-subcomando-geral-da-pm\/\">ap\u00f3s a sa\u00edda do Coronel Ant\u00f4nio Lopes<\/a>.<\/p>\n<p><a href=\"https:\/\/www.acordacidade.com.br\/policia\/minha-vida-gira-em-torno-da-pm-bahia-diz-tenente-coronel-muller-que-assume-comando-do-cpr-l\/\" target=\"_blank\" rel=\"noreferrer noopener\">O Coronel Muller \u00e9 natural de Salvador e nascido em uma fam\u00edlia com tradi\u00e7\u00e3o na PM. Na fam\u00edlia, o pai, av\u00f4, irm\u00e3o e primos, s\u00e3o policiais militares.<\/a> O Coronel iniciou sua rela\u00e7\u00e3o com a pol\u00edcia, quando ingressou no Col\u00e9gio da PM ainda na inf\u00e2ncia.<\/p>\n<p>\u201c\u00c9 uma alegria, uma satisfa\u00e7\u00e3o pessoal sem medida, uma realiza\u00e7\u00e3o de um sonho de um garoto. Eu que sou filho, neto, irm\u00e3o, sobrinho, primo de alguns policiais militares e os meus melhores amigos s\u00e3o policiais militares. A minha vida gira em torno dessa Pol\u00edcia Militar. Com 7 anos de idade ingressei para estudar na escola prim\u00e1ria, l\u00e1 em Salvador, estudei no col\u00e9gio da PM at\u00e9 os 17 anos, ingressei na academia da PM com os mesmo 17 anos e com 20 anos j\u00e1 era aspirante, segundo tenente, enfim. A minha vida girou em torno desta corpora\u00e7\u00e3o, est\u00e1 no meu DNA, est\u00e1 no meu sangue, est\u00e1 na minha voca\u00e7\u00e3o ser policial militar\u201d, declarou o novo coronel ao Acorda Cidade.<\/p>\n<p>Segundo o coronel Muller, seis oficiais foram promovidos pelo governo: quatro dentro da estrutura da Pol\u00edcia Militar, dois que atuam na Secretaria de Seguran\u00e7a P\u00fablica (SSP-BA) e mais dois colegas do Corpo de Bombeiros. Ele destacou que aceitou o convite do governador Jer\u00f4nimo Rodrigues n\u00e3o apenas como forma de reconhecimento, mas como um chamado para seguir prestando um servi\u00e7o de qualidade \u00e0 comunidade.<\/p>\n<p>Com 36 anos de carreira e agora ocupando o posto mais alto da corpora\u00e7\u00e3o, o coronel afirmou que sua dedica\u00e7\u00e3o ser\u00e1 ainda maior nesta nova etapa.<\/p>\n<p>\u201cEste \u00e9 o primeiro dos \u00faltimos dias que deve permanecer na Pol\u00edcia Militar, eu vou me dedicar ainda com mais tenacidade, com mais responsabilidade, com mais zelo, com mais cuidado e, sobretudo, transformando a nossa Pol\u00edcia Militar junto com o nosso comandante-geral, coronel Magalh\u00e3es, com o nosso subcomandante-geral, coronel Lopes, com demais coron\u00e9is, com toda a tropa da corpora\u00e7\u00e3o, fazer as transforma\u00e7\u00f5es para a nossa Pol\u00edcia Militar est\u00e1 sempre sendo uma corpora\u00e7\u00e3o de vanguarda em rela\u00e7\u00e3o ao pr\u00f3prio estado brasileiro, acolhedora, vocacionada a proteger pessoas.\u201d<\/p>\n<p>Ele tamb\u00e9m refor\u00e7ou o papel da pol\u00edcia no enfrentamento da criminalidade como parte de uma estrat\u00e9gia mais ampla de redu\u00e7\u00e3o da viol\u00eancia e melhoria de indicadores sociais. O novo coronel apontou a import\u00e2ncia de pol\u00edticas p\u00fablicas que atuem nos territ\u00f3rios mais vulner\u00e1veis, ajudando a combater desigualdades hist\u00f3ricas.<\/p>\n<p>\u201cPara que seja a partir da\u00ed menos necess\u00e1rio for\u00e7a policial atuando em fun\u00e7\u00e3o das inigualdades, das dificuldades que as pessoas t\u00eam, sem vitimizar quem quer que seja, mas a gente precisa de uma comunidade mais assistida e a\u00ed a gente v\u00ea um esfor\u00e7o dos governos com a oferta da escola em tempo integral, eu acho sensacional. \u00c9 uma ideia que se tem de muito tempo e a gente v\u00ea a coisa acontecendo\u201d, frisou.<\/p>\n<p>Muller tamb\u00e9m mencionou os dois coletivos do <a href=\"https:\/\/www.acordacidade.com.br\/feira-de-santana\/prevencao-a-violencia-feira-de-santana-recebe-os-dois-primeiros-coletivos-bahia-pela-paz-do-interior-do-estado\/\">Programa Bahia pela Paz, instalados em Feira de Santana na \u00faltima ter\u00e7a-feira (3)<\/a>, voltados \u00e0 integra\u00e7\u00e3o de pol\u00edticas p\u00fablicas de educa\u00e7\u00e3o, cultura, esporte, sa\u00fade, gera\u00e7\u00e3o de renda e assist\u00eancia social em territ\u00f3rios marcados pela exclus\u00e3o social.<\/p>\n<p>O coronel ainda ressaltou a atua\u00e7\u00e3o da Pol\u00edcia Militar em a\u00e7\u00f5es de enfrentamento \u00e0 fome, por meio de parcerias com programas como o Bahia Sem Fome e com o Movimento de Organiza\u00e7\u00e3o Comunit\u00e1ria (MOC).<\/p>\n<p>Ao comentar sua trajet\u00f3ria at\u00e9 a mais alta patente da PM, Muller fez quest\u00e3o de agradecer \u00e0queles que o inspiraram ao longo da vida, desde a inf\u00e2ncia at\u00e9 a maturidade profissional.<\/p>\n<p>\u201cA come\u00e7ar por meu pai, tenente-coronel F\u00e1bio Oleg\u00e1rio Muller de Azevedo, oficial reformado. Meu pai faz 80 anos, m\u00eas que vem, minha grande inspira\u00e7\u00e3o na PM. [\u2026]\u201d, entre muitos outros oficiais que fizeram parte da sua trajet\u00f3ria.<\/p>\n<p>O novo coronel tamb\u00e9m homenageou colegas e mentores que marcaram sua caminhada. Ele citou nomes como o coronel Adelm\u00e1rio, coronel Nato, coronel Lopes, coronel Magalh\u00e3es, al\u00e9m de pra\u00e7as, oficiais e professores que contribu\u00edram para sua forma\u00e7\u00e3o profissional e pessoal.<\/p>\n<p>\u201cTodos que me antecederam assentaram um tijolo nessa grande constru\u00e7\u00e3o que \u00e9 o comando da regi\u00e3o, e n\u00f3s pretendemos robustecer esse processo de desenvolvimento, aprimorando os saberes de nossa tropa, preparando e qualificando, orientando, acompanhando de perto, dando prote\u00e7\u00e3o tamb\u00e9m ao meu soldado para que ele v\u00e1 para o terreno com seguran\u00e7a, com tranquilidade, de que vai poder voltar para casa e reencontrar suas fam\u00edlias.\u201d<\/p>\n<p>O coronel destacou ainda sua filosofia de comando centrada na valoriza\u00e7\u00e3o do efetivo e na constru\u00e7\u00e3o de uma pol\u00edcia comprometida com os direitos da popula\u00e7\u00e3o.<\/p>\n<p>\u201cE com todo o respeito ao cidad\u00e3o, \u00e0 cidad\u00e3, sobretudo nessa rela\u00e7\u00e3o de prote\u00e7\u00e3o, de acolhimento. E a gente acredita numa pol\u00edcia a seu tempo, em que ela n\u00e3o vai distinguir quem quer que seja por conta de cor de pele, por conta de orienta\u00e7\u00e3o sexual, por conta de op\u00e7\u00e3o, predile\u00e7\u00e3o ou alguma orienta\u00e7\u00e3o religiosa. Ent\u00e3o, a Pol\u00edcia Militar de vanguarda, Pol\u00edcia Militar acolhedora, Pol\u00edcia Militar preparada para os novos tempos, preparadas para o adiante\u201d, completou.<\/p>\n<p><em>Com informa\u00e7\u00f5es do rep\u00f3rter Ed Santos do Acorda Cidade<\/em><\/p>\n<p><strong>Leia tamb\u00e9m:<\/strong><\/p>\n<p><a href=\"https:\/\/www.acordacidade.com.br\/feira-de-santana\/prevencao-a-violencia-feira-de-santana-recebe-os-dois-primeiros-coletivos-bahia-pela-paz-do-interior-do-estado\/\">Preven\u00e7\u00e3o \u00e0 Viol\u00eancia: Feira de Santana recebe os dois primeiros Coletivos Bahia pela Paz do interior do estado<\/a><\/p>\n<p><a href=\"https:\/\/www.acordacidade.com.br\/policia\/minha-vida-gira-em-torno-da-pm-bahia-diz-tenente-coronel-muller-que-assume-comando-do-cpr-l\/\" target=\"_blank\" rel=\"noreferrer noopener\">\u201cMinha vida gira em torno da PM Bahia\u201d, diz tenente-coronel Muller que assume comando do CPR-L<\/a><\/p>\n<p><a href=\"https:\/\/www.acordacidade.com.br\/policia\/nao-vou-abandonar-feira-de-santana-diz-coronel-antonio-lopes-ao-deixar-cpr-l-para-assumir-subcomando-geral-da-pm\/\">\u201cN\u00e3o vou abandonar Feira de Santana\u201d, diz coronel Ant\u00f4nio Lopes ao deixar CPR-L para assumir subcomando geral da PM<\/a><\/p>\n<p><em>Siga o Acorda Cidade no<\/em><a href=\"https:\/\/news.google.com\/search?q=acorda%20cidade&amp;hl=pt-BR&amp;gl=BR&amp;ceid=BR%3Apt-419\"><strong><em>\u00a0Google Not\u00edcias<\/em><\/strong><\/a><em>\u00a0e receba os principais destaques do dia. Participe tamb\u00e9m dos nossos canais no\u00a0<\/em><a href=\"https:\/\/www.whatsapp.com\/channel\/0029Va6Rb4v3WHTNnsh8WI3N\"><strong><em>WhatsApp<\/em><\/strong><\/a><em>\u00a0e\u00a0<\/em><a href=\"https:\/\/www.youtube.com\/@acordacidadenoticias\/videos\"><strong>Youtube<\/strong><\/a><em>\u00a0e grupo de\u00a0<\/em><a href=\"https:\/\/t.me\/+sSz0khrgARA0ZmRh\"><strong><em>Telegram<\/em><\/strong><\/a><em>.<\/em><\/p>\n<\/div>\n","protected":false},"excerpt":{"rendered":"<div>\n<div>\n<figure><img decoding=\"async\" src=\"https:\/\/uploads.acordacidade.com.br\/2025\/06\/LOBSqHcD-Coronel-PM-Muller-.webp\" alt=\"Coronel PM Muller\"><figcaption>Coronel Muller | Foto: Ed Santos\/Acorda Cidade<\/figcaption><\/figure>\n<\/div>\n<p>Coronel Muller come\u00e7ou a trabalhar em Feira de Santana em 2014, quando passou a comandar a 64\u00aa Companhia Independente.<\/p><\/div>\n","protected":false},"author":1,"featured_media":89041,"comment_status":"closed","ping_status":"closed","sticky":false,"template":"","format":"gallery","meta":{"footnotes":""},"categories":[8,9,6,57,56,10],"tags":[],"class_list":["post-89040","post","type-post","status-publish","format-gallery","has-post-thumbnail","hentry","category-bahia","category-brasil","category-feira-de-santana","category-mundo","category-policia","category-politica","post_format-post-format-gallery"],"featured_image_urls":{"full":["https:\/\/noticiasbahia360.com.br\/wp-content\/uploads\/2025\/06\/LOBSqHcD-Coronel-PM-Muller-.webp",1200,675,false],"thumbnail":["https:\/\/noticiasbahia360.com.br\/wp-content\/uploads\/2025\/06\/LOBSqHcD-Coronel-PM-Muller--150x150.webp",150,150,true],"medium":["https:\/\/noticiasbahia360.com.br\/wp-content\/uploads\/2025\/06\/LOBSqHcD-Coronel-PM-Muller--300x169.webp",300,169,true],"medium_large":["https:\/\/noticiasbahia360.com.br\/wp-content\/uploads\/2025\/06\/LOBSqHcD-Coronel-PM-Muller--768x432.webp",640,360,true],"large":["https:\/\/noticiasbahia360.com.br\/wp-content\/uploads\/2025\/06\/LOBSqHcD-Coronel-PM-Muller--1024x576.webp",640,360,true],"1536x1536":["https:\/\/noticiasbahia360.com.br\/wp-content\/uploads\/2025\/06\/LOBSqHcD-Coronel-PM-Muller-.webp",1200,675,false],"2048x2048":["https:\/\/noticiasbahia360.com.br\/wp-content\/uploads\/2025\/06\/LOBSqHcD-Coronel-PM-Muller-.webp",1200,675,false],"chromenews-featured":["https:\/\/noticiasbahia360.com.br\/wp-content\/uploads\/2025\/06\/LOBSqHcD-Coronel-PM-Muller--1024x576.webp",1024,576,true],"chromenews-large":["https:\/\/noticiasbahia360.com.br\/wp-content\/uploads\/2025\/06\/LOBSqHcD-Coronel-PM-Muller--825x575.webp",825,575,true],"chromenews-medium":["https:\/\/noticiasbahia360.com.br\/wp-content\/uploads\/2025\/06\/LOBSqHcD-Coronel-PM-Muller--590x410.webp",590,410,true]},"author_info":{"display_name":"noticiasbahia360.com.br","author_link":"https:\/\/noticiasbahia360.com.br\/?author=1"},"category_info":"<a href=\"https:\/\/noticiasbahia360.com.br\/?cat=8\" rel=\"category\">Bahia<\/a> <a href=\"https:\/\/noticiasbahia360.com.br\/?cat=9\" rel=\"category\">Brasil<\/a> <a href=\"https:\/\/noticiasbahia360.com.br\/?cat=6\" rel=\"category\">Feira de Santana<\/a> <a href=\"https:\/\/noticiasbahia360.com.br\/?cat=57\" rel=\"category\">Mundo<\/a> <a href=\"https:\/\/noticiasbahia360.com.br\/?cat=56\" rel=\"category\">Pol\u00edcia<\/a> <a href=\"https:\/\/noticiasbahia360.com.br\/?cat=10\" rel=\"category\">Pol\u00edtica<\/a>","tag_info":"Pol\u00edtica","comment_count":"0","_links":{"self":[{"href":"https:\/\/noticiasbahia360.com.br\/index.php?rest_route=\/wp\/v2\/posts\/89040","targetHints":{"allow":["GET"]}}],"collection":[{"href":"https:\/\/noticiasbahia360.com.br\/index.php?rest_route=\/wp\/v2\/posts"}],"about":[{"href":"https:\/\/noticiasbahia360.com.br\/index.php?rest_route=\/wp\/v2\/types\/post"}],"author":[{"embeddable":true,"href":"https:\/\/noticiasbahia360.com.br\/index.php?rest_route=\/wp\/v2\/users\/1"}],"replies":[{"embeddable":true,"href":"https:\/\/noticiasbahia360.com.br\/index.php?rest_route=%2Fwp%2Fv2%2Fcomments&post=89040"}],"version-history":[{"count":0,"href":"https:\/\/noticiasbahia360.com.br\/index.php?rest_route=\/wp\/v2\/posts\/89040\/revisions"}],"wp:featuredmedia":[{"embeddable":true,"href":"https:\/\/noticiasbahia360.com.br\/index.php?rest_route=\/wp\/v2\/media\/89041"}],"wp:attachment":[{"href":"https:\/\/noticiasbahia360.com.br\/index.php?rest_route=%2Fwp%2Fv2%2Fmedia&parent=89040"}],"wp:term":[{"taxonomy":"category","embeddable":true,"href":"https:\/\/noticiasbahia360.com.br\/index.php?rest_route=%2Fwp%2Fv2%2Fcategories&post=89040"},{"taxonomy":"post_tag","embeddable":true,"href":"https:\/\/noticiasbahia360.com.br\/index.php?rest_route=%2Fwp%2Fv2%2Ftags&post=89040"}],"curies":[{"name":"wp","href":"https:\/\/api.w.org\/{rel}","templated":true}]}}