{"id":89042,"date":"2025-06-06T16:20:30","date_gmt":"2025-06-06T19:20:30","guid":{"rendered":"https:\/\/noticiasbahia360.com.br\/?p=89042"},"modified":"2025-06-06T16:20:30","modified_gmt":"2025-06-06T19:20:30","slug":"celular-furtado-durante-micareta-foi-devolvido-ao-proprietario-pela-policia-civil","status":"publish","type":"post","link":"https:\/\/noticiasbahia360.com.br\/?p=89042","title":{"rendered":"Celular furtado durante Micareta foi devolvido ao propriet\u00e1rio pela Pol\u00edcia Civil"},"content":{"rendered":"<div>\n<div>\n<figure><img decoding=\"async\" src=\"http:\/\/noticiasbahia360.com.br\/wp-content\/uploads\/2025\/06\/6ydG3hTD-Micareta-de-Feira-2025-Leo-Santana-Beatriz-Rosado-acorda-cidade8.webp\" alt=\"Micareta de Feira 2025\"><figcaption>Foto: Beatriz Rosado\/Acorda Cidade<\/figcaption><\/figure>\n<\/div>\n<p>O caso ocorreu ap\u00f3s uma pessoa de boa-f\u00e9 ter devolvido um aparelho celular de marca Apple, modelo iPhone 11, cor preta, na delegacia Territorial de Humildes, o qual havia sido encontrado na <a href=\"https:\/\/www.acordacidade.com.br\/tag\/avenida-presidente-dutra\/\">Avenida Presidente Dutra<\/a>, durante os festejos da Micareta de Feira de Santana ocorrida no m\u00eas de maio deste ano.<\/p>\n<p>A demanda foi ent\u00e3o encaminhada para a equipe da 1\u00aa COORPIN de Feira de Santana, pois o referido celular se encontrava bloqueado e n\u00e3o havia registro de boletim de ocorr\u00eancia envolvendo o referido aparelho.<\/p>\n<p>Utilizando-se de t\u00e9cnicas investigativas e de intelig\u00eancia, os policiais conseguiram identificar o propriet\u00e1rio do bem, o qual relatou que na verdade havia sido furtado quando curtia a Micareta de Feira, por\u00e9m acabou n\u00e3o registrando o fato na delegacia. Ao que tudo indica, o autor do furto provavelmente acabou perdendo o aparelho ou teria abandonado o produto do crime por raz\u00f5es diversas.<\/p>\n<p>A v\u00edtima ent\u00e3o foi ouvida na sede da Coordenadoria de Feira de Santana e teve seu aparelho restitu\u00eddo. A recupera\u00e7\u00e3o de celulares tem sido uma marca da Pol\u00edcia Civil, refor\u00e7ando sua miss\u00e3o de servir e proteger a sociedade!<\/p>\n<p><em>Siga o Acorda Cidade no<\/em><a href=\"https:\/\/news.google.com\/search?q=acorda%20cidade&amp;hl=pt-BR&amp;gl=BR&amp;ceid=BR%3Apt-419\"><strong><em> Google Not\u00edcias<\/em><\/strong><\/a><em> e receba os principais destaques do dia. Participe tamb\u00e9m dos nossos canais no <\/em><a href=\"https:\/\/whatsapp.com\/channel\/0029Va6Rb4v3WHTNnsh8WI3N\"><strong><em>WhatsApp<\/em><\/strong><\/a><em> e <\/em><a href=\"https:\/\/www.youtube.com\/@acordacidadenoticias\/videos\"><strong>Youtube<\/strong><\/a><em> e grupo de <\/em><a href=\"https:\/\/t.me\/+sSz0khrgARA0ZmRh\"><strong><em>Telegram<\/em><\/strong><\/a><em>.<\/em><\/p>\n<\/div>\n","protected":false},"excerpt":{"rendered":"<div>\n<div>\n<figure><img decoding=\"async\" src=\"https:\/\/uploads.acordacidade.com.br\/2025\/05\/6ydG3hTD-Micareta-de-Feira-2025-Leo-Santana-Beatriz-Rosado-acorda-cidade8.webp\" alt=\"Micareta de Feira 2025\"><figcaption>Foto: Beatriz Rosado\/Acorda Cidade<\/figcaption><\/figure>\n<\/div>\n<p>O dono do celular, que n\u00e3o prestou queixa do fato, foi identificado pela pol\u00edcia atrav\u00e9s de trabalho investigativo de intelig\u00eancia<\/p><\/div>\n","protected":false},"author":1,"featured_media":89043,"comment_status":"closed","ping_status":"closed","sticky":false,"template":"","format":"gallery","meta":{"footnotes":""},"categories":[8,9,6,57,56,10],"tags":[],"class_list":["post-89042","post","type-post","status-publish","format-gallery","has-post-thumbnail","hentry","category-bahia","category-brasil","category-feira-de-santana","category-mundo","category-policia","category-politica","post_format-post-format-gallery"],"featured_image_urls":{"full":["https:\/\/noticiasbahia360.com.br\/wp-content\/uploads\/2025\/06\/6ydG3hTD-Micareta-de-Feira-2025-Leo-Santana-Beatriz-Rosado-acorda-cidade8.webp",1200,800,false],"thumbnail":["https:\/\/noticiasbahia360.com.br\/wp-content\/uploads\/2025\/06\/6ydG3hTD-Micareta-de-Feira-2025-Leo-Santana-Beatriz-Rosado-acorda-cidade8-150x150.webp",150,150,true],"medium":["https:\/\/noticiasbahia360.com.br\/wp-content\/uploads\/2025\/06\/6ydG3hTD-Micareta-de-Feira-2025-Leo-Santana-Beatriz-Rosado-acorda-cidade8-300x200.webp",300,200,true],"medium_large":["https:\/\/noticiasbahia360.com.br\/wp-content\/uploads\/2025\/06\/6ydG3hTD-Micareta-de-Feira-2025-Leo-Santana-Beatriz-Rosado-acorda-cidade8-768x512.webp",640,427,true],"large":["https:\/\/noticiasbahia360.com.br\/wp-content\/uploads\/2025\/06\/6ydG3hTD-Micareta-de-Feira-2025-Leo-Santana-Beatriz-Rosado-acorda-cidade8-1024x683.webp",640,427,true],"1536x1536":["https:\/\/noticiasbahia360.com.br\/wp-content\/uploads\/2025\/06\/6ydG3hTD-Micareta-de-Feira-2025-Leo-Santana-Beatriz-Rosado-acorda-cidade8.webp",1200,800,false],"2048x2048":["https:\/\/noticiasbahia360.com.br\/wp-content\/uploads\/2025\/06\/6ydG3hTD-Micareta-de-Feira-2025-Leo-Santana-Beatriz-Rosado-acorda-cidade8.webp",1200,800,false],"chromenews-featured":["https:\/\/noticiasbahia360.com.br\/wp-content\/uploads\/2025\/06\/6ydG3hTD-Micareta-de-Feira-2025-Leo-Santana-Beatriz-Rosado-acorda-cidade8-1024x683.webp",1024,683,true],"chromenews-large":["https:\/\/noticiasbahia360.com.br\/wp-content\/uploads\/2025\/06\/6ydG3hTD-Micareta-de-Feira-2025-Leo-Santana-Beatriz-Rosado-acorda-cidade8-825x575.webp",825,575,true],"chromenews-medium":["https:\/\/noticiasbahia360.com.br\/wp-content\/uploads\/2025\/06\/6ydG3hTD-Micareta-de-Feira-2025-Leo-Santana-Beatriz-Rosado-acorda-cidade8-590x410.webp",590,410,true]},"author_info":{"display_name":"noticiasbahia360.com.br","author_link":"https:\/\/noticiasbahia360.com.br\/?author=1"},"category_info":"<a href=\"https:\/\/noticiasbahia360.com.br\/?cat=8\" rel=\"category\">Bahia<\/a> <a href=\"https:\/\/noticiasbahia360.com.br\/?cat=9\" rel=\"category\">Brasil<\/a> <a href=\"https:\/\/noticiasbahia360.com.br\/?cat=6\" rel=\"category\">Feira de Santana<\/a> <a href=\"https:\/\/noticiasbahia360.com.br\/?cat=57\" rel=\"category\">Mundo<\/a> <a href=\"https:\/\/noticiasbahia360.com.br\/?cat=56\" rel=\"category\">Pol\u00edcia<\/a> <a href=\"https:\/\/noticiasbahia360.com.br\/?cat=10\" rel=\"category\">Pol\u00edtica<\/a>","tag_info":"Pol\u00edtica","comment_count":"0","_links":{"self":[{"href":"https:\/\/noticiasbahia360.com.br\/index.php?rest_route=\/wp\/v2\/posts\/89042","targetHints":{"allow":["GET"]}}],"collection":[{"href":"https:\/\/noticiasbahia360.com.br\/index.php?rest_route=\/wp\/v2\/posts"}],"about":[{"href":"https:\/\/noticiasbahia360.com.br\/index.php?rest_route=\/wp\/v2\/types\/post"}],"author":[{"embeddable":true,"href":"https:\/\/noticiasbahia360.com.br\/index.php?rest_route=\/wp\/v2\/users\/1"}],"replies":[{"embeddable":true,"href":"https:\/\/noticiasbahia360.com.br\/index.php?rest_route=%2Fwp%2Fv2%2Fcomments&post=89042"}],"version-history":[{"count":0,"href":"https:\/\/noticiasbahia360.com.br\/index.php?rest_route=\/wp\/v2\/posts\/89042\/revisions"}],"wp:featuredmedia":[{"embeddable":true,"href":"https:\/\/noticiasbahia360.com.br\/index.php?rest_route=\/wp\/v2\/media\/89043"}],"wp:attachment":[{"href":"https:\/\/noticiasbahia360.com.br\/index.php?rest_route=%2Fwp%2Fv2%2Fmedia&parent=89042"}],"wp:term":[{"taxonomy":"category","embeddable":true,"href":"https:\/\/noticiasbahia360.com.br\/index.php?rest_route=%2Fwp%2Fv2%2Fcategories&post=89042"},{"taxonomy":"post_tag","embeddable":true,"href":"https:\/\/noticiasbahia360.com.br\/index.php?rest_route=%2Fwp%2Fv2%2Ftags&post=89042"}],"curies":[{"name":"wp","href":"https:\/\/api.w.org\/{rel}","templated":true}]}}