{"id":89044,"date":"2025-06-06T16:20:35","date_gmt":"2025-06-06T19:20:35","guid":{"rendered":"https:\/\/noticiasbahia360.com.br\/?p=89044"},"modified":"2025-06-06T16:20:35","modified_gmt":"2025-06-06T19:20:35","slug":"sao-joao-horario-especial-do-comercio-de-feira-de-santana-comeca-neste-sabado-7-veja-os-horarios","status":"publish","type":"post","link":"https:\/\/noticiasbahia360.com.br\/?p=89044","title":{"rendered":"S\u00e3o Jo\u00e3o: hor\u00e1rio especial do com\u00e9rcio de Feira de Santana come\u00e7a neste s\u00e1bado (7); veja os hor\u00e1rios"},"content":{"rendered":"<div>\n<div>\n<figure><img decoding=\"async\" src=\"http:\/\/noticiasbahia360.com.br\/wp-content\/uploads\/2025\/06\/Comercio-de-Feira-Ney-Silva-acorda-cidade5.jpg\" alt=\"Com\u00e9rcio de Feira\"><figcaption>Foto: Ney Silva\/ Acorda Cidade<\/figcaption><\/figure>\n<\/div>\n<p>O com\u00e9rcio de Feira de Santana inicia neste s\u00e1bado (7) um hor\u00e1rio especial de funcionamento para atender \u00e0 demanda crescente dos consumidores em datas comemorativas como o Dia dos Namorados e as festas juninas. <a href=\"https:\/\/www.acordacidade.com.br\/feira-de-santana\/festejos-juninos-veja-o-horario-especial-do-comercio-de-feira-de-santana\/\">A medida \u00e9 fruto de um acordo entre o Sindicato do Com\u00e9rcio de Feira de Santana (Sicom\u00e9rcio) e o Sindicato dos Empregados no Com\u00e9rcio<\/a>.<\/p>\n<p>O objetivo \u00e9 aproveitar o aumento no fluxo de clientes durante o m\u00eas de junho, que tamb\u00e9m conta com o tradicional Arrai\u00e1 do Com\u00e9rcio, de 7 a 15 de junho.<\/p>\n<p><strong>Confira como fica o funcionamento:<\/strong><\/p>\n<p>S\u00e1bado, 07\/06 \u2013 at\u00e9 as 17h<br \/>Domingo, 08\/06 \u2013 das 9h \u00e0s 13h<br \/>Segunda a quarta, 09 a 11\/06 \u2013 at\u00e9 as 20h<br \/>Quinta-feira, 12\/06 (Dia dos Namorados) \u2013 at\u00e9 as 20h<br \/>Sexta-feira, 13\/06 \u2013 at\u00e9 as 20h<br \/>S\u00e1bado, 14\/06 \u2013 at\u00e9 as 17h<br \/>Domingo, 15\/06 \u2013 das 9h \u00e0s 13h<br \/>Segunda a sexta, 16 a 20\/06 \u2013 at\u00e9 as 20h<br \/>S\u00e1bado, 21\/06 \u2013 at\u00e9 as 18h<br \/>Domingo, 22\/06 \u2013 das 9h \u00e0s 13h<br \/>Segunda-feira, 23\/06 (v\u00e9spera de S\u00e3o Jo\u00e3o) \u2013 at\u00e9 as 16h<\/p>\n<p>A expectativa \u00e9 que o com\u00e9rcio impulsione as vendas e ofere\u00e7a mais comodidade para os consumidores que se preparam para as festividades de junho.<\/p>\n<p><strong>Leia tamb\u00e9m:<\/strong> <a href=\"https:\/\/www.acordacidade.com.br\/feira-de-santana\/festejos-juninos-veja-o-horario-especial-do-comercio-de-feira-de-santana\/\">Festejos Juninos: veja o hor\u00e1rio especial do com\u00e9rcio de Feira de Santana<\/a><\/p>\n<p><em>Siga o Acorda Cidade no<\/em><a href=\"https:\/\/news.google.com\/search?q=acorda%20cidade&amp;hl=pt-BR&amp;gl=BR&amp;ceid=BR%3Apt-419\"><strong><em> Google Not\u00edcias<\/em><\/strong><\/a><em> e receba os principais destaques do dia. Participe tamb\u00e9m dos nossos canais no <\/em><a href=\"https:\/\/whatsapp.com\/channel\/0029Va6Rb4v3WHTNnsh8WI3N\"><strong><em>WhatsApp<\/em><\/strong><\/a><em> e <\/em><a href=\"https:\/\/www.youtube.com\/@acordacidadenoticias\/videos\"><strong>Youtube<\/strong><\/a><em> e grupo de <\/em><a href=\"https:\/\/t.me\/+sSz0khrgARA0ZmRh\"><strong><em>Telegram<\/em><\/strong><\/a><em>.<\/em><\/p>\n<\/div>\n","protected":false},"excerpt":{"rendered":"<div>\n<div>\n<figure><img decoding=\"async\" src=\"https:\/\/www.acordacidade.com.br\/wp-content\/uploads\/2024\/06\/Comercio-de-Feira-Ney-Silva-acorda-cidade5.jpg\" alt=\"Com\u00e9rcio de Feira\"><figcaption>Foto: Ney Silva\/ Acorda Cidade<\/figcaption><\/figure>\n<\/div>\n<p>A expectativa \u00e9 que o com\u00e9rcio impulsione as vendas e ofere\u00e7a mais comodidade para os consumidores que se preparam para as festividades de junho.<\/p><\/div>\n","protected":false},"author":1,"featured_media":89045,"comment_status":"closed","ping_status":"closed","sticky":false,"template":"","format":"gallery","meta":{"footnotes":""},"categories":[8,9,6,57,56,10],"tags":[],"class_list":["post-89044","post","type-post","status-publish","format-gallery","has-post-thumbnail","hentry","category-bahia","category-brasil","category-feira-de-santana","category-mundo","category-policia","category-politica","post_format-post-format-gallery"],"featured_image_urls":{"full":["https:\/\/noticiasbahia360.com.br\/wp-content\/uploads\/2025\/06\/Comercio-de-Feira-Ney-Silva-acorda-cidade5.jpg",640,480,false],"thumbnail":["https:\/\/noticiasbahia360.com.br\/wp-content\/uploads\/2025\/06\/Comercio-de-Feira-Ney-Silva-acorda-cidade5-150x150.jpg",150,150,true],"medium":["https:\/\/noticiasbahia360.com.br\/wp-content\/uploads\/2025\/06\/Comercio-de-Feira-Ney-Silva-acorda-cidade5-300x225.jpg",300,225,true],"medium_large":["https:\/\/noticiasbahia360.com.br\/wp-content\/uploads\/2025\/06\/Comercio-de-Feira-Ney-Silva-acorda-cidade5.jpg",640,480,false],"large":["https:\/\/noticiasbahia360.com.br\/wp-content\/uploads\/2025\/06\/Comercio-de-Feira-Ney-Silva-acorda-cidade5.jpg",640,480,false],"1536x1536":["https:\/\/noticiasbahia360.com.br\/wp-content\/uploads\/2025\/06\/Comercio-de-Feira-Ney-Silva-acorda-cidade5.jpg",640,480,false],"2048x2048":["https:\/\/noticiasbahia360.com.br\/wp-content\/uploads\/2025\/06\/Comercio-de-Feira-Ney-Silva-acorda-cidade5.jpg",640,480,false],"chromenews-featured":["https:\/\/noticiasbahia360.com.br\/wp-content\/uploads\/2025\/06\/Comercio-de-Feira-Ney-Silva-acorda-cidade5.jpg",640,480,false],"chromenews-large":["https:\/\/noticiasbahia360.com.br\/wp-content\/uploads\/2025\/06\/Comercio-de-Feira-Ney-Silva-acorda-cidade5.jpg",640,480,false],"chromenews-medium":["https:\/\/noticiasbahia360.com.br\/wp-content\/uploads\/2025\/06\/Comercio-de-Feira-Ney-Silva-acorda-cidade5-590x410.jpg",590,410,true]},"author_info":{"display_name":"noticiasbahia360.com.br","author_link":"https:\/\/noticiasbahia360.com.br\/?author=1"},"category_info":"<a href=\"https:\/\/noticiasbahia360.com.br\/?cat=8\" rel=\"category\">Bahia<\/a> <a href=\"https:\/\/noticiasbahia360.com.br\/?cat=9\" rel=\"category\">Brasil<\/a> <a href=\"https:\/\/noticiasbahia360.com.br\/?cat=6\" rel=\"category\">Feira de Santana<\/a> <a href=\"https:\/\/noticiasbahia360.com.br\/?cat=57\" rel=\"category\">Mundo<\/a> <a href=\"https:\/\/noticiasbahia360.com.br\/?cat=56\" rel=\"category\">Pol\u00edcia<\/a> <a href=\"https:\/\/noticiasbahia360.com.br\/?cat=10\" rel=\"category\">Pol\u00edtica<\/a>","tag_info":"Pol\u00edtica","comment_count":"0","_links":{"self":[{"href":"https:\/\/noticiasbahia360.com.br\/index.php?rest_route=\/wp\/v2\/posts\/89044","targetHints":{"allow":["GET"]}}],"collection":[{"href":"https:\/\/noticiasbahia360.com.br\/index.php?rest_route=\/wp\/v2\/posts"}],"about":[{"href":"https:\/\/noticiasbahia360.com.br\/index.php?rest_route=\/wp\/v2\/types\/post"}],"author":[{"embeddable":true,"href":"https:\/\/noticiasbahia360.com.br\/index.php?rest_route=\/wp\/v2\/users\/1"}],"replies":[{"embeddable":true,"href":"https:\/\/noticiasbahia360.com.br\/index.php?rest_route=%2Fwp%2Fv2%2Fcomments&post=89044"}],"version-history":[{"count":0,"href":"https:\/\/noticiasbahia360.com.br\/index.php?rest_route=\/wp\/v2\/posts\/89044\/revisions"}],"wp:featuredmedia":[{"embeddable":true,"href":"https:\/\/noticiasbahia360.com.br\/index.php?rest_route=\/wp\/v2\/media\/89045"}],"wp:attachment":[{"href":"https:\/\/noticiasbahia360.com.br\/index.php?rest_route=%2Fwp%2Fv2%2Fmedia&parent=89044"}],"wp:term":[{"taxonomy":"category","embeddable":true,"href":"https:\/\/noticiasbahia360.com.br\/index.php?rest_route=%2Fwp%2Fv2%2Fcategories&post=89044"},{"taxonomy":"post_tag","embeddable":true,"href":"https:\/\/noticiasbahia360.com.br\/index.php?rest_route=%2Fwp%2Fv2%2Ftags&post=89044"}],"curies":[{"name":"wp","href":"https:\/\/api.w.org\/{rel}","templated":true}]}}