{"id":89046,"date":"2025-06-06T16:30:05","date_gmt":"2025-06-06T19:30:05","guid":{"rendered":"https:\/\/noticiasbahia360.com.br\/?p=89046"},"modified":"2025-06-06T16:30:05","modified_gmt":"2025-06-06T19:30:05","slug":"catolicos-sao-6-em-cada-10-pessoas-na-bahia-mas-seguem-em-queda-cresce-o-numero-de-pessoas-sem-religiao","status":"publish","type":"post","link":"https:\/\/noticiasbahia360.com.br\/?p=89046","title":{"rendered":"Cat\u00f3licos s\u00e3o 6 em cada 10 pessoas na Bahia, mas seguem em queda; cresce o n\u00famero de pessoas sem religi\u00e3o"},"content":{"rendered":"<div>\n<div>\n<figure><img decoding=\"async\" src=\"http:\/\/noticiasbahia360.com.br\/wp-content\/uploads\/2025\/06\/Igreja-Matriz-ft-ney-silva-acorda-cidade2.jpg\" alt=\"catedral - cat\u00f3licos\"><figcaption>Foto: Ney Silva\/Acorda Cidade<\/figcaption><\/figure>\n<\/div>\n<p>A Bahia continua majoritariamente cat\u00f3lica, mas a diversidade religiosa seguiu crescendo no estado, entre os Censos Demogr\u00e1ficos de 2010 e 2022, com perda de participa\u00e7\u00e3o dos cat\u00f3licos na popula\u00e7\u00e3o em geral e aumento da participa\u00e7\u00e3o, sobretudo, dos evang\u00e9licos, mas tamb\u00e9m dos adeptos da umbanda ou candombl\u00e9, de outras religiosidades e das pessoas que n\u00e3o t\u00eam nenhuma religi\u00e3o (incluindo ateus).<\/p>\n<p>Segundo o <a href=\"https:\/\/www.acordacidade.com.br\/tag\/censo-2022\/\">Censo 2022<\/a>, 57,0% da popula\u00e7\u00e3o baiana de 10 anos ou mais de idade \u00e9 cat\u00f3lica, o que significa 7.002.933 pessoas. A participa\u00e7\u00e3o dos cat\u00f3licos no estado era bem pr\u00f3xima da verificada no Brasil como um todo: 56,7% da popula\u00e7\u00e3o brasileira de 10 anos ou mais de idade \u00e9 cat\u00f3lica (100.216.153 pessoas).<\/p>\n<p>Quarto estado mais populoso do pa\u00eds, a Bahia tinha a terceira maior popula\u00e7\u00e3o cat\u00f3lica em termos absolutos (cerca de 7 milh\u00f5es), abaixo de S\u00e3o Paulo (20.459.882) e Minas Gerais (11.487.378), mas apenas a 14\u00aa propor\u00e7\u00e3o de cat\u00f3licos no total (57,0%) e a menor da regi\u00e3o Nordeste. Piau\u00ed (77,4%), Cear\u00e1 (70,4%) e Para\u00edba (69,0%) tinham as maiores propor\u00e7\u00f5es de cat\u00f3licos na popula\u00e7\u00e3o; Roraima (37,9%), Acre (38,9%) e Rio de Janeiro (38,9%) tinham as menores.<\/p>\n<p>Na Bahia, os evang\u00e9licos tinham a segunda maior participa\u00e7\u00e3o na popula\u00e7\u00e3o. Eram 23,3% das pessoas de 10 anos ou mais de idade (1 em cada 5), ou 2.869.362, em n\u00fameros absolutos. O estado tinha a quarta maior popula\u00e7\u00e3o evang\u00e9lica do pa\u00eds, mas s\u00f3 a 20\u00aa propor\u00e7\u00e3o entre as 27 unidades da Federa\u00e7\u00e3o (ou a 8\u00aa menor).<\/p>\n<p>No Brasil como um todo, em 2022, as pessoas evang\u00e9licas somavam 47.418.024, representando 26,9% das popula\u00e7\u00e3o de 10 anos ou mais de idade. S\u00e3o Paulo (10,7 milh\u00f5es de pessoas), Rio de Janeiro (4,5 milh\u00f5es) e Minas Gerais (4,5 milh\u00f5es) lideravam em n\u00fameros absolutos de evang\u00e9licos. Acre (44,4%), Rond\u00f4nia (41,1%) e Amazonas (39,4%) tinham as maiores participa\u00e7\u00f5es deles na popula\u00e7\u00e3o em geral \u2013 os dois primeiros eram os \u00fanicos estados com predomin\u00e2ncia de pessoas evang\u00e9licas.<\/p>\n<p>Com participa\u00e7\u00f5es praticamente iguais, na Bahia, vinham, em seguida, as pessoas esp\u00edritas (123.375, ou 1,0% do total) e as adeptas da umbanda e candombl\u00e9 (123.322, 1,0% do total). O estado tinha o 6\u00ba maior contingente de esp\u00edritas e o 12\u00ba percentual. Tinha, ainda, a 4\u00aa maior popula\u00e7\u00e3o adepta de religi\u00f5es de matriz africana, e o 4\u00ba maior percentual, num ranking liderado por Rio Grande do Sul (3,2% de umbanda ou candombl\u00e9), Rio de Janeiro (2,6%) e S\u00e3o Paulo (1,5%).<\/p>\n<p>No Brasil como um todo, 1,8% das pessoas de 10 anos ou mais de idade eram esp\u00edritas (3,3 milh\u00f5es), enquanto 1,1% eram da umbanda ou candombl\u00e9 (1,9 milh\u00e3o). Mas, de fato, depois de cat\u00f3licos e evang\u00e9licos, tanto na Bahia quanto no Brasil como um todo, o grupo mais representativo era o das pessoas sem religi\u00e3o. Elas somavam 1.586.137 no estado, ou 12,9% da popula\u00e7\u00e3o de 10 anos ou mais de idade, e 16,4 milh\u00f5es no pa\u00eds (9,3% das pessoas de 10 anos ou mais).<\/p>\n<p>A Bahia tinha a 3\u00aa maior popula\u00e7\u00e3o sem religi\u00e3o, abaixo de S\u00e3o Paulo (4,1 milh\u00f5es) e Rio de Janeiro (2,4 milh\u00f5es), e a 3\u00aa maior participa\u00e7\u00e3o dela no total, menor apenas do que as verificadas no Rio de Janeiro (16,9%) e Roraima (16,9%) e empatada, no arredondamento, com a de Rond\u00f4nia (12,9%).<\/p>\n<p><em>Fonte: <a href=\"https:\/\/www.bahianoticias.com.br\/noticia\/305422-catolicos-sao-6-em-cada-10-pessoas-na-bahia-mas-seguem-em-queda-evangelicos-e-sem-religiao-crescem-na-ultima-decada\" target=\"_blank\" rel=\"noreferrer noopener\">Bahia Not\u00edcias<\/a><\/em><\/p>\n<p><em>Siga o Acorda Cidade no<\/em><a href=\"https:\/\/news.google.com\/search?q=acorda%20cidade&amp;hl=pt-BR&amp;gl=BR&amp;ceid=BR%3Apt-419\"><strong><em>\u00a0Google Not\u00edcias<\/em><\/strong><\/a><em>\u00a0e receba os principais destaques do dia. Participe tamb\u00e9m dos nossos canais no\u00a0<\/em><a href=\"https:\/\/www.whatsapp.com\/channel\/0029Va6Rb4v3WHTNnsh8WI3N\"><strong><em>WhatsApp<\/em><\/strong><\/a><em>\u00a0e\u00a0<\/em><a href=\"https:\/\/www.youtube.com\/@acordacidadenoticias\/videos\"><strong>Youtube<\/strong><\/a><em>\u00a0e grupo de\u00a0<\/em><a href=\"https:\/\/t.me\/+sSz0khrgARA0ZmRh\"><strong><em>Telegram<\/em><\/strong><\/a><em>.<\/em><\/p>\n<\/div>\n","protected":false},"excerpt":{"rendered":"<div>\n<div>\n<figure><img decoding=\"async\" src=\"https:\/\/uploads.acordacidade.com.br\/2025\/03\/Igreja-Matriz-ft-ney-silva-acorda-cidade2.jpg\" alt=\"catedral - cat\u00f3licos\"><figcaption>Foto: Ney Silva\/Acorda Cidade<\/figcaption><\/figure>\n<\/div>\n<p>Segundo o Censo 2022, 57,0% da popula\u00e7\u00e3o baiana de 10 anos ou mais de idade \u00e9 cat\u00f3lica, o que significa 7.002.933 pessoas.<\/p><\/div>\n","protected":false},"author":1,"featured_media":89047,"comment_status":"closed","ping_status":"closed","sticky":false,"template":"","format":"gallery","meta":{"footnotes":""},"categories":[8,9,6,57,56,10],"tags":[],"class_list":["post-89046","post","type-post","status-publish","format-gallery","has-post-thumbnail","hentry","category-bahia","category-brasil","category-feira-de-santana","category-mundo","category-policia","category-politica","post_format-post-format-gallery"],"featured_image_urls":{"full":["https:\/\/noticiasbahia360.com.br\/wp-content\/uploads\/2025\/06\/Igreja-Matriz-ft-ney-silva-acorda-cidade2.jpg",1920,1440,false],"thumbnail":["https:\/\/noticiasbahia360.com.br\/wp-content\/uploads\/2025\/06\/Igreja-Matriz-ft-ney-silva-acorda-cidade2-150x150.jpg",150,150,true],"medium":["https:\/\/noticiasbahia360.com.br\/wp-content\/uploads\/2025\/06\/Igreja-Matriz-ft-ney-silva-acorda-cidade2-300x225.jpg",300,225,true],"medium_large":["https:\/\/noticiasbahia360.com.br\/wp-content\/uploads\/2025\/06\/Igreja-Matriz-ft-ney-silva-acorda-cidade2-768x576.jpg",640,480,true],"large":["https:\/\/noticiasbahia360.com.br\/wp-content\/uploads\/2025\/06\/Igreja-Matriz-ft-ney-silva-acorda-cidade2-1024x768.jpg",640,480,true],"1536x1536":["https:\/\/noticiasbahia360.com.br\/wp-content\/uploads\/2025\/06\/Igreja-Matriz-ft-ney-silva-acorda-cidade2-1536x1152.jpg",1536,1152,true],"2048x2048":["https:\/\/noticiasbahia360.com.br\/wp-content\/uploads\/2025\/06\/Igreja-Matriz-ft-ney-silva-acorda-cidade2.jpg",1920,1440,false],"chromenews-featured":["https:\/\/noticiasbahia360.com.br\/wp-content\/uploads\/2025\/06\/Igreja-Matriz-ft-ney-silva-acorda-cidade2-1024x768.jpg",1024,768,true],"chromenews-large":["https:\/\/noticiasbahia360.com.br\/wp-content\/uploads\/2025\/06\/Igreja-Matriz-ft-ney-silva-acorda-cidade2-825x575.jpg",825,575,true],"chromenews-medium":["https:\/\/noticiasbahia360.com.br\/wp-content\/uploads\/2025\/06\/Igreja-Matriz-ft-ney-silva-acorda-cidade2-590x410.jpg",590,410,true]},"author_info":{"display_name":"noticiasbahia360.com.br","author_link":"https:\/\/noticiasbahia360.com.br\/?author=1"},"category_info":"<a href=\"https:\/\/noticiasbahia360.com.br\/?cat=8\" rel=\"category\">Bahia<\/a> <a href=\"https:\/\/noticiasbahia360.com.br\/?cat=9\" rel=\"category\">Brasil<\/a> <a href=\"https:\/\/noticiasbahia360.com.br\/?cat=6\" rel=\"category\">Feira de Santana<\/a> <a href=\"https:\/\/noticiasbahia360.com.br\/?cat=57\" rel=\"category\">Mundo<\/a> <a href=\"https:\/\/noticiasbahia360.com.br\/?cat=56\" rel=\"category\">Pol\u00edcia<\/a> <a href=\"https:\/\/noticiasbahia360.com.br\/?cat=10\" rel=\"category\">Pol\u00edtica<\/a>","tag_info":"Pol\u00edtica","comment_count":"0","_links":{"self":[{"href":"https:\/\/noticiasbahia360.com.br\/index.php?rest_route=\/wp\/v2\/posts\/89046","targetHints":{"allow":["GET"]}}],"collection":[{"href":"https:\/\/noticiasbahia360.com.br\/index.php?rest_route=\/wp\/v2\/posts"}],"about":[{"href":"https:\/\/noticiasbahia360.com.br\/index.php?rest_route=\/wp\/v2\/types\/post"}],"author":[{"embeddable":true,"href":"https:\/\/noticiasbahia360.com.br\/index.php?rest_route=\/wp\/v2\/users\/1"}],"replies":[{"embeddable":true,"href":"https:\/\/noticiasbahia360.com.br\/index.php?rest_route=%2Fwp%2Fv2%2Fcomments&post=89046"}],"version-history":[{"count":0,"href":"https:\/\/noticiasbahia360.com.br\/index.php?rest_route=\/wp\/v2\/posts\/89046\/revisions"}],"wp:featuredmedia":[{"embeddable":true,"href":"https:\/\/noticiasbahia360.com.br\/index.php?rest_route=\/wp\/v2\/media\/89047"}],"wp:attachment":[{"href":"https:\/\/noticiasbahia360.com.br\/index.php?rest_route=%2Fwp%2Fv2%2Fmedia&parent=89046"}],"wp:term":[{"taxonomy":"category","embeddable":true,"href":"https:\/\/noticiasbahia360.com.br\/index.php?rest_route=%2Fwp%2Fv2%2Fcategories&post=89046"},{"taxonomy":"post_tag","embeddable":true,"href":"https:\/\/noticiasbahia360.com.br\/index.php?rest_route=%2Fwp%2Fv2%2Ftags&post=89046"}],"curies":[{"name":"wp","href":"https:\/\/api.w.org\/{rel}","templated":true}]}}