{"id":89048,"date":"2025-06-06T16:40:12","date_gmt":"2025-06-06T19:40:12","guid":{"rendered":"https:\/\/noticiasbahia360.com.br\/?p=89048"},"modified":"2025-06-06T16:40:12","modified_gmt":"2025-06-06T19:40:12","slug":"ministerio-manda-recolher-oito-marcas-de-azeite-improprias-para-consumo-veja-a-lista","status":"publish","type":"post","link":"https:\/\/noticiasbahia360.com.br\/?p=89048","title":{"rendered":"Minist\u00e9rio manda recolher oito marcas de azeite impr\u00f3prias para consumo; veja a lista"},"content":{"rendered":"<div>\n<div>\n<figure><img decoding=\"async\" src=\"http:\/\/noticiasbahia360.com.br\/wp-content\/uploads\/2025\/06\/0cK5krAk-azeite.jpeg\" alt=\"azeite\"><figcaption>Foto: Freepik<\/figcaption><\/figure>\n<\/div>\n<p>Ag\u00eancia Brasil \u2013 O Minist\u00e9rio da Agricultura e Pecu\u00e1ria (Mapa) divulgou, nesta sexta-feira (6), um alerta para o risco que a ingest\u00e3o de\u00a0<strong>oito marcas de <a href=\"https:\/\/www.acordacidade.com.br\/tag\/azeite\/\">azeite<\/a> de oliva j\u00e1 desclassificadas por fraude<\/strong>\u00a0representa para a sa\u00fade dos consumidores.<img decoding=\"async\" src=\"https:\/\/agenciabrasil.ebc.com.br\/ebc.png?id=1645822&amp;o=node\"><img decoding=\"async\" src=\"https:\/\/agenciabrasil.ebc.com.br\/ebc.gif?id=1645822&amp;o=node\"><\/p>\n<p><strong>As autoridades sanit\u00e1rias determinaram o recolhimento dos lotes considerados impr\u00f3prios para o consumo humano depois que t\u00e9cnicos do Laborat\u00f3rio Federal de Defesa Agropecu\u00e1ria identificaram a presen\u00e7a de outros \u00f3leos vegetais misturados ao azeite.<\/strong><\/p>\n<blockquote class=\"wp-block-quote is-layout-flow wp-block-quote-is-layout-flow\">\n<p>\u201cAs an\u00e1lises confirmaram que os produtos n\u00e3o atendem aos requisitos da Instru\u00e7\u00e3o Normativa n\u00ba 01\/2012, que estabelece os padr\u00f5es de identidade e qualidade do azeite de oliva\u201d, informou o minist\u00e9rio.<\/p>\n<\/blockquote>\n<p>A pasta alerta que a comercializa\u00e7\u00e3o dos lotes desclassificados configura uma infra\u00e7\u00e3o grave e que os estabelecimentos que mantiverem os itens \u00e0 venda podem ser responsabilizados.<\/p>\n<p><strong>Caso algum consumidor tenha adquirido um dos produtos desclassificados, a orienta\u00e7\u00e3o ministerial \u00e9 que n\u00e3o o utilize e procure o estabelecimento onde o adquiriu a fim de pedir sua substitui\u00e7\u00e3o, conforme prev\u00ea o C\u00f3digo de Defesa do Consumidor.<\/strong><\/p>\n<p>Den\u00fancias sobre a comercializa\u00e7\u00e3o desses produtos podem ser feitas pelo canal oficial\u00a0<a href=\"https:\/\/www.gov.br\/acessoainformacao\/pt-br\/falabr\" target=\"_blank\" rel=\"noreferrer noopener\">Fala.BR<\/a>, informando o nome e o endere\u00e7o do local de venda.<\/p>\n<p><strong>Confira, a seguir, a lista das marcas desclassificadas:<\/strong><\/p>\n<figure class=\"wp-block-image size-large is-resized\"><img fetchpriority=\"high\" data-dominant-color=\"f1e0d5\" data-has-transparency=\"false\" decoding=\"async\" width=\"619\" height=\"768\" sizes=\"(max-width: 619px) 100vw, 619px\" src=\"http:\/\/noticiasbahia360.com.br\/wp-content\/uploads\/2025\/06\/PQyudY9X-azeite-marcas-619x768-1.webp\" alt=\"azeite - marcas\" class=\"wp-image-563127 not-transparent\" style=\"--dominant-color: #f1e0d5; width:840px;height:auto\" srcset=\"https:\/\/uploads.acordacidade.com.br\/2025\/06\/PQyudY9X-azeite-marcas-294x365.webp 294w, http:\/\/noticiasbahia360.com.br\/wp-content\/uploads\/2025\/06\/PQyudY9X-azeite-marcas-619x768-1.webp 619w, https:\/\/uploads.acordacidade.com.br\/2025\/06\/PQyudY9X-azeite-marcas-445x553.webp 445w, https:\/\/uploads.acordacidade.com.br\/2025\/06\/PQyudY9X-azeite-marcas-150x186.webp 150w, https:\/\/uploads.acordacidade.com.br\/2025\/06\/PQyudY9X-azeite-marcas.webp 1200w\"><figcaption class=\"wp-element-caption\">Foto: Divulga\u00e7\u00e3o<\/figcaption><\/figure>\n<p><em>Siga o Acorda Cidade no<\/em><a href=\"https:\/\/news.google.com\/search?q=acorda%20cidade&amp;hl=pt-BR&amp;gl=BR&amp;ceid=BR%3Apt-419\"><strong><em>\u00a0Google Not\u00edcias<\/em><\/strong><\/a><em>\u00a0e receba os principais destaques do dia. Participe tamb\u00e9m dos nossos canais no\u00a0<\/em><a href=\"https:\/\/www.whatsapp.com\/channel\/0029Va6Rb4v3WHTNnsh8WI3N\"><strong><em>WhatsApp<\/em><\/strong><\/a><em>\u00a0e\u00a0<\/em><a href=\"https:\/\/www.youtube.com\/@acordacidadenoticias\/videos\"><strong>Youtube<\/strong><\/a><em>\u00a0e grupo de\u00a0<\/em><a href=\"https:\/\/t.me\/+sSz0khrgARA0ZmRh\"><strong><em>Telegram<\/em><\/strong><\/a><em>.<\/em><\/p>\n<\/div>\n","protected":false},"excerpt":{"rendered":"<div>\n<div>\n<figure><img decoding=\"async\" src=\"https:\/\/uploads.acordacidade.com.br\/2024\/09\/0cK5krAk-azeite.jpeg\" alt=\"azeite\"><figcaption>Foto: Freepik<\/figcaption><\/figure>\n<\/div>\n<p>Caso algum consumidor tenha adquirido um dos produtos desclassificados, a orienta\u00e7\u00e3o ministerial \u00e9 que n\u00e3o o utilize o produto.<\/p><\/div>\n","protected":false},"author":1,"featured_media":89049,"comment_status":"closed","ping_status":"closed","sticky":false,"template":"","format":"gallery","meta":{"footnotes":""},"categories":[8,9,6,57,56,10],"tags":[],"class_list":["post-89048","post","type-post","status-publish","format-gallery","has-post-thumbnail","hentry","category-bahia","category-brasil","category-feira-de-santana","category-mundo","category-policia","category-politica","post_format-post-format-gallery"],"featured_image_urls":{"full":["https:\/\/noticiasbahia360.com.br\/wp-content\/uploads\/2025\/06\/0cK5krAk-azeite.jpeg",1170,700,false],"thumbnail":["https:\/\/noticiasbahia360.com.br\/wp-content\/uploads\/2025\/06\/0cK5krAk-azeite-150x150.jpeg",150,150,true],"medium":["https:\/\/noticiasbahia360.com.br\/wp-content\/uploads\/2025\/06\/0cK5krAk-azeite-300x179.jpeg",300,179,true],"medium_large":["https:\/\/noticiasbahia360.com.br\/wp-content\/uploads\/2025\/06\/0cK5krAk-azeite-768x459.jpeg",640,383,true],"large":["https:\/\/noticiasbahia360.com.br\/wp-content\/uploads\/2025\/06\/0cK5krAk-azeite-1024x613.jpeg",640,383,true],"1536x1536":["https:\/\/noticiasbahia360.com.br\/wp-content\/uploads\/2025\/06\/0cK5krAk-azeite.jpeg",1170,700,false],"2048x2048":["https:\/\/noticiasbahia360.com.br\/wp-content\/uploads\/2025\/06\/0cK5krAk-azeite.jpeg",1170,700,false],"chromenews-featured":["https:\/\/noticiasbahia360.com.br\/wp-content\/uploads\/2025\/06\/0cK5krAk-azeite-1024x613.jpeg",1024,613,true],"chromenews-large":["https:\/\/noticiasbahia360.com.br\/wp-content\/uploads\/2025\/06\/0cK5krAk-azeite-825x575.jpeg",825,575,true],"chromenews-medium":["https:\/\/noticiasbahia360.com.br\/wp-content\/uploads\/2025\/06\/0cK5krAk-azeite-590x410.jpeg",590,410,true]},"author_info":{"display_name":"noticiasbahia360.com.br","author_link":"https:\/\/noticiasbahia360.com.br\/?author=1"},"category_info":"<a href=\"https:\/\/noticiasbahia360.com.br\/?cat=8\" rel=\"category\">Bahia<\/a> <a href=\"https:\/\/noticiasbahia360.com.br\/?cat=9\" rel=\"category\">Brasil<\/a> <a href=\"https:\/\/noticiasbahia360.com.br\/?cat=6\" rel=\"category\">Feira de Santana<\/a> <a href=\"https:\/\/noticiasbahia360.com.br\/?cat=57\" rel=\"category\">Mundo<\/a> <a href=\"https:\/\/noticiasbahia360.com.br\/?cat=56\" rel=\"category\">Pol\u00edcia<\/a> <a href=\"https:\/\/noticiasbahia360.com.br\/?cat=10\" rel=\"category\">Pol\u00edtica<\/a>","tag_info":"Pol\u00edtica","comment_count":"0","_links":{"self":[{"href":"https:\/\/noticiasbahia360.com.br\/index.php?rest_route=\/wp\/v2\/posts\/89048","targetHints":{"allow":["GET"]}}],"collection":[{"href":"https:\/\/noticiasbahia360.com.br\/index.php?rest_route=\/wp\/v2\/posts"}],"about":[{"href":"https:\/\/noticiasbahia360.com.br\/index.php?rest_route=\/wp\/v2\/types\/post"}],"author":[{"embeddable":true,"href":"https:\/\/noticiasbahia360.com.br\/index.php?rest_route=\/wp\/v2\/users\/1"}],"replies":[{"embeddable":true,"href":"https:\/\/noticiasbahia360.com.br\/index.php?rest_route=%2Fwp%2Fv2%2Fcomments&post=89048"}],"version-history":[{"count":0,"href":"https:\/\/noticiasbahia360.com.br\/index.php?rest_route=\/wp\/v2\/posts\/89048\/revisions"}],"wp:featuredmedia":[{"embeddable":true,"href":"https:\/\/noticiasbahia360.com.br\/index.php?rest_route=\/wp\/v2\/media\/89049"}],"wp:attachment":[{"href":"https:\/\/noticiasbahia360.com.br\/index.php?rest_route=%2Fwp%2Fv2%2Fmedia&parent=89048"}],"wp:term":[{"taxonomy":"category","embeddable":true,"href":"https:\/\/noticiasbahia360.com.br\/index.php?rest_route=%2Fwp%2Fv2%2Fcategories&post=89048"},{"taxonomy":"post_tag","embeddable":true,"href":"https:\/\/noticiasbahia360.com.br\/index.php?rest_route=%2Fwp%2Fv2%2Ftags&post=89048"}],"curies":[{"name":"wp","href":"https:\/\/api.w.org\/{rel}","templated":true}]}}