{"id":89051,"date":"2025-06-06T16:40:18","date_gmt":"2025-06-06T19:40:18","guid":{"rendered":"https:\/\/noticiasbahia360.com.br\/?p=89051"},"modified":"2025-06-06T16:40:18","modified_gmt":"2025-06-06T19:40:18","slug":"professores-da-rede-municipal-tomam-posse-em-feira-de-santana","status":"publish","type":"post","link":"https:\/\/noticiasbahia360.com.br\/?p=89051","title":{"rendered":"Professores da Rede Municipal tomam posse em Feira de Santana"},"content":{"rendered":"<div>\n<div>\n<figure><img decoding=\"async\" src=\"http:\/\/noticiasbahia360.com.br\/wp-content\/uploads\/2025\/06\/posse_professoresmunicipais_foto_edsantos_acordacidade.jpg\" alt=\"Posse de novos professores municipais em Feira de Santana\"><figcaption>Foto: Ed Santos\/Acorda Cidade<\/figcaption><\/figure>\n<\/div>\n<p>Em <a href=\"https:\/\/www.acordacidade.com.br\/tag\/feira-de-santana\/\">Feira de Santana<\/a>, professores da rede municipal convocados pelo concurso realizado em 2024, foram empossados na manh\u00e3 desta sexta (6), no audit\u00f3rio da Secretaria de Educa\u00e7\u00e3o.\u00a0<\/p>\n<p>Durante discurso, o prefeito Jos\u00e9 Ronaldo explicou que dos 300 professores convocados, 273 foram empossados no total at\u00e9 o momento. H\u00e1 algumas, semanas houve a posse de 236 servidores, e na manh\u00e3 desta sexta, de mais 37.<\/p>\n<p>\u201c\u00c9 um n\u00famero expressivo os 300, \u00e9 um n\u00famero realmente muito significativo. Al\u00e9m disso, foram convocados mais 10 professores de Libras. E desses 10 professores de Libras, at\u00e9 o momento, 7 compareceram e ser\u00e3o empossados nos pr\u00f3ximos dias ap\u00f3s a conclus\u00e3o das formalidades legais da lei.\u201d<\/p>\n<p>No evento, o prefeito expressou as boas vindas aos novos servidores e ressaltou que educa\u00e7\u00e3o p\u00fablica \u00e9 um trabalho feito em conjunto.<\/p>\n<p>\u201cNesse momento \u00e9 um prazer, uma satisfa\u00e7\u00e3o estarmos aqui para assinarmos essa posse. Concluindo minhas breves palavras de sauda\u00e7\u00e3o, e dizer que vamos trabalhar juntos. O prefeito n\u00e3o resolve sozinho esses assuntos, secret\u00e1rio tamb\u00e9m n\u00e3o. Somos parcelas dentro de um sistema de educa\u00e7\u00e3o. Para que Feira melhore a educa\u00e7\u00e3o, torna-se necess\u00e1rio a presen\u00e7a firme, forte, decidida, corajosa, am\u00e1vel, determinada dos professores.\u201d<\/p>\n<figure class=\"wp-block-image size-large\"><img fetchpriority=\"high\" data-dominant-color=\"b8b5ad\" data-has-transparency=\"false\" style=\"--dominant-color: #b8b5ad;\" fetchpriority=\"high\" decoding=\"async\" width=\"1024\" height=\"768\" sizes=\"(max-width: 1024px) 100vw, 1024px\" src=\"http:\/\/noticiasbahia360.com.br\/wp-content\/uploads\/2025\/06\/OGgZkwfR-posse_professoresmunicipais_foto_edsantos_acordacidade_-1-1024x768-1.webp\" alt=\"\" class=\"wp-image-563060 not-transparent\" srcset=\"https:\/\/uploads.acordacidade.com.br\/2025\/06\/OGgZkwfR-posse_professoresmunicipais_foto_edsantos_acordacidade_-1-487x365.webp 487w, http:\/\/noticiasbahia360.com.br\/wp-content\/uploads\/2025\/06\/OGgZkwfR-posse_professoresmunicipais_foto_edsantos_acordacidade_-1-1024x768-1.webp 1024w, https:\/\/uploads.acordacidade.com.br\/2025\/06\/OGgZkwfR-posse_professoresmunicipais_foto_edsantos_acordacidade_-1-737x553.webp 737w, https:\/\/uploads.acordacidade.com.br\/2025\/06\/OGgZkwfR-posse_professoresmunicipais_foto_edsantos_acordacidade_-1-150x113.webp 150w, https:\/\/uploads.acordacidade.com.br\/2025\/06\/OGgZkwfR-posse_professoresmunicipais_foto_edsantos_acordacidade_-1.webp 1200w\"><figcaption class=\"wp-element-caption\">Foto: Ed Santos\/Acorda Cidade<\/figcaption><\/figure>\n<p>Jos\u00e9 Ronaldo relembrou da sua \u00e9poca como educador, reafirmando a satisfa\u00e7\u00e3o no exerc\u00edcio desta profiss\u00e3o.<\/p>\n<p>\u201cEu tive o prazer na minha vida de ser professor por um tempo. Eu era diretor do Hospital Dom Pedro de Alc\u00e2ntara, provedor da Santa Casa, e fui convidado para ser professor de administra\u00e7\u00e3o hospitalar, em um curso t\u00e9cnico que t\u00ednhamos no Col\u00e9gio Assis Chateaubriand, em Feira de Santana. Ent\u00e3o, por tr\u00eas anos, eu dei aula. Ainda hoje eu chego nos locais e muitos dizem assim, o senhor foi meu professor. Aquilo me deixa feliz.\u201d<\/p>\n<h2 class=\"wp-block-heading\" id=\"h-novo-concurso-publico-nbsp\">Novo concurso p\u00fablico\u00a0<\/h2>\n<p>Em entrevista \u00e0 reportagem do Acorda Cidade, o prefeito expressou o desejo de realizar concurso p\u00fablico ainda em 2025.<\/p>\n<p>\u201cEsse concurso de professor vai ser trabalhado, vai ser feito ainda este ano, para que no in\u00edcio do pr\u00f3ximo ano a gente j\u00e1 possa dar posse a esses novos professores na rede municipal de Feira de Santana. Esse trabalho j\u00e1 est\u00e1 sendo feito, \u00e9 um trabalho que demanda tempo para elaborar um concurso, mas a Secretaria de Administra\u00e7\u00e3o j\u00e1 est\u00e1 tomando essas provid\u00eancias.\u201d<\/p>\n<p>O secret\u00e1rio municipal de Educa\u00e7\u00e3o e vice-prefeito, Pablo Roberto, explicou que ainda faltam 27 professores para tomarem posse e completar os 300 servidores convocados. Questionado sobre o n\u00famero ser suficiente para suprir as necessidades atuais da educa\u00e7\u00e3o, o secret\u00e1rio afirmou que as necessidades podem ser vol\u00e1teis.<\/p>\n<figure class=\"wp-block-image size-large\"><img data-dominant-color=\"a19d9a\" data-has-transparency=\"false\" style=\"--dominant-color: #a19d9a;\" decoding=\"async\" width=\"993\" height=\"768\" sizes=\"(max-width: 993px) 100vw, 993px\" src=\"http:\/\/noticiasbahia360.com.br\/wp-content\/uploads\/2025\/06\/1esXXnjS-pabloroberto_posse_professoresmunicipais_foto_edsantos_acordacidade_-993x768-1.webp\" alt=\"Secret\u00e1rio de Educa\u00e7\u00e3o Pablo Roberto na Posse de novos professores municipais em Feira de Santana\" class=\"wp-image-563059 not-transparent\" srcset=\"https:\/\/uploads.acordacidade.com.br\/2025\/06\/1esXXnjS-pabloroberto_posse_professoresmunicipais_foto_edsantos_acordacidade_-472x365.webp 472w, http:\/\/noticiasbahia360.com.br\/wp-content\/uploads\/2025\/06\/1esXXnjS-pabloroberto_posse_professoresmunicipais_foto_edsantos_acordacidade_-993x768-1.webp 993w, https:\/\/uploads.acordacidade.com.br\/2025\/06\/1esXXnjS-pabloroberto_posse_professoresmunicipais_foto_edsantos_acordacidade_-715x553.webp 715w, https:\/\/uploads.acordacidade.com.br\/2025\/06\/1esXXnjS-pabloroberto_posse_professoresmunicipais_foto_edsantos_acordacidade_-150x116.webp 150w, https:\/\/uploads.acordacidade.com.br\/2025\/06\/1esXXnjS-pabloroberto_posse_professoresmunicipais_foto_edsantos_acordacidade_.webp 1200w\"><figcaption class=\"wp-element-caption\">Pablo Roberto, Secretat\u00e1rio Municipal de Educa\u00e7\u00e3o \u2013 Foto: Ed Santos\/Acorda Cidade<\/figcaption><\/figure>\n<p>\u201cSupre no momento, agora, claro que a educa\u00e7\u00e3o \u00e9 muito din\u00e2mica, todos os dias aposenta professores, professores pedem licen\u00e7a, tanto \u00e9 que o prefeito j\u00e1 autorizou a realiza\u00e7\u00e3o de um novo concurso para contratar at\u00e9 mil professores. N\u00f3s abrimos o processo seletivo Reda para contratar 500 cuidadores e o prazo \u00e9 at\u00e9 o dia 10 de junho para que n\u00f3s possamos divulgar o resultado final.\u201d<\/p>\n<h2 class=\"wp-block-heading\" id=\"h-professores-convocados\">Professores convocados<\/h2>\n<figure class=\"wp-block-image size-large\"><img data-dominant-color=\"87837f\" data-has-transparency=\"false\" style=\"--dominant-color: #87837f;\" decoding=\"async\" width=\"1024\" height=\"768\" sizes=\"(max-width: 1024px) 100vw, 1024px\" src=\"http:\/\/noticiasbahia360.com.br\/wp-content\/uploads\/2025\/06\/Q5XlyHm7-posse_professoresmunicipais_foto_edsantos_acordacidade_1-1024x768-1.webp\" alt=\"Posse de novos professores municipais em Feira de Santana\" class=\"wp-image-563057 not-transparent\" srcset=\"https:\/\/uploads.acordacidade.com.br\/2025\/06\/Q5XlyHm7-posse_professoresmunicipais_foto_edsantos_acordacidade_1-487x365.webp 487w, http:\/\/noticiasbahia360.com.br\/wp-content\/uploads\/2025\/06\/Q5XlyHm7-posse_professoresmunicipais_foto_edsantos_acordacidade_1-1024x768-1.webp 1024w, https:\/\/uploads.acordacidade.com.br\/2025\/06\/Q5XlyHm7-posse_professoresmunicipais_foto_edsantos_acordacidade_1-737x553.webp 737w, https:\/\/uploads.acordacidade.com.br\/2025\/06\/Q5XlyHm7-posse_professoresmunicipais_foto_edsantos_acordacidade_1-150x113.webp 150w, https:\/\/uploads.acordacidade.com.br\/2025\/06\/Q5XlyHm7-posse_professoresmunicipais_foto_edsantos_acordacidade_1.webp 1200w\"><figcaption class=\"wp-element-caption\">Foto: Ed Santos\/Acorda Cidade<\/figcaption><\/figure>\n<p>Jo\u00e3o Arthur dos Santos Escol\u00e1stico, 26 anos, foi um dos empossados na ocasi\u00e3o, ele falou em entrevista ao Acorda Cidade sobre a responsabilidade de lecionar e inspirar alunos que desejam seguir na profiss\u00e3o.<\/p>\n<p>\u201cInicialmente, significa muitos desafios, mas ao mesmo tempo \u00e9 muito gratificante poder estar dentro dessa \u00e1rea, que eu percebo que \u00e9 muito importante para a nossa sociedade, e trazer a nossa contribui\u00e7\u00e3o individual\u201d.<\/p>\n<figure class=\"wp-block-image size-large\"><img data-dominant-color=\"9f9c98\" data-has-transparency=\"false\" style=\"--dominant-color: #9f9c98;\" decoding=\"async\" width=\"948\" height=\"768\" sizes=\"(max-width: 948px) 100vw, 948px\" src=\"http:\/\/noticiasbahia360.com.br\/wp-content\/uploads\/2025\/06\/bq1yG5Lm-joao_professormunicipal_posse_foto_edsantos_acordacidade-948x768-1.webp\" alt=\"\" class=\"wp-image-563063 not-transparent\" srcset=\"https:\/\/uploads.acordacidade.com.br\/2025\/06\/bq1yG5Lm-joao_professormunicipal_posse_foto_edsantos_acordacidade-451x365.webp 451w, http:\/\/noticiasbahia360.com.br\/wp-content\/uploads\/2025\/06\/bq1yG5Lm-joao_professormunicipal_posse_foto_edsantos_acordacidade-948x768-1.webp 948w, https:\/\/uploads.acordacidade.com.br\/2025\/06\/bq1yG5Lm-joao_professormunicipal_posse_foto_edsantos_acordacidade-683x553.webp 683w, https:\/\/uploads.acordacidade.com.br\/2025\/06\/bq1yG5Lm-joao_professormunicipal_posse_foto_edsantos_acordacidade-150x122.webp 150w, https:\/\/uploads.acordacidade.com.br\/2025\/06\/bq1yG5Lm-joao_professormunicipal_posse_foto_edsantos_acordacidade.webp 1200w\"><figcaption class=\"wp-element-caption\">Jo\u00e3o Arthur dos Santos, professor \u2013 Foto: Ed Santos\/Acorda Cidade<\/figcaption><\/figure>\n<p>Jo\u00e3o explicou que o desejo em se tornar professor nasceu da admira\u00e7\u00e3o profissional \u201cFoi uma profiss\u00e3o que eu sempre admirei muito. Eu, como estudante, sempre me ajudou muito. E conforme eu fui crescendo, eu me vi nessa posi\u00e7\u00e3o. E a\u00ed, por isso, eu busquei me colocar nesse mundo e hoje em dia n\u00e3o me arrependo.\u201d<\/p>\n<p>O professor Josu\u00e9 Santos Oliveira, 41 anos, tamb\u00e9m empossado hoje, ressaltou a emo\u00e7\u00e3o em poder contribuir com o ensino p\u00fablico.<\/p>\n<p>\u201cEu sou formado em Matem\u00e1tica pela Uefs e a gente cumpre uma etapa aqui na nossa forma\u00e7\u00e3o que \u00e9 estar retornando para o ensino p\u00fablico, formado em uma universidade p\u00fablica e agora sendo professor da rede p\u00fablica de ensino\u201d.<\/p>\n<figure class=\"wp-block-image size-large\"><img loading=\"lazy\" data-dominant-color=\"92918d\" data-has-transparency=\"false\" style=\"--dominant-color: #92918d;\" decoding=\"async\" width=\"1024\" height=\"768\" sizes=\"(max-width: 1024px) 100vw, 1024px\" src=\"http:\/\/noticiasbahia360.com.br\/wp-content\/uploads\/2025\/06\/YyHXVLvt-josue_professormunicipal_posse_foto_edsantos_acordacidade-1024x768-1.webp\" alt=\"Posse de novos professores municipais em Feira de Santana\" class=\"wp-image-563064 not-transparent\" srcset=\"https:\/\/uploads.acordacidade.com.br\/2025\/06\/YyHXVLvt-josue_professormunicipal_posse_foto_edsantos_acordacidade-487x365.webp 487w, http:\/\/noticiasbahia360.com.br\/wp-content\/uploads\/2025\/06\/YyHXVLvt-josue_professormunicipal_posse_foto_edsantos_acordacidade-1024x768-1.webp 1024w, https:\/\/uploads.acordacidade.com.br\/2025\/06\/YyHXVLvt-josue_professormunicipal_posse_foto_edsantos_acordacidade-737x553.webp 737w, https:\/\/uploads.acordacidade.com.br\/2025\/06\/YyHXVLvt-josue_professormunicipal_posse_foto_edsantos_acordacidade-150x113.webp 150w, https:\/\/uploads.acordacidade.com.br\/2025\/06\/YyHXVLvt-josue_professormunicipal_posse_foto_edsantos_acordacidade.webp 1200w\"><figcaption class=\"wp-element-caption\">Josu\u00e9 Santos, professor \u2013 Foto: Ed Santos\/Acorda Cidade<\/figcaption><\/figure>\n<p>Josu\u00e9 afirmou que pretende ser um agente colaborador para melhorias no \u00edndice intelectual da disciplina.<\/p>\n<p>\u201cA gente que \u00e9 formado em Matem\u00e1tica tem essa miss\u00e3o, uma disciplina t\u00e3o \u00e1rdua, com \u00edndices t\u00e3o baixos no cen\u00e1rio tanto brasileiro como mundial, e a minha perspectiva enquanto professor de Matem\u00e1tica \u00e9 tentar melhorar esses \u00edndices, tentar trazer uma maneira que as pessoas possam entender a Matem\u00e1tica, de uma maneira mais l\u00fadica e uma maneira mais aplicada \u00e0 sociedade\u201d.<\/p>\n<p>Para Ananda Paiva Santos Ferreira, 30 anos, professora de L\u00edngua Portuguesa, tomar posse significou a realiza\u00e7\u00e3o de um sonho ao qual ela se preparou por 5 anos.\u00a0<\/p>\n<p>\u201c\u00c9 a realiza\u00e7\u00e3o de um sonho conquistado, uma vit\u00f3ria muito sonhada e hoje fazer parte do munic\u00edpio de Feira, exercendo minha profiss\u00e3o e poder contribuir com a minha cidade, para mim \u00e9 gratificante demais\u201d, declarou.<\/p>\n<figure class=\"wp-block-image size-large\"><img loading=\"lazy\" data-dominant-color=\"8c8780\" data-has-transparency=\"false\" style=\"--dominant-color: #8c8780;\" decoding=\"async\" width=\"1024\" height=\"768\" sizes=\"(max-width: 1024px) 100vw, 1024px\" src=\"http:\/\/noticiasbahia360.com.br\/wp-content\/uploads\/2025\/06\/wWevBC68-ananda_professoramunicipal_posse_foto_edsantos_acordacidade-1024x768-1.webp\" alt=\"Posse de novos professores municipais em Feira de Santana\" class=\"wp-image-563062 not-transparent\" srcset=\"https:\/\/uploads.acordacidade.com.br\/2025\/06\/wWevBC68-ananda_professoramunicipal_posse_foto_edsantos_acordacidade-487x365.webp 487w, http:\/\/noticiasbahia360.com.br\/wp-content\/uploads\/2025\/06\/wWevBC68-ananda_professoramunicipal_posse_foto_edsantos_acordacidade-1024x768-1.webp 1024w, https:\/\/uploads.acordacidade.com.br\/2025\/06\/wWevBC68-ananda_professoramunicipal_posse_foto_edsantos_acordacidade-737x553.webp 737w, https:\/\/uploads.acordacidade.com.br\/2025\/06\/wWevBC68-ananda_professoramunicipal_posse_foto_edsantos_acordacidade-150x113.webp 150w, https:\/\/uploads.acordacidade.com.br\/2025\/06\/wWevBC68-ananda_professoramunicipal_posse_foto_edsantos_acordacidade.webp 1200w\"><figcaption class=\"wp-element-caption\">Ananda Paiva, professora \u2013 Foto: Ed Santos\/Acorda Cidade<\/figcaption><\/figure>\n<p>Em 2024 quando as provas aconteceram Ananda estava gr\u00e1vida, e hoje toma posse com o filho nos bra\u00e7os. \u201cEstava gr\u00e1vida de oito meses. E agora recebi essa not\u00edcia. Eu esperava porque eu tinha me preparado. Mas quando eu vi, a ficha vai caindo aos poucos.\u201d pontuou.<\/p>\n<p><em>Com informa\u00e7\u00f5es do rep\u00f3rter Ed Santos do Acorda Cidade<\/em><\/p>\n<p><em>Siga o Acorda Cidade no<\/em><a href=\"https:\/\/news.google.com\/search?q=acorda%20cidade&amp;hl=pt-BR&amp;gl=BR&amp;ceid=BR%3Apt-419\"><strong><em> Google Not\u00edcias<\/em><\/strong><\/a><em> e receba os principais destaques do dia. Participe tamb\u00e9m dos nossos canais no <\/em><a href=\"https:\/\/whatsapp.com\/channel\/0029Va6Rb4v3WHTNnsh8WI3N\"><strong><em>WhatsApp<\/em><\/strong><\/a><em> e <\/em><a href=\"https:\/\/www.youtube.com\/@acordacidadenoticias\/videos\"><strong>Youtube<\/strong><\/a><em> e grupo de <\/em><a href=\"https:\/\/t.me\/+sSz0khrgARA0ZmRh\"><strong><em>Telegram<\/em><\/strong><\/a><em>.<\/em><\/p>\n<\/div>\n","protected":false},"excerpt":{"rendered":"<div>\n<div>\n<figure><img decoding=\"async\" src=\"https:\/\/uploads.acordacidade.com.br\/2025\/06\/posse_professoresmunicipais_foto_edsantos_acordacidade.jpg\" alt=\"Posse de novos professores municipais em Feira de Santana\"><figcaption>Foto: Ed Santos\/Acorda Cidade<\/figcaption><\/figure>\n<\/div>\n<p>Nos pr\u00f3ximos dias, mais 27 professores devem ser empossados, completando a posse dos 300 servidores convocados<\/p><\/div>\n","protected":false},"author":1,"featured_media":89052,"comment_status":"closed","ping_status":"closed","sticky":false,"template":"","format":"gallery","meta":{"footnotes":""},"categories":[8,9,6,57,56,10],"tags":[],"class_list":["post-89051","post","type-post","status-publish","format-gallery","has-post-thumbnail","hentry","category-bahia","category-brasil","category-feira-de-santana","category-mundo","category-policia","category-politica","post_format-post-format-gallery"],"featured_image_urls":{"full":["https:\/\/noticiasbahia360.com.br\/wp-content\/uploads\/2025\/06\/posse_professoresmunicipais_foto_edsantos_acordacidade.jpg",1200,900,false],"thumbnail":["https:\/\/noticiasbahia360.com.br\/wp-content\/uploads\/2025\/06\/posse_professoresmunicipais_foto_edsantos_acordacidade-150x150.jpg",150,150,true],"medium":["https:\/\/noticiasbahia360.com.br\/wp-content\/uploads\/2025\/06\/posse_professoresmunicipais_foto_edsantos_acordacidade-300x225.jpg",300,225,true],"medium_large":["https:\/\/noticiasbahia360.com.br\/wp-content\/uploads\/2025\/06\/posse_professoresmunicipais_foto_edsantos_acordacidade-768x576.jpg",640,480,true],"large":["https:\/\/noticiasbahia360.com.br\/wp-content\/uploads\/2025\/06\/posse_professoresmunicipais_foto_edsantos_acordacidade-1024x768.jpg",640,480,true],"1536x1536":["https:\/\/noticiasbahia360.com.br\/wp-content\/uploads\/2025\/06\/posse_professoresmunicipais_foto_edsantos_acordacidade.jpg",1200,900,false],"2048x2048":["https:\/\/noticiasbahia360.com.br\/wp-content\/uploads\/2025\/06\/posse_professoresmunicipais_foto_edsantos_acordacidade.jpg",1200,900,false],"chromenews-featured":["https:\/\/noticiasbahia360.com.br\/wp-content\/uploads\/2025\/06\/posse_professoresmunicipais_foto_edsantos_acordacidade-1024x768.jpg",1024,768,true],"chromenews-large":["https:\/\/noticiasbahia360.com.br\/wp-content\/uploads\/2025\/06\/posse_professoresmunicipais_foto_edsantos_acordacidade-825x575.jpg",825,575,true],"chromenews-medium":["https:\/\/noticiasbahia360.com.br\/wp-content\/uploads\/2025\/06\/posse_professoresmunicipais_foto_edsantos_acordacidade-590x410.jpg",590,410,true]},"author_info":{"display_name":"noticiasbahia360.com.br","author_link":"https:\/\/noticiasbahia360.com.br\/?author=1"},"category_info":"<a href=\"https:\/\/noticiasbahia360.com.br\/?cat=8\" rel=\"category\">Bahia<\/a> <a href=\"https:\/\/noticiasbahia360.com.br\/?cat=9\" rel=\"category\">Brasil<\/a> <a href=\"https:\/\/noticiasbahia360.com.br\/?cat=6\" rel=\"category\">Feira de Santana<\/a> <a href=\"https:\/\/noticiasbahia360.com.br\/?cat=57\" rel=\"category\">Mundo<\/a> <a href=\"https:\/\/noticiasbahia360.com.br\/?cat=56\" rel=\"category\">Pol\u00edcia<\/a> <a href=\"https:\/\/noticiasbahia360.com.br\/?cat=10\" rel=\"category\">Pol\u00edtica<\/a>","tag_info":"Pol\u00edtica","comment_count":"0","_links":{"self":[{"href":"https:\/\/noticiasbahia360.com.br\/index.php?rest_route=\/wp\/v2\/posts\/89051","targetHints":{"allow":["GET"]}}],"collection":[{"href":"https:\/\/noticiasbahia360.com.br\/index.php?rest_route=\/wp\/v2\/posts"}],"about":[{"href":"https:\/\/noticiasbahia360.com.br\/index.php?rest_route=\/wp\/v2\/types\/post"}],"author":[{"embeddable":true,"href":"https:\/\/noticiasbahia360.com.br\/index.php?rest_route=\/wp\/v2\/users\/1"}],"replies":[{"embeddable":true,"href":"https:\/\/noticiasbahia360.com.br\/index.php?rest_route=%2Fwp%2Fv2%2Fcomments&post=89051"}],"version-history":[{"count":0,"href":"https:\/\/noticiasbahia360.com.br\/index.php?rest_route=\/wp\/v2\/posts\/89051\/revisions"}],"wp:featuredmedia":[{"embeddable":true,"href":"https:\/\/noticiasbahia360.com.br\/index.php?rest_route=\/wp\/v2\/media\/89052"}],"wp:attachment":[{"href":"https:\/\/noticiasbahia360.com.br\/index.php?rest_route=%2Fwp%2Fv2%2Fmedia&parent=89051"}],"wp:term":[{"taxonomy":"category","embeddable":true,"href":"https:\/\/noticiasbahia360.com.br\/index.php?rest_route=%2Fwp%2Fv2%2Fcategories&post=89051"},{"taxonomy":"post_tag","embeddable":true,"href":"https:\/\/noticiasbahia360.com.br\/index.php?rest_route=%2Fwp%2Fv2%2Ftags&post=89051"}],"curies":[{"name":"wp","href":"https:\/\/api.w.org\/{rel}","templated":true}]}}