{"id":89062,"date":"2025-06-06T18:50:52","date_gmt":"2025-06-06T21:50:52","guid":{"rendered":"https:\/\/noticiasbahia360.com.br\/?p=89062"},"modified":"2025-06-06T18:50:52","modified_gmt":"2025-06-06T21:50:52","slug":"arraia-do-comercio-de-feira-de-santana-comeca-neste-sabado-7-com-shows-e-quadrilhas","status":"publish","type":"post","link":"https:\/\/noticiasbahia360.com.br\/?p=89062","title":{"rendered":"Arrai\u00e1 do Com\u00e9rcio de Feira de Santana come\u00e7a neste s\u00e1bado (7) com shows e quadrilhas"},"content":{"rendered":"<div>\n<div>\n<figure><img decoding=\"async\" src=\"http:\/\/noticiasbahia360.com.br\/wp-content\/uploads\/2025\/06\/Penultimo-dia-de-Arraia-do-Comercio-Foto-Ney-Silva-Acorda-Cidade.jpg\" alt=\"Pen\u00faltimo dia \/ Quixabeira da Matinha\"><figcaption>Foto: Ney Silva\/ Acorda Cidade<\/figcaption><\/figure>\n<\/div>\n<p>O aguardado Arrai\u00e1 do Com\u00e9rcio de <a href=\"https:\/\/www.acordacidade.com.br\/tag\/feira-de-santana\/\">Feira de Santana<\/a> tem in\u00edcio neste s\u00e1bado (7), prometendo movimentar a cidade com muita m\u00fasica, cultura e tradi\u00e7\u00e3o junina. O evento, realizado pela Prefeitura Municipal em parceria com o Sesc, Senac e Sicom\u00e9rcio, acontece na Pra\u00e7a Bernardino Bahia at\u00e9 o dia 15 de junho, com acesso gratuito para toda a popula\u00e7\u00e3o.<\/p>\n<p>A abertura oficial da festa est\u00e1 marcada para as 18h, logo ap\u00f3s o Festival de Quadrilhas e a apresenta\u00e7\u00e3o do grupo Arquivo Nordestino, que animar\u00e1 o p\u00fablico com muito forr\u00f3. \u00c0s 19h30, a noite ser\u00e1 encerrada com o aut\u00eantico samba de roda da Quixabeira da Matinha, um dos grupos mais tradicionais da regi\u00e3o.<\/p>\n<p>Com uma programa\u00e7\u00e3o recheada de atra\u00e7\u00f5es culturais, o Arrai\u00e1 do Com\u00e9rcio \u00e9 um dos pontos altos das comemora\u00e7\u00f5es juninas na cidade, reunindo fam\u00edlias, turistas e forrozeiros de todas as idades para celebrar a cultura nordestina em grande estilo.<\/p>\n<h2 class=\"wp-block-heading\" id=\"h-confira-a-programacao-completa\">Confira a programa\u00e7\u00e3o completa:<\/h2>\n<h3 class=\"wp-block-heading\" id=\"h-07-06-sabado\">07\/06 \u2013 S\u00e1bado<\/h3>\n<ul class=\"wp-block-list\">\n<li>12h \u00e0s 16h \u2013 Festival de Quadrilhas<\/li>\n<li>16h \u00e0s 18h \u2013 Arquivo Nordestino<\/li>\n<li>18h \u2013 Abertura Oficial do Evento<\/li>\n<li>19h30 \u00e0s 22h \u2013 Quixabeira da matinha<\/li>\n<\/ul>\n<h3 class=\"wp-block-heading\" id=\"h-08-06-domingo\">08\/06 \u2013 Domingo<\/h3>\n<ul class=\"wp-block-list\">\n<li>10h \u00e0s 12h \u2013 Programa\u00e7\u00e3o infantil<\/li>\n<li>Anima\u00e7\u00e3o com Ra\u00ed Santana<\/li>\n<li>Conta\u00e7\u00e3o de Hist\u00f3ria com Neide Kocca<\/li>\n<li>12h \u00e0s 16h \u2013 Festival de Quadrilhas<\/li>\n<li>16h \u00e0s 18h \u2013 Forr\u00f3 Brilho<\/li>\n<li>18h \u00e0s 20h \u2013 Altino Oliveira<\/li>\n<li>20h \u00e0s 22h \u2013 Forroz\u00e3o Balan\u00e7o Forrozeiro<\/li>\n<\/ul>\n<h3 class=\"wp-block-heading\" id=\"h-09-06-segunda-feira\">09\/06 \u2013 Segunda-feira<\/h3>\n<ul class=\"wp-block-list\">\n<li>14h \u00e0s 16h \u2013 Bom de Xote<\/li>\n<li>16h \u00e0s 18h \u2013 Quarteto Nordestino<\/li>\n<li>18h \u00e0s 20h \u2013 Os Bambas do Nordeste<\/li>\n<li>20h \u00e0s 22h \u2013 Vitinho do Forr\u00f3<\/li>\n<\/ul>\n<h3 class=\"wp-block-heading\" id=\"h-10-06-terca-feira\">10\/06 \u2013 Ter\u00e7a-feira<\/h3>\n<ul class=\"wp-block-list\">\n<li>16h \u00e0s 18h \u2013 Forr\u00f3 Primavera<\/li>\n<li>18h \u00e0s 20h \u2013 Os P\u00e9 Quente do Forr\u00f3<\/li>\n<li>20h \u00e0s 22h \u2013 David Jr<\/li>\n<\/ul>\n<h3 class=\"wp-block-heading\" id=\"h-11-06-quarta-feira\">11\/06 \u2013 Quarta-feira<\/h3>\n<ul class=\"wp-block-list\">\n<li>14h \u2013 Apresenta\u00e7\u00e3o do Grupo Conviver Gera\u00e7\u00f5es Sesc<\/li>\n<li>17h \u2013 Tr\u00edduo de Santo Ant\u00f4nio<\/li>\n<li>18h \u00e0s 20h \u2013 Waldomio Lima<\/li>\n<li>20h \u00e0s 22h \u2013 Gislan Suzart<\/li>\n<\/ul>\n<h3 class=\"wp-block-heading\" id=\"h-12-06-quinta-feira\">12\/06 \u2013 Quinta-feira<\/h3>\n<ul class=\"wp-block-list\">\n<li>12h \u00e0s 14h \u2013 Lamir\u00ea do Forr\u00f3<\/li>\n<li>14h \u00e0s 16h \u2013 Trio de Forr\u00f3 do Nordeste<\/li>\n<li>17h \u2013 Tr\u00edduo de Santo Ant\u00f4nio<\/li>\n<li>18h \u00e0s 20h \u2013 Pitta do Forr\u00f3<\/li>\n<li>20h \u00e0s 22h \u2013 Bal\u00e3o Beijo<\/li>\n<\/ul>\n<h3 class=\"wp-block-heading\" id=\"h-13-06-sexta-feira\">13\/06 \u2013 Sexta-feira<\/h3>\n<ul class=\"wp-block-list\">\n<li>12h \u00e0s 16h \u2013 Festival de Quadrilhas<\/li>\n<li>17h \u2013 Tr\u00edduo de Santo Ant\u00f4nio<\/li>\n<li>18h \u00e0s 20h \u2013 Val\u00e9rio Ribeiro<\/li>\n<li>20h \u00e0s 22h \u2013 Del Feliz<\/li>\n<\/ul>\n<h3 class=\"wp-block-heading\" id=\"h-14-06-sabado\">14\/06 \u2013 S\u00e1bado<\/h3>\n<ul class=\"wp-block-list\">\n<li>10h \u00e0s 12h \u2013 Trio Ingazeira<\/li>\n<li>12h \u00e0s 16h \u2013 Festival de Quadrilhas<\/li>\n<li>16h \u00e0s 18h \u2013 Mequinha do Acordeom<\/li>\n<li>18h \u00e0s 20h \u2013 Camilla Lima<\/li>\n<li>20h \u00e0s 22h \u2013 Ra\u00edzes do Nordeste<\/li>\n<\/ul>\n<h3 class=\"wp-block-heading\" id=\"h-15-06-domingo-encerramento-do-arraia-do-comercio\">15\/06 \u2013 Domingo (Encerramento do Arrai\u00e1 do Com\u00e9rcio)<\/h3>\n<ul class=\"wp-block-list\">\n<li>Anima\u00e7\u00e3o com a Turma do Dend\u00ea<\/li>\n<li>Conta\u00e7\u00e3o de Hist\u00f3ria \u201cCantos do Sert\u00e3o\u201d com Pipas Liter\u2019arts<\/li>\n<li>12h \u00e0s 16h \u2013 Festival de Quadrilhas<\/li>\n<li>16h \u00e0s 18h \u2013 Trio Marac\u00e1s<\/li>\n<li>18h \u00e0s 20h \u2013 Sutak do Forr\u00f3<\/li>\n<\/ul>\n<h3 class=\"wp-block-heading\" id=\"h-mercado-de-arte-13h-as-15h\">Mercado de Arte \u2013 13h \u00e0s 15h<\/h3>\n<ul class=\"wp-block-list\">\n<li>07\/06 \u2013 Forr\u00f3 Bala<\/li>\n<li>09\/06 \u2013 Trio Esperan\u00e7a do Nordeste<\/li>\n<li>10\/06 \u2013 Trio Forrozeiro Nordestino<\/li>\n<li>11\/06 \u2013 Forroz\u00e3o Balan\u00e7o Novo<\/li>\n<li>12\/06 \u2013 Trio Bom Balan\u00e7o do Nordeste<\/li>\n<li>13\/06 \u2013 Adilson e Cia<\/li>\n<li>14\/06 \u2013Sambadores do Nordeste<\/li>\n<\/ul>\n<h2 class=\"wp-block-heading\" id=\"h-arraia-do-comercio-tem-comidas-tipicas\">Arrai\u00e1 do Com\u00e9rcio tem comidas t\u00edpicas<\/h2>\n<p>Para completar a experi\u00eancia junina, o Arrai\u00e1 do Com\u00e9rcio contar\u00e1 com barraquinhas de comidas t\u00edpicas, artesanato e produtos da agricultura familiar, fortalecendo a economia solid\u00e1ria e promovendo a valoriza\u00e7\u00e3o dos empreendedores locais. O espa\u00e7o ser\u00e1 uma vitrine para produtores regionais que encontram nas festas populares uma importante fonte de renda.<\/p>\n<p><strong>De acordo com o presidente do Sicom\u00e9rcio Feira de Santana, Marco Silva, o funcionamento do com\u00e9rcio em hor\u00e1rio estendido \u2014 das 8h \u00e0s 20h \u2014 durante os dias de festa representa mais do que uma chance de impulsionar as vendas: \u00e9 tamb\u00e9m uma oportunidade de gera\u00e7\u00e3o de empregos.<\/strong><\/p>\n<p>\u201cO hor\u00e1rio estendido, com funcionamento de at\u00e9 12 horas por dia em diversos dias, favorece a contrata\u00e7\u00e3o de mais m\u00e3o de obra, uma vez que a jornada m\u00e1xima permitida para os comerci\u00e1rios \u00e9 de 8 horas di\u00e1rias, com at\u00e9 2 horas extras. Essa amplia\u00e7\u00e3o exige escalas diferenciadas e contrata\u00e7\u00e3o de pessoal extra, o que representa uma excelente oportunidade de gera\u00e7\u00e3o de emprego e renda para a cidade\u201d, afirma o dirigente.<\/p>\n<p><strong>Marco Silva destacou que os comerci\u00e1rios de Feira de Santana tamb\u00e9m receber\u00e3o um abono no dia 20 de junho, refor\u00e7ando a import\u00e2ncia dessa renda extra no or\u00e7amento dos trabalhadores.<\/strong><\/p>\n<p>As atividades culturais e musicais ocorrer\u00e3o sempre entre 10h e 22h, permitindo que tanto comerciantes quanto trabalhadores possam aproveitar a programa\u00e7\u00e3o mesmo ap\u00f3s o expediente.<\/p>\n<p>Com muita m\u00fasica, valoriza\u00e7\u00e3o cultural, gera\u00e7\u00e3o de renda e fortalecimento do com\u00e9rcio, o Arrai\u00e1 do Com\u00e9rcio 2025 refor\u00e7a o papel de Feira de Santana como um dos principais polos juninos da Bahia.<\/p>\n<p>O evento conta com o apoio da Pol\u00edcia Militar, Pol\u00edcia Civil e Corpo de Bombeiros.<\/p>\n<p><em>Siga o Acorda Cidade no<\/em><a href=\"https:\/\/news.google.com\/search?q=acorda%20cidade&amp;hl=pt-BR&amp;gl=BR&amp;ceid=BR%3Apt-419\"><strong><em> Google Not\u00edcias<\/em><\/strong><\/a><em> e receba os principais destaques do dia. Participe tamb\u00e9m dos nossos canais no <\/em><a href=\"https:\/\/whatsapp.com\/channel\/0029Va6Rb4v3WHTNnsh8WI3N\"><strong><em>WhatsApp<\/em><\/strong><\/a><em> e <\/em><a href=\"https:\/\/www.youtube.com\/@acordacidadenoticias\/videos\"><strong>Youtube<\/strong><\/a><em> e grupo de <\/em><a href=\"https:\/\/t.me\/+sSz0khrgARA0ZmRh\"><strong><em>Telegram<\/em><\/strong><\/a><em>.<\/em><\/p>\n<\/div>\n","protected":false},"excerpt":{"rendered":"<div>\n<div>\n<figure><img decoding=\"async\" src=\"https:\/\/www.acordacidade.com.br\/wp-content\/uploads\/2024\/06\/Penultimo-dia-de-Arraia-do-Comercio-Foto-Ney-Silva-Acorda-Cidade.jpg\" alt=\"Pen\u00faltimo dia \/ Quixabeira da Matinha\"><figcaption>Foto: Ney Silva\/ Acorda Cidade<\/figcaption><\/figure>\n<\/div>\n<p>A abertura oficial da festa est\u00e1 marcada para as 18h, logo ap\u00f3s o Festival de Quadrilhas.<\/p><\/div>\n","protected":false},"author":1,"featured_media":89063,"comment_status":"closed","ping_status":"closed","sticky":false,"template":"","format":"gallery","meta":{"footnotes":""},"categories":[8,9,6,57,56,10],"tags":[],"class_list":["post-89062","post","type-post","status-publish","format-gallery","has-post-thumbnail","hentry","category-bahia","category-brasil","category-feira-de-santana","category-mundo","category-policia","category-politica","post_format-post-format-gallery"],"featured_image_urls":{"full":["https:\/\/noticiasbahia360.com.br\/wp-content\/uploads\/2025\/06\/Penultimo-dia-de-Arraia-do-Comercio-Foto-Ney-Silva-Acorda-Cidade.jpg",640,480,false],"thumbnail":["https:\/\/noticiasbahia360.com.br\/wp-content\/uploads\/2025\/06\/Penultimo-dia-de-Arraia-do-Comercio-Foto-Ney-Silva-Acorda-Cidade-150x150.jpg",150,150,true],"medium":["https:\/\/noticiasbahia360.com.br\/wp-content\/uploads\/2025\/06\/Penultimo-dia-de-Arraia-do-Comercio-Foto-Ney-Silva-Acorda-Cidade-300x225.jpg",300,225,true],"medium_large":["https:\/\/noticiasbahia360.com.br\/wp-content\/uploads\/2025\/06\/Penultimo-dia-de-Arraia-do-Comercio-Foto-Ney-Silva-Acorda-Cidade.jpg",640,480,false],"large":["https:\/\/noticiasbahia360.com.br\/wp-content\/uploads\/2025\/06\/Penultimo-dia-de-Arraia-do-Comercio-Foto-Ney-Silva-Acorda-Cidade.jpg",640,480,false],"1536x1536":["https:\/\/noticiasbahia360.com.br\/wp-content\/uploads\/2025\/06\/Penultimo-dia-de-Arraia-do-Comercio-Foto-Ney-Silva-Acorda-Cidade.jpg",640,480,false],"2048x2048":["https:\/\/noticiasbahia360.com.br\/wp-content\/uploads\/2025\/06\/Penultimo-dia-de-Arraia-do-Comercio-Foto-Ney-Silva-Acorda-Cidade.jpg",640,480,false],"chromenews-featured":["https:\/\/noticiasbahia360.com.br\/wp-content\/uploads\/2025\/06\/Penultimo-dia-de-Arraia-do-Comercio-Foto-Ney-Silva-Acorda-Cidade.jpg",640,480,false],"chromenews-large":["https:\/\/noticiasbahia360.com.br\/wp-content\/uploads\/2025\/06\/Penultimo-dia-de-Arraia-do-Comercio-Foto-Ney-Silva-Acorda-Cidade.jpg",640,480,false],"chromenews-medium":["https:\/\/noticiasbahia360.com.br\/wp-content\/uploads\/2025\/06\/Penultimo-dia-de-Arraia-do-Comercio-Foto-Ney-Silva-Acorda-Cidade-590x410.jpg",590,410,true]},"author_info":{"display_name":"noticiasbahia360.com.br","author_link":"https:\/\/noticiasbahia360.com.br\/?author=1"},"category_info":"<a href=\"https:\/\/noticiasbahia360.com.br\/?cat=8\" rel=\"category\">Bahia<\/a> <a href=\"https:\/\/noticiasbahia360.com.br\/?cat=9\" rel=\"category\">Brasil<\/a> <a href=\"https:\/\/noticiasbahia360.com.br\/?cat=6\" rel=\"category\">Feira de Santana<\/a> <a href=\"https:\/\/noticiasbahia360.com.br\/?cat=57\" rel=\"category\">Mundo<\/a> <a href=\"https:\/\/noticiasbahia360.com.br\/?cat=56\" rel=\"category\">Pol\u00edcia<\/a> <a href=\"https:\/\/noticiasbahia360.com.br\/?cat=10\" rel=\"category\">Pol\u00edtica<\/a>","tag_info":"Pol\u00edtica","comment_count":"0","_links":{"self":[{"href":"https:\/\/noticiasbahia360.com.br\/index.php?rest_route=\/wp\/v2\/posts\/89062","targetHints":{"allow":["GET"]}}],"collection":[{"href":"https:\/\/noticiasbahia360.com.br\/index.php?rest_route=\/wp\/v2\/posts"}],"about":[{"href":"https:\/\/noticiasbahia360.com.br\/index.php?rest_route=\/wp\/v2\/types\/post"}],"author":[{"embeddable":true,"href":"https:\/\/noticiasbahia360.com.br\/index.php?rest_route=\/wp\/v2\/users\/1"}],"replies":[{"embeddable":true,"href":"https:\/\/noticiasbahia360.com.br\/index.php?rest_route=%2Fwp%2Fv2%2Fcomments&post=89062"}],"version-history":[{"count":0,"href":"https:\/\/noticiasbahia360.com.br\/index.php?rest_route=\/wp\/v2\/posts\/89062\/revisions"}],"wp:featuredmedia":[{"embeddable":true,"href":"https:\/\/noticiasbahia360.com.br\/index.php?rest_route=\/wp\/v2\/media\/89063"}],"wp:attachment":[{"href":"https:\/\/noticiasbahia360.com.br\/index.php?rest_route=%2Fwp%2Fv2%2Fmedia&parent=89062"}],"wp:term":[{"taxonomy":"category","embeddable":true,"href":"https:\/\/noticiasbahia360.com.br\/index.php?rest_route=%2Fwp%2Fv2%2Fcategories&post=89062"},{"taxonomy":"post_tag","embeddable":true,"href":"https:\/\/noticiasbahia360.com.br\/index.php?rest_route=%2Fwp%2Fv2%2Ftags&post=89062"}],"curies":[{"name":"wp","href":"https:\/\/api.w.org\/{rel}","templated":true}]}}