{"id":89064,"date":"2025-06-06T18:50:54","date_gmt":"2025-06-06T21:50:54","guid":{"rendered":"https:\/\/noticiasbahia360.com.br\/?p=89064"},"modified":"2025-06-06T18:50:54","modified_gmt":"2025-06-06T21:50:54","slug":"cruz-das-almas-lidera-o-ranking-das-cidades-que-mais-gastaram-com-contratacoes-para-o-sao-joao-2025-confira-a-lista-completa","status":"publish","type":"post","link":"https:\/\/noticiasbahia360.com.br\/?p=89064","title":{"rendered":"Cruz das Almas lidera o ranking das cidades que mais gastaram com contrata\u00e7\u00f5es para o S\u00e3o Jo\u00e3o 2025; confira a lista completa"},"content":{"rendered":"<div>\n<div>\n<figure><img decoding=\"async\" src=\"http:\/\/noticiasbahia360.com.br\/wp-content\/uploads\/2025\/06\/Sao-joao-de-Cruz-das-Almas-Mateus-PereiraGOVBA.jpg\" alt=\"S\u00e3o jo\u00e3o de Cruz das Almas - FESTAS JUNINAS\"><figcaption>Foto: Mateus Pereira\/GOVBA<\/figcaption><\/figure>\n<\/div>\n<div class=\"wp-block-group\">\n<div class=\"wp-block-group__inner-container is-layout-constrained wp-block-group-is-layout-constrained\">\n<p><strong>Cruz das Almas \u00e9 a cidade da Bahia que mais gastou com os festejos juninos em 2025.<\/strong><br \/>Segundo dados do <a href=\"https:\/\/paineljunino.mpba.mp.br\/\">Painel da Transpar\u00eancia do Minist\u00e9rio P\u00fablico<\/a> estadual, coletados na manh\u00e3 desta sexta-feira (6), <strong>ser\u00e3o ao menos R$ 9,4 milh\u00f5es destinados \u00e0 contrata\u00e7\u00e3o de 30 atra\u00e7\u00f5es.<\/strong><\/p>\n<p>A lista com os maiores investimentos em contrata\u00e7\u00e3o de artistas e bandas para o tradicional per\u00edodo de festas juninas conta com <strong><a href=\"https:\/\/www.acordacidade.com.br\/tag\/jequie\/\">Jequi\u00e9<\/a><\/strong> em segundo lugar, com gasto de R$ 8,4 milh\u00f5es, seguida por <strong>Irec\u00ea<\/strong> \u2014 que recebe o t\u00edtulo de \u201cCidade do S\u00e3o Jo\u00e3o\u201d e \u201cCapital do Feij\u00e3o\u201d \u2014, com R$ 7,9 milh\u00f5es em contrata\u00e7\u00f5es.<\/p>\n<figure class=\"wp-block-image size-full\"><img fetchpriority=\"high\" data-dominant-color=\"c9e0f3\" data-has-transparency=\"false\" style=\"--dominant-color: #c9e0f3;\" fetchpriority=\"high\" decoding=\"async\" width=\"1200\" height=\"673\" sizes=\"(max-width: 1200px) 100vw, 1200px\" src=\"http:\/\/noticiasbahia360.com.br\/wp-content\/uploads\/2025\/06\/4nLysblZ-tabela-cidades-painel-da-trasnparencia-ministerios-publico-foto-divulgacao.webp\" alt=\"\" class=\"wp-image-562940 not-transparent\" srcset=\"https:\/\/uploads.acordacidade.com.br\/2025\/06\/4nLysblZ-tabela-cidades-painel-da-trasnparencia-ministerios-publico-foto-divulgacao-648x363.webp 648w, https:\/\/uploads.acordacidade.com.br\/2025\/06\/4nLysblZ-tabela-cidades-painel-da-trasnparencia-ministerios-publico-foto-divulgacao-984x553.webp 984w, https:\/\/uploads.acordacidade.com.br\/2025\/06\/4nLysblZ-tabela-cidades-painel-da-trasnparencia-ministerios-publico-foto-divulgacao-150x84.webp 150w, http:\/\/noticiasbahia360.com.br\/wp-content\/uploads\/2025\/06\/4nLysblZ-tabela-cidades-painel-da-trasnparencia-ministerios-publico-foto-divulgacao.webp 1200w\"><figcaption class=\"wp-element-caption\">Foto: Reprodu\u00e7\u00e3o \/ Painel da Transpar\u00eancia Minist\u00e9rio P\u00fablico da Bahia  <\/figcaption><\/figure>\n<\/div>\n<\/div>\n<div class=\"wp-block-group\">\n<div class=\"wp-block-group__inner-container is-layout-constrained wp-block-group-is-layout-constrained\">\n<h2 class=\"wp-block-heading\" id=\"h-as-contratacoes\">As contrata\u00e7\u00f5es<\/h2>\n<p>Apesar de estar no topo da lista em valores gastos, Cruz das Almas ocupa a 4\u00aa coloca\u00e7\u00e3o na lista que ranqueia os munic\u00edpios com base no n\u00famero de contrata\u00e7\u00f5es. Ou seja, gastar mais dinheiro na festa n\u00e3o significa, necessariamente, mais atra\u00e7\u00f5es ou dias de arrasta-p\u00e9. <strong>Euclides da Cunha<\/strong>, que declarou ter gasto metade do valor da campe\u00e3 Cruz das Almas, lidera a lista com 38 contrata\u00e7\u00f5es.<\/p>\n<\/div>\n<\/div>\n<div class=\"wp-block-group\">\n<div class=\"wp-block-group__inner-container is-layout-constrained wp-block-group-is-layout-constrained\">\n<h4 class=\"wp-block-heading\" id=\"h-total-de-contratacoes-por-cidade\">Total de contrata\u00e7\u00f5es por cidade:<\/h4>\n<ul class=\"wp-block-list\">\n<li>Euclides da Cunha \u2013 38 contrata\u00e7\u00f5es (R$ 4,6 milh\u00f5es)<\/li>\n<li>Iraquara \u2013 37 contrata\u00e7\u00f5es (R$ 3,2 milh\u00f5es)<\/li>\n<li>Jequi\u00e9 \u2013 35 contrata\u00e7\u00f5es (R$ 8,4 milh\u00f5es)<\/li>\n<li><strong>Cruz das Almas \u2013 30 contrata\u00e7\u00f5es (R$ 9,4 milh\u00f5es)<\/strong><\/li>\n<li>Paramirim \u2013 30 contrata\u00e7\u00f5es (R$ 1,3 milh\u00e3o)<\/li>\n<li>Concei\u00e7\u00e3o do Coit\u00e9 \u2013 27 contrata\u00e7\u00f5es (R$ 1,6 milh\u00e3o)<\/li>\n<li>Mucug\u00ea \u2013 27 contrata\u00e7\u00f5es (R$ 1,8 milh\u00e3o)<\/li>\n<li>Quijingue \u2013 26 contrata\u00e7\u00f5es (R$ 5,2 milh\u00f5es)<\/li>\n<li>Livramento de Nossa Senhora \u2013 25 contrata\u00e7\u00f5es (R$ 3,7 milh\u00f5es)<\/li>\n<li>Barra \u2013 24 contrata\u00e7\u00f5es (R$ 2,9 milh\u00f5es)<\/li>\n<\/ul>\n<div class=\"wp-block-group\">\n<div class=\"wp-block-group__inner-container is-layout-constrained wp-block-group-is-layout-constrained\">\n<p><em>Reportagem escrita pelo estagi\u00e1rio de jornalismo Jefferson Ara\u00fajo sob supervis\u00e3o <\/em><\/p>\n<p><em>Siga o Acorda Cidade no<\/em><a href=\"https:\/\/news.google.com\/search?q=acorda%20cidade&amp;hl=pt-BR&amp;gl=BR&amp;ceid=BR%3Apt-419\"><strong><em>\u00a0Google Not\u00edcias<\/em><\/strong><\/a><em>\u00a0e receba os principais destaques do dia. Participe tamb\u00e9m dos nossos grupos no\u00a0<\/em><a href=\"https:\/\/chat.whatsapp.com\/GmuB0n1C0zz4wBRYfRDft2\"><strong><em>WhatsApp<\/em><\/strong><\/a><em>\u00a0e\u00a0<\/em><a href=\"https:\/\/t.me\/+sSz0khrgARA0ZmRh\"><strong><em>Telegram<\/em><\/strong><\/a><\/p>\n<\/div>\n<\/div>\n<\/div>\n<\/div>\n<\/div>\n","protected":false},"excerpt":{"rendered":"<div>\n<div>\n<figure><img decoding=\"async\" src=\"https:\/\/uploads.acordacidade.com.br\/2025\/05\/Sao-joao-de-Cruz-das-Almas-Mateus-PereiraGOVBA.jpg\" alt=\"S\u00e3o jo\u00e3o de Cruz das Almas - FESTAS JUNINAS\"><figcaption>Foto: Mateus Pereira\/GOVBA<\/figcaption><\/figure>\n<\/div>\n<p>Segundo dados do Painel da Transpar\u00eancia do Minist\u00e9rio P\u00fablico, ser\u00e3o ao menos R$ 9,4 milh\u00f5es destinados \u00e0 contrata\u00e7\u00e3o de 30 atra\u00e7\u00f5es.<\/p><\/div>\n","protected":false},"author":1,"featured_media":89065,"comment_status":"closed","ping_status":"closed","sticky":false,"template":"","format":"gallery","meta":{"footnotes":""},"categories":[8,9,6,57,56,10],"tags":[],"class_list":["post-89064","post","type-post","status-publish","format-gallery","has-post-thumbnail","hentry","category-bahia","category-brasil","category-feira-de-santana","category-mundo","category-policia","category-politica","post_format-post-format-gallery"],"featured_image_urls":{"full":["https:\/\/noticiasbahia360.com.br\/wp-content\/uploads\/2025\/06\/Sao-joao-de-Cruz-das-Almas-Mateus-PereiraGOVBA.jpg",1200,800,false],"thumbnail":["https:\/\/noticiasbahia360.com.br\/wp-content\/uploads\/2025\/06\/Sao-joao-de-Cruz-das-Almas-Mateus-PereiraGOVBA-150x150.jpg",150,150,true],"medium":["https:\/\/noticiasbahia360.com.br\/wp-content\/uploads\/2025\/06\/Sao-joao-de-Cruz-das-Almas-Mateus-PereiraGOVBA-300x200.jpg",300,200,true],"medium_large":["https:\/\/noticiasbahia360.com.br\/wp-content\/uploads\/2025\/06\/Sao-joao-de-Cruz-das-Almas-Mateus-PereiraGOVBA-768x512.jpg",640,427,true],"large":["https:\/\/noticiasbahia360.com.br\/wp-content\/uploads\/2025\/06\/Sao-joao-de-Cruz-das-Almas-Mateus-PereiraGOVBA-1024x683.jpg",640,427,true],"1536x1536":["https:\/\/noticiasbahia360.com.br\/wp-content\/uploads\/2025\/06\/Sao-joao-de-Cruz-das-Almas-Mateus-PereiraGOVBA.jpg",1200,800,false],"2048x2048":["https:\/\/noticiasbahia360.com.br\/wp-content\/uploads\/2025\/06\/Sao-joao-de-Cruz-das-Almas-Mateus-PereiraGOVBA.jpg",1200,800,false],"chromenews-featured":["https:\/\/noticiasbahia360.com.br\/wp-content\/uploads\/2025\/06\/Sao-joao-de-Cruz-das-Almas-Mateus-PereiraGOVBA-1024x683.jpg",1024,683,true],"chromenews-large":["https:\/\/noticiasbahia360.com.br\/wp-content\/uploads\/2025\/06\/Sao-joao-de-Cruz-das-Almas-Mateus-PereiraGOVBA-825x575.jpg",825,575,true],"chromenews-medium":["https:\/\/noticiasbahia360.com.br\/wp-content\/uploads\/2025\/06\/Sao-joao-de-Cruz-das-Almas-Mateus-PereiraGOVBA-590x410.jpg",590,410,true]},"author_info":{"display_name":"noticiasbahia360.com.br","author_link":"https:\/\/noticiasbahia360.com.br\/?author=1"},"category_info":"<a href=\"https:\/\/noticiasbahia360.com.br\/?cat=8\" rel=\"category\">Bahia<\/a> <a href=\"https:\/\/noticiasbahia360.com.br\/?cat=9\" rel=\"category\">Brasil<\/a> <a href=\"https:\/\/noticiasbahia360.com.br\/?cat=6\" rel=\"category\">Feira de Santana<\/a> <a href=\"https:\/\/noticiasbahia360.com.br\/?cat=57\" rel=\"category\">Mundo<\/a> <a href=\"https:\/\/noticiasbahia360.com.br\/?cat=56\" rel=\"category\">Pol\u00edcia<\/a> <a href=\"https:\/\/noticiasbahia360.com.br\/?cat=10\" rel=\"category\">Pol\u00edtica<\/a>","tag_info":"Pol\u00edtica","comment_count":"0","_links":{"self":[{"href":"https:\/\/noticiasbahia360.com.br\/index.php?rest_route=\/wp\/v2\/posts\/89064","targetHints":{"allow":["GET"]}}],"collection":[{"href":"https:\/\/noticiasbahia360.com.br\/index.php?rest_route=\/wp\/v2\/posts"}],"about":[{"href":"https:\/\/noticiasbahia360.com.br\/index.php?rest_route=\/wp\/v2\/types\/post"}],"author":[{"embeddable":true,"href":"https:\/\/noticiasbahia360.com.br\/index.php?rest_route=\/wp\/v2\/users\/1"}],"replies":[{"embeddable":true,"href":"https:\/\/noticiasbahia360.com.br\/index.php?rest_route=%2Fwp%2Fv2%2Fcomments&post=89064"}],"version-history":[{"count":0,"href":"https:\/\/noticiasbahia360.com.br\/index.php?rest_route=\/wp\/v2\/posts\/89064\/revisions"}],"wp:featuredmedia":[{"embeddable":true,"href":"https:\/\/noticiasbahia360.com.br\/index.php?rest_route=\/wp\/v2\/media\/89065"}],"wp:attachment":[{"href":"https:\/\/noticiasbahia360.com.br\/index.php?rest_route=%2Fwp%2Fv2%2Fmedia&parent=89064"}],"wp:term":[{"taxonomy":"category","embeddable":true,"href":"https:\/\/noticiasbahia360.com.br\/index.php?rest_route=%2Fwp%2Fv2%2Fcategories&post=89064"},{"taxonomy":"post_tag","embeddable":true,"href":"https:\/\/noticiasbahia360.com.br\/index.php?rest_route=%2Fwp%2Fv2%2Ftags&post=89064"}],"curies":[{"name":"wp","href":"https:\/\/api.w.org\/{rel}","templated":true}]}}