{"id":89069,"date":"2025-06-06T20:30:45","date_gmt":"2025-06-06T23:30:45","guid":{"rendered":"https:\/\/noticiasbahia360.com.br\/?p=89069"},"modified":"2025-06-06T20:30:45","modified_gmt":"2025-06-06T23:30:45","slug":"feira-de-santana-grande-cidade-com-muitos-problemas","status":"publish","type":"post","link":"https:\/\/noticiasbahia360.com.br\/?p=89069","title":{"rendered":"Feira de Santana: grande cidade com muitos problemas"},"content":{"rendered":"<div>\n<div>\n<figure><img decoding=\"async\" src=\"http:\/\/noticiasbahia360.com.br\/wp-content\/uploads\/2025\/06\/Bairro-Lagoa-Grande-5.jpg\" alt=\"Uma grande cidade com muitos problemas; confira os flagrantes comunit\u00e1rios\"><figcaption>Rua Miracatu, no bairro Lagoa Grande | Fotos: Enviadas pelo WhatsApp<\/figcaption><\/figure>\n<\/div>\n<p>Feira de Santana \u00e9 a segunda maior cidade do estado da <a href=\"https:\/\/www.acordacidade.com.br\/tag\/bahia\/\">Bahia<\/a>. Reconhecida como metr\u00f3pole desde 2015, tem popula\u00e7\u00e3o maior que oito capitais brasileiras, al\u00e9m de uma not\u00e1vel expans\u00e3o urbana com a cria\u00e7\u00e3o de novos bairros e oferta de novas unidades habitacionais.<\/p>\n<p>Como diz a frase que ficou popular nos quadrinhos de Homem-Aranha: \u201cCom grandes poderes v\u00eam grandes responsabilidades\u201d, e tamb\u00e9m muitos problemas. O Acorda Cidade recebe diariamente diversas reclama\u00e7\u00f5es da comunidade por meios das redes sociais, WhatsApp e e-mail, com envio de den\u00fancias textos, fotos, \u00e1udios e v\u00eddeos. S\u00e3o problemas dos mais simples aos mais complexos, por\u00e9m o mais vis\u00edvel e que gera mais reclama\u00e7\u00f5es est\u00e1 relacionado ao piso da cidade. Quando n\u00e3o s\u00e3o buracos, s\u00e3o tapa-buracos bastante irregulares, a exemplo do trecho da Avenida Presidente Dutra em frente ao Hospital Lopes Rodrigues, praticamente a entrada da cidade.  <\/p>\n<figure class=\"wp-block-image size-full\"><img fetchpriority=\"high\" data-dominant-color=\"6e6d66\" data-has-transparency=\"false\" style=\"--dominant-color: #6e6d66;\" fetchpriority=\"high\" decoding=\"async\" width=\"1200\" height=\"676\" sizes=\"(max-width: 1200px) 100vw, 1200px\" src=\"http:\/\/noticiasbahia360.com.br\/wp-content\/uploads\/2025\/06\/seQ2Z94X-Avenida-Presidente-Dutra-050625.webp\" alt=\"Avenida Presidente Dutra \" class=\"wp-image-562624 not-transparent\" srcset=\"https:\/\/uploads.acordacidade.com.br\/2025\/06\/seQ2Z94X-Avenida-Presidente-Dutra-050625-648x365.webp 648w, https:\/\/uploads.acordacidade.com.br\/2025\/06\/seQ2Z94X-Avenida-Presidente-Dutra-050625-982x553.webp 982w, https:\/\/uploads.acordacidade.com.br\/2025\/06\/seQ2Z94X-Avenida-Presidente-Dutra-050625-150x85.webp 150w, http:\/\/noticiasbahia360.com.br\/wp-content\/uploads\/2025\/06\/seQ2Z94X-Avenida-Presidente-Dutra-050625.webp 1200w\"><figcaption class=\"wp-element-caption\">Avenida Presidente Dutra | Foto: Reprodu\u00e7\u00e3o\/ Google Street View<\/figcaption><\/figure>\n<p>Uma reclama\u00e7\u00e3o recorrente, e que se entende a muito tempo, refere-se a Rua Miracatu, localizada no bairro Lagoa Grande, onde <strong>moradores relatam que sofrem com problemas devido ao estado da rua h\u00e1 mais de 30 anos.<\/strong> Recentemente, uma obra foi iniciada, trazendo esperan\u00e7a, mas agora h\u00e1 insatisfa\u00e7\u00e3o: segundo os relatos, apenas um lado da rua est\u00e1 recebendo interven\u00e7\u00f5es. De um lado, acontece uma obra do Governo do Estado, com instala\u00e7\u00e3o de rede de esgoto e pavimenta\u00e7\u00e3o, enquanto, do outro, \u201cnada \u00e9 feito\u201d, conforme relato de um leitor.<\/p>\n<figure class=\"wp-block-image size-full\"><img data-dominant-color=\"79766f\" data-has-transparency=\"false\" style=\"--dominant-color: #79766f;\" decoding=\"async\" width=\"1200\" height=\"675\" sizes=\"(max-width: 1200px) 100vw, 1200px\" src=\"http:\/\/noticiasbahia360.com.br\/wp-content\/uploads\/2025\/06\/tyivQ6nI-Rua-Miracatu-Bairro-Lagoa-Grande-050625.webp\" alt=\"Rua Miracatu \" class=\"wp-image-562568 not-transparent\" srcset=\"https:\/\/uploads.acordacidade.com.br\/2025\/06\/tyivQ6nI-Rua-Miracatu-Bairro-Lagoa-Grande-050625-648x365.webp 648w, https:\/\/uploads.acordacidade.com.br\/2025\/06\/tyivQ6nI-Rua-Miracatu-Bairro-Lagoa-Grande-050625-150x84.webp 150w, http:\/\/noticiasbahia360.com.br\/wp-content\/uploads\/2025\/06\/tyivQ6nI-Rua-Miracatu-Bairro-Lagoa-Grande-050625.webp 1200w\"><figcaption class=\"wp-element-caption\">Rua Miracatu, no bairro Lagoa Grande | Fotos: Enviadas pelo WhatsApp<\/figcaption><\/figure>\n<p>Outro problema na mesma rua \u00e9 um poste com a estrutura comprometida. \u201cEst\u00e1 amea\u00e7ando cair sobre a casa de um morador ou at\u00e9 mesmo atingir pessoas e ve\u00edculos que passam por aqui\u201d, alertou um morador.<\/p>\n<p>Diversas ruas do bairro Papagaio, que d\u00e3o acesso a v\u00e1rios condom\u00ednios,  precisam de pavimenta\u00e7\u00e3o nova.<\/p>\n<figure class=\"wp-block-image size-large\"><img data-dominant-color=\"82807d\" data-has-transparency=\"false\" style=\"--dominant-color: #82807d;\" decoding=\"async\" width=\"1024\" height=\"473\" sizes=\"(max-width: 1024px) 100vw, 1024px\" src=\"http:\/\/noticiasbahia360.com.br\/wp-content\/uploads\/2025\/06\/bMGx53qD-Rua-Justiniano-dos-Santos-antiga-estrada-do-frances-papagaio-ft-paulo-jose-acorda-cidade7-1024x473-1.webp\" alt=\"Rua Justiniano dos Santos - antiga estrada do franc\u00eas - papagaio\" class=\"wp-image-552738 not-transparent\" srcset=\"https:\/\/uploads.acordacidade.com.br\/2025\/05\/bMGx53qD-Rua-Justiniano-dos-Santos-antiga-estrada-do-frances-papagaio-ft-paulo-jose-acorda-cidade7-150x69.webp 150w, https:\/\/uploads.acordacidade.com.br\/2025\/05\/bMGx53qD-Rua-Justiniano-dos-Santos-antiga-estrada-do-frances-papagaio-ft-paulo-jose-acorda-cidade7.webp 1200w\"><figcaption class=\"wp-element-caption\">Rua Justiniano dos Santos  | Foto: Paulo Jos\u00e9\/Acorda Cidade<\/figcaption><\/figure>\n<figure class=\"wp-block-image size-large\"><img data-dominant-color=\"807f7d\" data-has-transparency=\"false\" style=\"--dominant-color: #807f7d;\" decoding=\"async\" width=\"1024\" height=\"473\" sizes=\"(max-width: 1024px) 100vw, 1024px\" src=\"http:\/\/noticiasbahia360.com.br\/wp-content\/uploads\/2025\/06\/WBhxkkGc-Rua-Justiniano-dos-Santos-antiga-estrada-do-frances-papagaio-ft-paulo-jose-acorda-cidade-1024x473-1.webp\" alt=\"Rua Justiniano dos Santos - antiga estrada do franc\u00eas - papagaio\" class=\"wp-image-552745 not-transparent\" srcset=\"https:\/\/uploads.acordacidade.com.br\/2025\/05\/WBhxkkGc-Rua-Justiniano-dos-Santos-antiga-estrada-do-frances-papagaio-ft-paulo-jose-acorda-cidade-150x69.webp 150w, https:\/\/uploads.acordacidade.com.br\/2025\/05\/WBhxkkGc-Rua-Justiniano-dos-Santos-antiga-estrada-do-frances-papagaio-ft-paulo-jose-acorda-cidade.webp 1200w\"><figcaption class=\"wp-element-caption\">Papagaio | Foto: Paulo Jos\u00e9\/Acorda Cidade<\/figcaption><\/figure>\n<p>A Unidade B\u00e1sica de Sa\u00fade (UBS), que atente aos bairros Gabriela III e IV, na Rua Odalia Lima, est\u00e1 h\u00e1 8 anos na mesma situa\u00e7\u00e3o, tomada pela vegeta\u00e7\u00e3o alta e falta de limpeza, al\u00e9m da via que est\u00e1 com buracos e falta de pavimenta\u00e7\u00e3o, como relatou um morador.<\/p>\n<figure class=\"wp-block-image size-full\"><img loading=\"lazy\" data-dominant-color=\"6f7155\" data-has-transparency=\"false\" style=\"--dominant-color: #6f7155;\" decoding=\"async\" width=\"1200\" height=\"675\" sizes=\"(max-width: 1200px) 100vw, 1200px\" src=\"http:\/\/noticiasbahia360.com.br\/wp-content\/uploads\/2025\/06\/j7byvHbK-Vegetacao-Alta-no-bairro-Gabriela-.webp\" alt=\"Uma grande cidade com muitos problemas; confira os flagrantes comunit\u00e1rios\" class=\"wp-image-561977 not-transparent\" srcset=\"https:\/\/uploads.acordacidade.com.br\/2025\/06\/j7byvHbK-Vegetacao-Alta-no-bairro-Gabriela--648x365.webp 648w, https:\/\/uploads.acordacidade.com.br\/2025\/06\/j7byvHbK-Vegetacao-Alta-no-bairro-Gabriela--150x84.webp 150w, http:\/\/noticiasbahia360.com.br\/wp-content\/uploads\/2025\/06\/j7byvHbK-Vegetacao-Alta-no-bairro-Gabriela-.webp 1200w\"><figcaption class=\"wp-element-caption\">Bairro Gabriela | Fotos: Enviadas pelo WhatsApp<\/figcaption><\/figure>\n<figure class=\"wp-block-image size-full\"><img loading=\"lazy\" data-dominant-color=\"667649\" data-has-transparency=\"false\" style=\"--dominant-color: #667649;\" decoding=\"async\" width=\"1200\" height=\"675\" sizes=\"(max-width: 1200px) 100vw, 1200px\" src=\"http:\/\/noticiasbahia360.com.br\/wp-content\/uploads\/2025\/06\/QF9pehK5-Bairro-Gabriela-.webp\" alt=\"Uma grande cidade com muitos problemas; confira os flagrantes comunit\u00e1rios\" class=\"wp-image-561978 not-transparent\" srcset=\"https:\/\/uploads.acordacidade.com.br\/2025\/06\/QF9pehK5-Bairro-Gabriela--648x365.webp 648w, https:\/\/uploads.acordacidade.com.br\/2025\/06\/QF9pehK5-Bairro-Gabriela--150x84.webp 150w, http:\/\/noticiasbahia360.com.br\/wp-content\/uploads\/2025\/06\/QF9pehK5-Bairro-Gabriela-.webp 1200w\"><figcaption class=\"wp-element-caption\">Bairro Gabriela | Fotos: Enviadas pelo WhatsApp<\/figcaption><\/figure>\n<p>Buracos e dificuldades no tr\u00e2nsito em ruas do conjunto Feira VI, a exemplo da Rua H, que est\u00e1 repleta de irregularidades no piso, a situa\u00e7\u00e3o tem provocado transtornos para os moradores. \u201cNos dias de chuvas fortes a \u00e1gua chega ao passeio. Pagamos IPTU caro para nada. Bairro esquecido pela Prefeitura de Feira de Santana\u201d, disse um internauta do Acorda Cidade.<\/p>\n<figure class=\"wp-block-image size-full\"><img loading=\"lazy\" data-dominant-color=\"7c6d5e\" data-has-transparency=\"false\" style=\"--dominant-color: #7c6d5e;\" decoding=\"async\" width=\"902\" height=\"542\" sizes=\"(max-width: 902px) 100vw, 902px\" src=\"http:\/\/noticiasbahia360.com.br\/wp-content\/uploads\/2025\/06\/wgkEdnfe-Conjunto-Feira-VI.webp\" alt=\"Conjunto Feira VI\" class=\"wp-image-562001 not-transparent\" srcset=\"https:\/\/uploads.acordacidade.com.br\/2025\/06\/wgkEdnfe-Conjunto-Feira-VI-607x365.webp 607w, https:\/\/uploads.acordacidade.com.br\/2025\/06\/wgkEdnfe-Conjunto-Feira-VI-150x90.webp 150w, http:\/\/noticiasbahia360.com.br\/wp-content\/uploads\/2025\/06\/wgkEdnfe-Conjunto-Feira-VI.webp 902w\"><figcaption class=\"wp-element-caption\">Conjunto Feira VI | Foto: Enviada pelo WhatsApp<\/figcaption><\/figure>\n<p>Buracos tamb\u00e9m na Rua Leogevildo Lacerda, no bairro Liberdade. L\u00e1 os moradores relatam que n\u00e3o aguentam mais o mau cheiro por conta da \u00e1gua acumulada dentro das crateras, que tamb\u00e9m dificultam o tr\u00e2nsito de ve\u00edculos. A falha na via est\u00e1 sinalizada com caixas e peda\u00e7os de madeira.<\/p>\n<figure class=\"wp-block-image size-full is-resized\"><img loading=\"lazy\" data-dominant-color=\"7e7c73\" data-has-transparency=\"false\" decoding=\"async\" width=\"720\" height=\"473\" sizes=\"(max-width: 720px) 100vw, 720px\" src=\"http:\/\/noticiasbahia360.com.br\/wp-content\/uploads\/2025\/06\/wwVT9s03-Bairro-Liberdade.webp\" alt=\"Bairro Liberdade\" class=\"wp-image-561998 not-transparent\" style=\"--dominant-color: #7e7c73; width:840px;height:auto\" srcset=\"https:\/\/uploads.acordacidade.com.br\/2025\/06\/wwVT9s03-Bairro-Liberdade-556x365.webp 556w, https:\/\/uploads.acordacidade.com.br\/2025\/06\/wwVT9s03-Bairro-Liberdade-150x99.webp 150w, http:\/\/noticiasbahia360.com.br\/wp-content\/uploads\/2025\/06\/wwVT9s03-Bairro-Liberdade.webp 720w\"><figcaption class=\"wp-element-caption\">Bairro Liberdade | Foto: Enviada pelo WhatsApp<\/figcaption><\/figure>\n<figure class=\"wp-block-image size-full is-resized\"><img loading=\"lazy\" data-dominant-color=\"a9a79d\" data-has-transparency=\"false\" decoding=\"async\" width=\"720\" height=\"476\" sizes=\"(max-width: 720px) 100vw, 720px\" src=\"http:\/\/noticiasbahia360.com.br\/wp-content\/uploads\/2025\/06\/1sJlXA9M-Bairro-Liberdade-2.webp\" alt=\"Buraco no bairro Liberdade \" class=\"wp-image-561999 not-transparent\" style=\"--dominant-color: #a9a79d; width:840px;height:auto\" srcset=\"https:\/\/uploads.acordacidade.com.br\/2025\/06\/1sJlXA9M-Bairro-Liberdade-2-552x365.webp 552w, https:\/\/uploads.acordacidade.com.br\/2025\/06\/1sJlXA9M-Bairro-Liberdade-2-150x99.webp 150w, http:\/\/noticiasbahia360.com.br\/wp-content\/uploads\/2025\/06\/1sJlXA9M-Bairro-Liberdade-2.webp 720w\"><figcaption class=\"wp-element-caption\">Bairro Liberdade | Foto: Enviada pelo WhatsApp<\/figcaption><\/figure>\n<p>\u201cMais um buraco no Conjunto Feira VII, a situa\u00e7\u00e3o s\u00f3 piora. O abandono da Prefeitura e da Embasa est\u00e1 deixando as ruas intrafeg\u00e1veis. Buracos antigos n\u00e3o s\u00e3o consertados, os novos se multiplicam e os desn\u00edveis acabam afetando at\u00e9 outras localidades. At\u00e9 quando vamos conviver com esse descaso?\u201d, este foi um questionamento de um morador, que enviou registros de crateras em ruas do bairro Tomba, em um deles um caro ficou com uma roda presa.<\/p>\n<figure class=\"wp-block-image size-full is-resized\"><img loading=\"lazy\" data-dominant-color=\"7e7d7b\" data-has-transparency=\"false\" decoding=\"async\" width=\"590\" height=\"302\" sizes=\"(max-width: 590px) 100vw, 590px\" src=\"http:\/\/noticiasbahia360.com.br\/wp-content\/uploads\/2025\/06\/C2jYzrJ6-Buraco-Feira-VII.webp\" alt=\"Buraco Feira VII\" class=\"wp-image-561991 not-transparent\" style=\"--dominant-color: #7e7d7b; width:840px;height:auto\" srcset=\"https:\/\/uploads.acordacidade.com.br\/2025\/06\/C2jYzrJ6-Buraco-Feira-VII-150x77.webp 150w, http:\/\/noticiasbahia360.com.br\/wp-content\/uploads\/2025\/06\/C2jYzrJ6-Buraco-Feira-VII.webp 590w\"><figcaption class=\"wp-element-caption\">Conjunto Feira VII | Foto: Enviada pelo WhatsApp<\/figcaption><\/figure>\n<figure class=\"wp-block-image size-full is-resized\"><img loading=\"lazy\" data-dominant-color=\"87807d\" data-has-transparency=\"false\" decoding=\"async\" width=\"590\" height=\"360\" sizes=\"(max-width: 590px) 100vw, 590px\" src=\"http:\/\/noticiasbahia360.com.br\/wp-content\/uploads\/2025\/06\/JEnmG8pM-Buraco-Feira-VII-2.webp\" alt=\"Feira VII \" class=\"wp-image-561994 not-transparent\" style=\"--dominant-color: #87807d; width:840px;height:auto\" srcset=\"https:\/\/uploads.acordacidade.com.br\/2025\/06\/JEnmG8pM-Buraco-Feira-VII-2-150x92.webp 150w, http:\/\/noticiasbahia360.com.br\/wp-content\/uploads\/2025\/06\/JEnmG8pM-Buraco-Feira-VII-2.webp 590w\"><figcaption class=\"wp-element-caption\">Conjunto Feira VII | Foto: Enviada pelo WhatsApp<\/figcaption><\/figure>\n<p>Um seguidor do Acorda Cidade, enviou por meio do Instagram @acordacidade, um alerta para um trecho do asfalto que cedeu na Rua Juarez T\u00e1vora, no bairro S\u00e3o Jo\u00e3o. Ele pede que a prefeitura municipal verifique o local.<\/p>\n<figure class=\"wp-block-image size-full is-resized\"><img loading=\"lazy\" data-dominant-color=\"868382\" data-has-transparency=\"false\" decoding=\"async\" width=\"720\" height=\"473\" sizes=\"(max-width: 720px) 100vw, 720px\" src=\"http:\/\/noticiasbahia360.com.br\/wp-content\/uploads\/2025\/06\/hPyXCAsV-Bairro-Sao-Joao.webp\" alt=\"Bairro S\u00e3o Jo\u00e3o\" class=\"wp-image-562003 not-transparent\" style=\"--dominant-color: #868382; width:840px;height:auto\" srcset=\"https:\/\/uploads.acordacidade.com.br\/2025\/06\/hPyXCAsV-Bairro-Sao-Joao-556x365.webp 556w, https:\/\/uploads.acordacidade.com.br\/2025\/06\/hPyXCAsV-Bairro-Sao-Joao-150x99.webp 150w, http:\/\/noticiasbahia360.com.br\/wp-content\/uploads\/2025\/06\/hPyXCAsV-Bairro-Sao-Joao.webp 720w\"><figcaption class=\"wp-element-caption\">Bairro S\u00e3o Jo\u00e3o | Foto: Enviada pelo WhatsApp<\/figcaption><\/figure>\n<p>Na Avenida Ant\u00f4nio Carlos Sampaio Marques, antiga Estrada do Franc\u00eas, no bairro Papagaio, sempre que chove fica alagada. De acordo com informa\u00e7\u00f5es de um condutor que costuma trafegar pela via, h\u00e1 muitos buracos que s\u00e3o abertos pela Empresa Baiana de \u00c1guas e Saneamento (Embasa) e pela chuva. \u201cEst\u00e1 imposs\u00edvel de transitar\u201d, relatou.<\/p>\n<figure class=\"wp-block-image size-full\"><img loading=\"lazy\" data-dominant-color=\"888a81\" data-has-transparency=\"false\" style=\"--dominant-color: #888a81;\" decoding=\"async\" width=\"1080\" height=\"670\" sizes=\"(max-width: 1080px) 100vw, 1080px\" src=\"http:\/\/noticiasbahia360.com.br\/wp-content\/uploads\/2025\/06\/QB2O86G5-Bairro-Papagaio.webp\" alt=\"Bairro Papagaio\" class=\"wp-image-562006 not-transparent\" srcset=\"https:\/\/uploads.acordacidade.com.br\/2025\/06\/QB2O86G5-Bairro-Papagaio-588x365.webp 588w, https:\/\/uploads.acordacidade.com.br\/2025\/06\/QB2O86G5-Bairro-Papagaio-891x553.webp 891w, https:\/\/uploads.acordacidade.com.br\/2025\/06\/QB2O86G5-Bairro-Papagaio-150x93.webp 150w, http:\/\/noticiasbahia360.com.br\/wp-content\/uploads\/2025\/06\/QB2O86G5-Bairro-Papagaio.webp 1080w\"><figcaption class=\"wp-element-caption\">Bairro Papagaio | Foto: Enviada pelo WhatsApp<\/figcaption><\/figure>\n<p>A falta de limpeza p\u00fablica no Loteamento Parque Santa Cruz, no bairro Mangabeira, chama aten\u00e7\u00e3o. Por l\u00e1, h\u00e1 mais de oito anos a situa\u00e7\u00e3o se repete. \u201cJ\u00e1 n\u00e3o aguentamos mais, nos \u00faltimos anos t\u00eam piorado\u201d, contou um leitor.<\/p>\n<figure class=\"wp-block-image size-full is-resized\"><img loading=\"lazy\" data-dominant-color=\"888a87\" data-has-transparency=\"false\" decoding=\"async\" width=\"679\" height=\"434\" sizes=\"(max-width: 679px) 100vw, 679px\" src=\"http:\/\/noticiasbahia360.com.br\/wp-content\/uploads\/2025\/06\/YS3cgdpc-Bairro-Mangabeira.webp\" alt=\"Bairro Mangabeira\" class=\"wp-image-562008 not-transparent\" style=\"--dominant-color: #888a87; width:840px;height:auto\" srcset=\"https:\/\/uploads.acordacidade.com.br\/2025\/06\/YS3cgdpc-Bairro-Mangabeira-571x365.webp 571w, https:\/\/uploads.acordacidade.com.br\/2025\/06\/YS3cgdpc-Bairro-Mangabeira-150x96.webp 150w, http:\/\/noticiasbahia360.com.br\/wp-content\/uploads\/2025\/06\/YS3cgdpc-Bairro-Mangabeira.webp 679w\"><figcaption class=\"wp-element-caption\">Bairro Mangabeira | Foto: Enviada pelo WhatsApp<\/figcaption><\/figure>\n<p><em>Siga o Acorda Cidade no<\/em><a href=\"https:\/\/news.google.com\/search?q=acorda%20cidade&amp;hl=pt-BR&amp;gl=BR&amp;ceid=BR%3Apt-419\"><strong><em>\u00a0Google Not\u00edcias<\/em><\/strong><\/a><em>\u00a0e receba os principais destaques do dia. Participe tamb\u00e9m dos nossos canais no\u00a0<\/em><a href=\"https:\/\/www.whatsapp.com\/channel\/0029Va6Rb4v3WHTNnsh8WI3N\"><strong><em>WhatsApp<\/em><\/strong><\/a><em>\u00a0e\u00a0<\/em><a href=\"https:\/\/www.youtube.com\/@acordacidadenoticias\/videos\"><strong>Youtube<\/strong><\/a><em>\u00a0e grupo de\u00a0<\/em><a href=\"https:\/\/t.me\/+sSz0khrgARA0ZmRh\"><strong><em>Telegram<\/em><\/strong><\/a><em>.<\/em><\/p>\n<\/div>\n","protected":false},"excerpt":{"rendered":"<div>\n<div>\n<figure><img decoding=\"async\" src=\"https:\/\/uploads.acordacidade.com.br\/2025\/06\/Bairro-Lagoa-Grande-5.jpg\" alt=\"Uma grande cidade com muitos problemas; confira os flagrantes comunit\u00e1rios\"><figcaption>Rua Miracatu, no bairro Lagoa Grande | Fotos: Enviadas pelo WhatsApp<\/figcaption><\/figure>\n<\/div>\n<p>As reclama\u00e7\u00f5es com registros fotogr\u00e1ficos podem ser enviadas para o WhatsApp do Acorda Cidade (75) 98297-4004.<\/p><\/div>\n","protected":false},"author":1,"featured_media":89070,"comment_status":"closed","ping_status":"closed","sticky":false,"template":"","format":"gallery","meta":{"footnotes":""},"categories":[8,9,6,57,56,10],"tags":[],"class_list":["post-89069","post","type-post","status-publish","format-gallery","has-post-thumbnail","hentry","category-bahia","category-brasil","category-feira-de-santana","category-mundo","category-policia","category-politica","post_format-post-format-gallery"],"featured_image_urls":{"full":["https:\/\/noticiasbahia360.com.br\/wp-content\/uploads\/2025\/06\/Bairro-Lagoa-Grande-5.jpg",1200,675,false],"thumbnail":["https:\/\/noticiasbahia360.com.br\/wp-content\/uploads\/2025\/06\/Bairro-Lagoa-Grande-5-150x150.jpg",150,150,true],"medium":["https:\/\/noticiasbahia360.com.br\/wp-content\/uploads\/2025\/06\/Bairro-Lagoa-Grande-5-300x169.jpg",300,169,true],"medium_large":["https:\/\/noticiasbahia360.com.br\/wp-content\/uploads\/2025\/06\/Bairro-Lagoa-Grande-5-768x432.jpg",640,360,true],"large":["https:\/\/noticiasbahia360.com.br\/wp-content\/uploads\/2025\/06\/Bairro-Lagoa-Grande-5-1024x576.jpg",640,360,true],"1536x1536":["https:\/\/noticiasbahia360.com.br\/wp-content\/uploads\/2025\/06\/Bairro-Lagoa-Grande-5.jpg",1200,675,false],"2048x2048":["https:\/\/noticiasbahia360.com.br\/wp-content\/uploads\/2025\/06\/Bairro-Lagoa-Grande-5.jpg",1200,675,false],"chromenews-featured":["https:\/\/noticiasbahia360.com.br\/wp-content\/uploads\/2025\/06\/Bairro-Lagoa-Grande-5-1024x576.jpg",1024,576,true],"chromenews-large":["https:\/\/noticiasbahia360.com.br\/wp-content\/uploads\/2025\/06\/Bairro-Lagoa-Grande-5-825x575.jpg",825,575,true],"chromenews-medium":["https:\/\/noticiasbahia360.com.br\/wp-content\/uploads\/2025\/06\/Bairro-Lagoa-Grande-5-590x410.jpg",590,410,true]},"author_info":{"display_name":"noticiasbahia360.com.br","author_link":"https:\/\/noticiasbahia360.com.br\/?author=1"},"category_info":"<a href=\"https:\/\/noticiasbahia360.com.br\/?cat=8\" rel=\"category\">Bahia<\/a> <a href=\"https:\/\/noticiasbahia360.com.br\/?cat=9\" rel=\"category\">Brasil<\/a> <a href=\"https:\/\/noticiasbahia360.com.br\/?cat=6\" rel=\"category\">Feira de Santana<\/a> <a href=\"https:\/\/noticiasbahia360.com.br\/?cat=57\" rel=\"category\">Mundo<\/a> <a href=\"https:\/\/noticiasbahia360.com.br\/?cat=56\" rel=\"category\">Pol\u00edcia<\/a> <a href=\"https:\/\/noticiasbahia360.com.br\/?cat=10\" rel=\"category\">Pol\u00edtica<\/a>","tag_info":"Pol\u00edtica","comment_count":"0","_links":{"self":[{"href":"https:\/\/noticiasbahia360.com.br\/index.php?rest_route=\/wp\/v2\/posts\/89069","targetHints":{"allow":["GET"]}}],"collection":[{"href":"https:\/\/noticiasbahia360.com.br\/index.php?rest_route=\/wp\/v2\/posts"}],"about":[{"href":"https:\/\/noticiasbahia360.com.br\/index.php?rest_route=\/wp\/v2\/types\/post"}],"author":[{"embeddable":true,"href":"https:\/\/noticiasbahia360.com.br\/index.php?rest_route=\/wp\/v2\/users\/1"}],"replies":[{"embeddable":true,"href":"https:\/\/noticiasbahia360.com.br\/index.php?rest_route=%2Fwp%2Fv2%2Fcomments&post=89069"}],"version-history":[{"count":0,"href":"https:\/\/noticiasbahia360.com.br\/index.php?rest_route=\/wp\/v2\/posts\/89069\/revisions"}],"wp:featuredmedia":[{"embeddable":true,"href":"https:\/\/noticiasbahia360.com.br\/index.php?rest_route=\/wp\/v2\/media\/89070"}],"wp:attachment":[{"href":"https:\/\/noticiasbahia360.com.br\/index.php?rest_route=%2Fwp%2Fv2%2Fmedia&parent=89069"}],"wp:term":[{"taxonomy":"category","embeddable":true,"href":"https:\/\/noticiasbahia360.com.br\/index.php?rest_route=%2Fwp%2Fv2%2Fcategories&post=89069"},{"taxonomy":"post_tag","embeddable":true,"href":"https:\/\/noticiasbahia360.com.br\/index.php?rest_route=%2Fwp%2Fv2%2Ftags&post=89069"}],"curies":[{"name":"wp","href":"https:\/\/api.w.org\/{rel}","templated":true}]}}