{"id":89085,"date":"2025-06-06T20:31:14","date_gmt":"2025-06-06T23:31:14","guid":{"rendered":"https:\/\/noticiasbahia360.com.br\/?p=89085"},"modified":"2025-06-06T20:31:14","modified_gmt":"2025-06-06T23:31:14","slug":"em-paris-governo-da-bahia-celebra-certificacao-internacional-como-zona-livre-de-febre-aftosa-sem-vacinacao","status":"publish","type":"post","link":"https:\/\/noticiasbahia360.com.br\/?p=89085","title":{"rendered":"Em Paris, Governo da Bahia celebra certifica\u00e7\u00e3o internacional como Zona Livre de Febre Aftosa sem Vacina\u00e7\u00e3o"},"content":{"rendered":"<div>\n<div>\n<figure><img decoding=\"async\" src=\"http:\/\/noticiasbahia360.com.br\/wp-content\/uploads\/2025\/06\/certificado-da-bahia-livre-de-febre-aftosa-paria-foto-eduardo.jpg\" alt=\"\"><figcaption>Foto: Ricardo Stuckert \/ PR<\/figcaption><\/figure>\n<\/div>\n<p>O Brasil foi oficialmente reconhecido nesta sexta-feira (06), em Paris, como Zona Livre de Febre Aftosa sem Vacina\u00e7\u00e3o, pela Organiza\u00e7\u00e3o Mundial de Sa\u00fade Animal (OMSA). A cerim\u00f4nia de certifica\u00e7\u00e3o reuniu autoridades de diversos pa\u00edses e contou com a participa\u00e7\u00e3o do secret\u00e1rio da Agricultura da Bahia, Pablo Barrozo, que representou o estado no evento.<\/p>\n<p>A Bahia teve papel de destaque nessa conquista hist\u00f3rica, fruto de pol\u00edticas p\u00fablicas eficientes, investimentos cont\u00ednuos em defesa sanit\u00e1ria e da articula\u00e7\u00e3o entre o governo, o setor produtivo e os t\u00e9cnicos da agropecu\u00e1ria.<\/p>\n<p>\u201cEssa certifica\u00e7\u00e3o coloca o Brasil e a Bahia em posi\u00e7\u00e3o privilegiada no cen\u00e1rio global, abrindo novas possibilidades para a exporta\u00e7\u00e3o de carne bovina e seus derivados. Nosso estado possui o maior rebanho bovino do Nordeste e agora ganha ainda mais competitividade em mercados exigentes como Uni\u00e3o Europeia, China e Estados Unidos\u201d, destacou Pablo Barrozo.<\/p>\n<p>O reconhecimento internacional refor\u00e7a o padr\u00e3o de qualidade da cadeia produtiva baiana, que tem sido consolidado atrav\u00e9s de a\u00e7\u00f5es do Governo do Estado, por meio da Seagri e da Ag\u00eancia de Defesa Agropecu\u00e1ria da Bahia (ADAB).<\/p>\n<p>\u201c\u00c9 um trabalho de longa data, baseado em investimentos estrat\u00e9gicos em equipamentos, estrutura, insumos e, principalmente, na qualifica\u00e7\u00e3o da equipe t\u00e9cnica, sempre com foco na seguran\u00e7a sanit\u00e1ria e na valoriza\u00e7\u00e3o do agro baiano\u201d, completou o secret\u00e1rio.<\/p>\n<h2 class=\"wp-block-heading\" id=\"h-exportacoes-devem-crescer\">Exporta\u00e7\u00f5es devem crescer<\/h2>\n<p>Com o novo status sanit\u00e1rio, a expectativa \u00e9 de crescimento expressivo nas exporta\u00e7\u00f5es de carne bovina. Em 2024, a Bahia exportou cerca de 6 mil toneladas, com faturamento de aproximadamente R$ 26 milh\u00f5es. O reconhecimento da OMSA posiciona o estado entre um seleto grupo de apenas 65 pa\u00edses no mundo com essa certifica\u00e7\u00e3o, o que deve impulsionar o acesso a novos mercados e elevar o valor agregado dos produtos.<\/p>\n<p>A Bahia tem trajet\u00f3ria hist\u00f3rica de protagonismo no combate \u00e0 febre aftosa. Foi o primeiro estado a criar uma ag\u00eancia estadual de defesa agropecu\u00e1ria \u2013 a ADAB, fundada em 1999 \u2013 e obteve em 2001 a certifica\u00e7\u00e3o de Zona Livre com Vacina\u00e7\u00e3o pela ent\u00e3o OIE (hoje OMSA).<\/p>\n<h2 class=\"wp-block-heading\" id=\"h-sobre-a-febre-aftosa\">Sobre a febre aftosa<\/h2>\n<p>Altamente contagiosa, a febre aftosa afeta animais de casco fendido, como bovinos, su\u00ednos, caprinos, ovinos e b\u00fafalos. A doen\u00e7a causa febre alta e les\u00f5es na boca, patas e \u00fabere, impactando diretamente a produ\u00e7\u00e3o e provocando restri\u00e7\u00f5es ao com\u00e9rcio internacional.<\/p>\n<p><em>Siga o Acorda Cidade no<\/em><a href=\"https:\/\/news.google.com\/search?q=acorda%20cidade&amp;hl=pt-BR&amp;gl=BR&amp;ceid=BR%3Apt-419\"><strong><em>\u00a0Google Not\u00edcias<\/em><\/strong><\/a><em>\u00a0e receba os principais destaques do dia. Participe tamb\u00e9m dos nossos grupos no\u00a0<\/em><a href=\"https:\/\/chat.whatsapp.com\/GmuB0n1C0zz4wBRYfRDft2\"><strong><em>WhatsApp<\/em><\/strong><\/a><em>\u00a0e\u00a0<\/em><a href=\"https:\/\/t.me\/+sSz0khrgARA0ZmRh\"><strong><em>Telegram<\/em><\/strong><\/a><\/p>\n<\/div>\n","protected":false},"excerpt":{"rendered":"<div>\n<div>\n<figure><img decoding=\"async\" src=\"https:\/\/uploads.acordacidade.com.br\/2025\/06\/certificado-da-bahia-livre-de-febre-aftosa-paria-foto-eduardo.jpg\" alt=\"\"><figcaption>Foto: Ricardo Stuckert \/ PR<\/figcaption><\/figure>\n<\/div>\n<p>A cerim\u00f4nia de certifica\u00e7\u00e3o reuniu autoridades de diversos pa\u00edses e contou com a participa\u00e7\u00e3o do secret\u00e1rio da Agricultura da Bahia<\/p><\/div>\n","protected":false},"author":1,"featured_media":89086,"comment_status":"closed","ping_status":"closed","sticky":false,"template":"","format":"gallery","meta":{"footnotes":""},"categories":[8,9,6,57,56,10],"tags":[],"class_list":["post-89085","post","type-post","status-publish","format-gallery","has-post-thumbnail","hentry","category-bahia","category-brasil","category-feira-de-santana","category-mundo","category-policia","category-politica","post_format-post-format-gallery"],"featured_image_urls":{"full":["https:\/\/noticiasbahia360.com.br\/wp-content\/uploads\/2025\/06\/certificado-da-bahia-livre-de-febre-aftosa-paria-foto-eduardo.jpg",1200,800,false],"thumbnail":["https:\/\/noticiasbahia360.com.br\/wp-content\/uploads\/2025\/06\/certificado-da-bahia-livre-de-febre-aftosa-paria-foto-eduardo-150x150.jpg",150,150,true],"medium":["https:\/\/noticiasbahia360.com.br\/wp-content\/uploads\/2025\/06\/certificado-da-bahia-livre-de-febre-aftosa-paria-foto-eduardo-300x200.jpg",300,200,true],"medium_large":["https:\/\/noticiasbahia360.com.br\/wp-content\/uploads\/2025\/06\/certificado-da-bahia-livre-de-febre-aftosa-paria-foto-eduardo-768x512.jpg",640,427,true],"large":["https:\/\/noticiasbahia360.com.br\/wp-content\/uploads\/2025\/06\/certificado-da-bahia-livre-de-febre-aftosa-paria-foto-eduardo-1024x683.jpg",640,427,true],"1536x1536":["https:\/\/noticiasbahia360.com.br\/wp-content\/uploads\/2025\/06\/certificado-da-bahia-livre-de-febre-aftosa-paria-foto-eduardo.jpg",1200,800,false],"2048x2048":["https:\/\/noticiasbahia360.com.br\/wp-content\/uploads\/2025\/06\/certificado-da-bahia-livre-de-febre-aftosa-paria-foto-eduardo.jpg",1200,800,false],"chromenews-featured":["https:\/\/noticiasbahia360.com.br\/wp-content\/uploads\/2025\/06\/certificado-da-bahia-livre-de-febre-aftosa-paria-foto-eduardo-1024x683.jpg",1024,683,true],"chromenews-large":["https:\/\/noticiasbahia360.com.br\/wp-content\/uploads\/2025\/06\/certificado-da-bahia-livre-de-febre-aftosa-paria-foto-eduardo-825x575.jpg",825,575,true],"chromenews-medium":["https:\/\/noticiasbahia360.com.br\/wp-content\/uploads\/2025\/06\/certificado-da-bahia-livre-de-febre-aftosa-paria-foto-eduardo-590x410.jpg",590,410,true]},"author_info":{"display_name":"noticiasbahia360.com.br","author_link":"https:\/\/noticiasbahia360.com.br\/?author=1"},"category_info":"<a href=\"https:\/\/noticiasbahia360.com.br\/?cat=8\" rel=\"category\">Bahia<\/a> <a href=\"https:\/\/noticiasbahia360.com.br\/?cat=9\" rel=\"category\">Brasil<\/a> <a href=\"https:\/\/noticiasbahia360.com.br\/?cat=6\" rel=\"category\">Feira de Santana<\/a> <a href=\"https:\/\/noticiasbahia360.com.br\/?cat=57\" rel=\"category\">Mundo<\/a> <a href=\"https:\/\/noticiasbahia360.com.br\/?cat=56\" rel=\"category\">Pol\u00edcia<\/a> <a href=\"https:\/\/noticiasbahia360.com.br\/?cat=10\" rel=\"category\">Pol\u00edtica<\/a>","tag_info":"Pol\u00edtica","comment_count":"0","_links":{"self":[{"href":"https:\/\/noticiasbahia360.com.br\/index.php?rest_route=\/wp\/v2\/posts\/89085","targetHints":{"allow":["GET"]}}],"collection":[{"href":"https:\/\/noticiasbahia360.com.br\/index.php?rest_route=\/wp\/v2\/posts"}],"about":[{"href":"https:\/\/noticiasbahia360.com.br\/index.php?rest_route=\/wp\/v2\/types\/post"}],"author":[{"embeddable":true,"href":"https:\/\/noticiasbahia360.com.br\/index.php?rest_route=\/wp\/v2\/users\/1"}],"replies":[{"embeddable":true,"href":"https:\/\/noticiasbahia360.com.br\/index.php?rest_route=%2Fwp%2Fv2%2Fcomments&post=89085"}],"version-history":[{"count":0,"href":"https:\/\/noticiasbahia360.com.br\/index.php?rest_route=\/wp\/v2\/posts\/89085\/revisions"}],"wp:featuredmedia":[{"embeddable":true,"href":"https:\/\/noticiasbahia360.com.br\/index.php?rest_route=\/wp\/v2\/media\/89086"}],"wp:attachment":[{"href":"https:\/\/noticiasbahia360.com.br\/index.php?rest_route=%2Fwp%2Fv2%2Fmedia&parent=89085"}],"wp:term":[{"taxonomy":"category","embeddable":true,"href":"https:\/\/noticiasbahia360.com.br\/index.php?rest_route=%2Fwp%2Fv2%2Fcategories&post=89085"},{"taxonomy":"post_tag","embeddable":true,"href":"https:\/\/noticiasbahia360.com.br\/index.php?rest_route=%2Fwp%2Fv2%2Ftags&post=89085"}],"curies":[{"name":"wp","href":"https:\/\/api.w.org\/{rel}","templated":true}]}}