{"id":89087,"date":"2025-06-06T20:39:34","date_gmt":"2025-06-06T23:39:34","guid":{"rendered":"https:\/\/noticiasbahia360.com.br\/?p=89087"},"modified":"2025-06-06T20:39:34","modified_gmt":"2025-06-06T23:39:34","slug":"thiago-aquino-vai-faturar-r-44-milhoes-com-sao-joao-na-bahia-em-2025","status":"publish","type":"post","link":"https:\/\/noticiasbahia360.com.br\/?p=89087","title":{"rendered":"Thiago Aquino vai faturar R$ 4,4 milh\u00f5es com S\u00e3o Jo\u00e3o na Bahia em 2025"},"content":{"rendered":"<div>\n<div>\n<figure><img decoding=\"async\" src=\"http:\/\/noticiasbahia360.com.br\/wp-content\/uploads\/2025\/06\/NWzxusRF-Thiago-Aquino-edited.webp\" alt=\"Thiago Aquino\"><figcaption>Foto: Kaio Vinicius\/ Acorda Cidade<\/figcaption><\/figure>\n<\/div>\n<p><strong>R$ 4,4 milh\u00f5es.<\/strong> Este \u00e9 o valor que o cantor feirense <a href=\"https:\/\/www.acordacidade.com.br\/tag\/thiago-aquino\/\">Thiago Aquino<\/a> ir\u00e1 faturar com shows juninos na Bahia em 2025. Segundo dados do <a href=\"https:\/\/paineljunino.mpba.mp.br\/\">painel de gastos com os festejos<\/a>, desenvolvido pelo Minist\u00e9rio P\u00fablico do Estado e coletados na manh\u00e3 desta sexta-feira (6), <strong>16 prefeituras contrataram o cantor com cach\u00eas que variam entre R$ 200 mil e R$ 350 mil.<\/strong><\/p>\n<div class=\"wp-block-group\">\n<div class=\"wp-block-group__inner-container is-layout-constrained wp-block-group-is-layout-constrained\">\n<div class=\"wp-block-group\">\n<div class=\"wp-block-group__inner-container is-layout-constrained wp-block-group-is-layout-constrained\">\n<h4 class=\"wp-block-heading\" id=\"h-valor-dos-shows-de-thiago-aquino-no-sao-joao-da-bahia-em-2025\">Valor dos shows de Thiago Aquino no S\u00e3o Jo\u00e3o da Bahia em 2025<\/h4>\n<ul class=\"wp-block-list\">\n<li><strong>Presidente Tancredo Neves<\/strong> \u2013 R$ 350 mil<\/li>\n<li><strong>Paulo Afonso<\/strong> \u2013 R$ 350 mil<\/li>\n<li><strong>Baian\u00f3polis<\/strong> \u2013 R$ 300 mil<\/li>\n<li><strong>Mirangaba<\/strong> \u2013 R$ 300 mil<\/li>\n<li><strong>Itap\u00e9<\/strong> \u2013 R$ 300 mil<\/li>\n<li><strong>Teofil\u00e2ndia<\/strong> \u2013 R$ 300 mil<\/li>\n<li><strong>Miguel Calmon<\/strong> \u2013 R$ 300 mil<\/li>\n<li><strong>Irar\u00e1<\/strong> \u2013 R$ 300 mil<\/li>\n<li><strong>Santo Ant\u00f4nio de Jesus<\/strong> \u2013 R$ 300 mil<\/li>\n<li><strong>Catu<\/strong> \u2013 R$ 300 mil<\/li>\n<li><strong>Itamaraju<\/strong> \u2013 R$ 280 mil<\/li>\n<li><strong>Boninal <\/strong>\u2013 R$ 280 mil<\/li>\n<li><strong>Santa Rita de C\u00e1ssia <\/strong>\u2013 R$ 200 mil<\/li>\n<li><strong>Ribeira do Pombal <\/strong>\u2013 R$ 200 mil<\/li>\n<li><strong>Rio Real<\/strong> \u2013 R$ 200 mil<\/li>\n<li><strong>Baixa Grande<\/strong> \u2013 R$ 200 mil<\/li>\n<\/ul>\n<\/div>\n<\/div>\n<\/div>\n<\/div>\n<div class=\"wp-block-group\">\n<div class=\"wp-block-group__inner-container is-layout-constrained wp-block-group-is-layout-constrained\">\n<h2 class=\"wp-block-heading\" id=\"h-faturando\">Faturando \ud83c\udf3d\ud83c\udf3d\ud83c\udf3d\ud83c\udf3d<\/h2>\n<p>O alto faturamento de Thiago Aquino neste ano representa um aumento de cerca de 24% em rela\u00e7\u00e3o ao registrado em 2024. A soma dos valores em 2025 faz com que o artista, conhecido como \u201co menino da Queimadinha\u201d, se aproxime do melhor desempenho da sua carreira, obtido no S\u00e3o Jo\u00e3o de 2022, quando realizou 25 apresenta\u00e7\u00f5es e faturou quase R$ 5 milh\u00f5es.<\/p>\n<figure class=\"wp-block-image size-full\"><img fetchpriority=\"high\" data-dominant-color=\"dbd2c4\" data-has-transparency=\"false\" style=\"--dominant-color: #dbd2c4;\" fetchpriority=\"high\" decoding=\"async\" width=\"1101\" height=\"547\" sizes=\"(max-width: 1101px) 100vw, 1101px\" src=\"http:\/\/noticiasbahia360.com.br\/wp-content\/uploads\/2025\/06\/yqtGkgE6-historico-cache-thiago-aquino-sao-joao-da-bahia-2025.webp\" alt=\"\" class=\"wp-image-562968 not-transparent\" srcset=\"https:\/\/uploads.acordacidade.com.br\/2025\/06\/yqtGkgE6-historico-cache-thiago-aquino-sao-joao-da-bahia-2025-648x322.webp 648w, https:\/\/uploads.acordacidade.com.br\/2025\/06\/yqtGkgE6-historico-cache-thiago-aquino-sao-joao-da-bahia-2025-984x489.webp 984w, https:\/\/uploads.acordacidade.com.br\/2025\/06\/yqtGkgE6-historico-cache-thiago-aquino-sao-joao-da-bahia-2025-150x75.webp 150w, http:\/\/noticiasbahia360.com.br\/wp-content\/uploads\/2025\/06\/yqtGkgE6-historico-cache-thiago-aquino-sao-joao-da-bahia-2025.webp 1101w\"><figcaption class=\"wp-element-caption\">Hist\u00f3rico de cach\u00ea de Thiago Aquino no S\u00e3o Jo\u00e3o da Bahia | Foto: Departamento de Arte \/ Acorda Cidade <\/figcaption><\/figure>\n<p>Por conta da antecipa\u00e7\u00e3o dos festejos juninos em algumas cidades do estado, o cantor j\u00e1 realizou alguns dos shows contratados pelas prefeituras. <strong>Outro dado interessante \u00e9 que a m\u00e9dia do cach\u00ea de Thiago Aquino cresceu cerca de 15% de um ano para o outro.<\/strong> Em 2024, as prefeituras pagaram cerca de R$ 227 mil para ter o artista nos palcos; neste ano, o valor est\u00e1 fixado em R$ 262 mil, em m\u00e9dia.<\/p>\n<\/div>\n<\/div>\n<div class=\"wp-block-group\">\n<div class=\"wp-block-group__inner-container is-layout-constrained wp-block-group-is-layout-constrained\">\n<p><em>Reportagem escrita pelo estagi\u00e1rio de jornalismo Jefferson Ara\u00fajo sob supervis\u00e3o <\/em><\/p>\n<p><em>Siga o Acorda Cidade no<\/em><a href=\"https:\/\/news.google.com\/search?q=acorda%20cidade&amp;hl=pt-BR&amp;gl=BR&amp;ceid=BR%3Apt-419\"><strong><em>\u00a0Google Not\u00edcias<\/em><\/strong><\/a><em>\u00a0e receba os principais destaques do dia. Participe tamb\u00e9m dos nossos canais no\u00a0<\/em><a href=\"https:\/\/www.whatsapp.com\/channel\/0029Va6Rb4v3WHTNnsh8WI3N\"><strong><em>WhatsApp<\/em><\/strong><\/a><em>\u00a0e\u00a0<\/em><a href=\"https:\/\/www.youtube.com\/@acordacidadenoticias\/videos\"><strong>YouTube<\/strong><\/a><em>\u00a0e do grupo no\u00a0<\/em><a href=\"https:\/\/t.me\/+sSz0khrgARA0ZmRh\"><strong><em>Telegram<\/em><\/strong><\/a><\/p>\n<\/div>\n<\/div>\n<\/div>\n","protected":false},"excerpt":{"rendered":"<div>\n<div>\n<figure><img decoding=\"async\" src=\"https:\/\/uploads.acordacidade.com.br\/2025\/06\/NWzxusRF-Thiago-Aquino-edited.webp\" alt=\"Thiago Aquino\"><figcaption>Foto: Kaio Vinicius\/ Acorda Cidade<\/figcaption><\/figure>\n<\/div>\n<p>Segundo o painel de gastos com os festejos do MP, 16 prefeituras contrataram o cantor com cach\u00eas que variam entre R$ 200 mil e R$ 350 mil.<\/p><\/div>\n","protected":false},"author":1,"featured_media":89088,"comment_status":"closed","ping_status":"closed","sticky":false,"template":"","format":"gallery","meta":{"footnotes":""},"categories":[8,9,6,57,56,10],"tags":[],"class_list":["post-89087","post","type-post","status-publish","format-gallery","has-post-thumbnail","hentry","category-bahia","category-brasil","category-feira-de-santana","category-mundo","category-policia","category-politica","post_format-post-format-gallery"],"featured_image_urls":{"full":["https:\/\/noticiasbahia360.com.br\/wp-content\/uploads\/2025\/06\/NWzxusRF-Thiago-Aquino-edited.webp",1200,675,false],"thumbnail":["https:\/\/noticiasbahia360.com.br\/wp-content\/uploads\/2025\/06\/NWzxusRF-Thiago-Aquino-edited-150x150.webp",150,150,true],"medium":["https:\/\/noticiasbahia360.com.br\/wp-content\/uploads\/2025\/06\/NWzxusRF-Thiago-Aquino-edited-300x169.webp",300,169,true],"medium_large":["https:\/\/noticiasbahia360.com.br\/wp-content\/uploads\/2025\/06\/NWzxusRF-Thiago-Aquino-edited-768x432.webp",640,360,true],"large":["https:\/\/noticiasbahia360.com.br\/wp-content\/uploads\/2025\/06\/NWzxusRF-Thiago-Aquino-edited-1024x576.webp",640,360,true],"1536x1536":["https:\/\/noticiasbahia360.com.br\/wp-content\/uploads\/2025\/06\/NWzxusRF-Thiago-Aquino-edited.webp",1200,675,false],"2048x2048":["https:\/\/noticiasbahia360.com.br\/wp-content\/uploads\/2025\/06\/NWzxusRF-Thiago-Aquino-edited.webp",1200,675,false],"chromenews-featured":["https:\/\/noticiasbahia360.com.br\/wp-content\/uploads\/2025\/06\/NWzxusRF-Thiago-Aquino-edited-1024x576.webp",1024,576,true],"chromenews-large":["https:\/\/noticiasbahia360.com.br\/wp-content\/uploads\/2025\/06\/NWzxusRF-Thiago-Aquino-edited-825x575.webp",825,575,true],"chromenews-medium":["https:\/\/noticiasbahia360.com.br\/wp-content\/uploads\/2025\/06\/NWzxusRF-Thiago-Aquino-edited-590x410.webp",590,410,true]},"author_info":{"display_name":"noticiasbahia360.com.br","author_link":"https:\/\/noticiasbahia360.com.br\/?author=1"},"category_info":"<a href=\"https:\/\/noticiasbahia360.com.br\/?cat=8\" rel=\"category\">Bahia<\/a> <a href=\"https:\/\/noticiasbahia360.com.br\/?cat=9\" rel=\"category\">Brasil<\/a> <a href=\"https:\/\/noticiasbahia360.com.br\/?cat=6\" rel=\"category\">Feira de Santana<\/a> <a href=\"https:\/\/noticiasbahia360.com.br\/?cat=57\" rel=\"category\">Mundo<\/a> <a href=\"https:\/\/noticiasbahia360.com.br\/?cat=56\" rel=\"category\">Pol\u00edcia<\/a> <a href=\"https:\/\/noticiasbahia360.com.br\/?cat=10\" rel=\"category\">Pol\u00edtica<\/a>","tag_info":"Pol\u00edtica","comment_count":"0","_links":{"self":[{"href":"https:\/\/noticiasbahia360.com.br\/index.php?rest_route=\/wp\/v2\/posts\/89087","targetHints":{"allow":["GET"]}}],"collection":[{"href":"https:\/\/noticiasbahia360.com.br\/index.php?rest_route=\/wp\/v2\/posts"}],"about":[{"href":"https:\/\/noticiasbahia360.com.br\/index.php?rest_route=\/wp\/v2\/types\/post"}],"author":[{"embeddable":true,"href":"https:\/\/noticiasbahia360.com.br\/index.php?rest_route=\/wp\/v2\/users\/1"}],"replies":[{"embeddable":true,"href":"https:\/\/noticiasbahia360.com.br\/index.php?rest_route=%2Fwp%2Fv2%2Fcomments&post=89087"}],"version-history":[{"count":0,"href":"https:\/\/noticiasbahia360.com.br\/index.php?rest_route=\/wp\/v2\/posts\/89087\/revisions"}],"wp:featuredmedia":[{"embeddable":true,"href":"https:\/\/noticiasbahia360.com.br\/index.php?rest_route=\/wp\/v2\/media\/89088"}],"wp:attachment":[{"href":"https:\/\/noticiasbahia360.com.br\/index.php?rest_route=%2Fwp%2Fv2%2Fmedia&parent=89087"}],"wp:term":[{"taxonomy":"category","embeddable":true,"href":"https:\/\/noticiasbahia360.com.br\/index.php?rest_route=%2Fwp%2Fv2%2Fcategories&post=89087"},{"taxonomy":"post_tag","embeddable":true,"href":"https:\/\/noticiasbahia360.com.br\/index.php?rest_route=%2Fwp%2Fv2%2Ftags&post=89087"}],"curies":[{"name":"wp","href":"https:\/\/api.w.org\/{rel}","templated":true}]}}