{"id":89090,"date":"2025-06-06T20:50:55","date_gmt":"2025-06-06T23:50:55","guid":{"rendered":"https:\/\/noticiasbahia360.com.br\/?p=89090"},"modified":"2025-06-06T20:50:55","modified_gmt":"2025-06-06T23:50:55","slug":"rala-bucho-forro-e-avexado-confira-as-palavras-do-sao-joao-que-voce-usa-todo-ano-e-nao-sabe-a-origem","status":"publish","type":"post","link":"https:\/\/noticiasbahia360.com.br\/?p=89090","title":{"rendered":"\u201cRala-bucho\u201d, \u201cforr\u00f3\u201d e \u201cavexado\u201d: confira as palavras do S\u00e3o Jo\u00e3o que voc\u00ea usa todo ano e n\u00e3o sabe a origem"},"content":{"rendered":"<div>\n<div>\n<figure><img decoding=\"async\" src=\"http:\/\/noticiasbahia360.com.br\/wp-content\/uploads\/2025\/06\/Quadrilhas-juninas.jpg\" alt=\"Quadrilhas juninas\"><figcaption>Foto: Divulga\u00e7\u00e3o\/Fred Pontes e Reynaldo Felix<\/figcaption><\/figure>\n<\/div>\n<p>Por que as pessoas falam \u201c<strong>balanc\u00ea<\/strong>\u201d, <strong>\u201cavexado\u201d<\/strong>,<strong> \u201cbater coxa\u201d<\/strong> e <strong>\u201canarrie\u00ea\u00ea\u00ea\u00ea!\u201d<\/strong> quando o m\u00eas de junho chega? Essas express\u00f5es, que j\u00e1 viraram trilha sonora da mem\u00f3ria afetiva nordestina, t\u00eam origem, hist\u00f3ria e at\u00e9 sotaque franc\u00eas. Isso mesmo: os <a href=\"https:\/\/www.acordacidade.com.br\/tag\/festejos-juninos\/\">festejos<\/a> mais nordestinos do pa\u00eds \u00e9 uma mistura cultural que vem de longe. E para entender tudo, o Acorda Cidade bateu um papo arretado de bom com a professora de lingu\u00edstica Norma Almeida, da Universidade Estadual de Feira de Santana (Uefs).<\/p>\n<p>Segundo a professora, a resposta come\u00e7a l\u00e1 na Fran\u00e7a. Os festejos juninas vieram da Europa, trazidas pelos portugueses, que trouxeram com elas a quadrilha \u2013 uma forma de dan\u00e7a de origem francesa. Ao chegar ao Brasil, essa tradi\u00e7\u00e3o europeia passou a dialogar com outras culturas, como a dos povos ind\u00edgenas, segundo estudiosos da cultura popular, como C\u00e2mara Cascudo.<\/p>\n<p>A mistura j\u00e1 come\u00e7a a\u00ed. A quadrilha veio com passos franceses \u2014 e as palavras tamb\u00e9m. \u201cAnarri\u00ea\u201d, por exemplo, vem de <em>en arri\u00e8re<\/em> (para tr\u00e1s), e \u201cbalanc\u00ea\u201d vem de <em>balancer<\/em> (balan\u00e7ar). Aqui no Brasil, essas palavras foram ganhando sotaque, ritmo e, claro, muito forr\u00f3.<\/p>\n<figure class=\"wp-block-image size-large\"><img fetchpriority=\"high\" data-dominant-color=\"9e9695\" data-has-transparency=\"false\" style=\"--dominant-color: #9e9695;\" fetchpriority=\"high\" decoding=\"async\" width=\"1079\" height=\"768\" sizes=\"(max-width: 1079px) 100vw, 1079px\" src=\"http:\/\/noticiasbahia360.com.br\/wp-content\/uploads\/2025\/06\/aQgrhL0n-Professora-de-linguistica-da-Uefs-ft-ney-silva-acorda-cidade-1079x768-1.webp\" alt=\"Professora de lingu\u00edstica da Uefs - ft ney silva acorda cidade - S\u00e3o jo\u00e3o - palavras usados no S\u00e3o Jo\u00e3o\" class=\"wp-image-563177 not-transparent\" srcset=\"https:\/\/uploads.acordacidade.com.br\/2025\/06\/aQgrhL0n-Professora-de-linguistica-da-Uefs-ft-ney-silva-acorda-cidade-513x365.webp 513w, http:\/\/noticiasbahia360.com.br\/wp-content\/uploads\/2025\/06\/aQgrhL0n-Professora-de-linguistica-da-Uefs-ft-ney-silva-acorda-cidade-1079x768-1.webp 1079w, https:\/\/uploads.acordacidade.com.br\/2025\/06\/aQgrhL0n-Professora-de-linguistica-da-Uefs-ft-ney-silva-acorda-cidade-777x553.webp 777w, https:\/\/uploads.acordacidade.com.br\/2025\/06\/aQgrhL0n-Professora-de-linguistica-da-Uefs-ft-ney-silva-acorda-cidade-150x107.webp 150w, https:\/\/uploads.acordacidade.com.br\/2025\/06\/aQgrhL0n-Professora-de-linguistica-da-Uefs-ft-ney-silva-acorda-cidade.webp 1200w\"><figcaption class=\"wp-element-caption\">Norma Almeida | Foto: Ney Silva\/Acorda Cidade<\/figcaption><\/figure>\n<p>\u201cA gente tem palavras como avancer, anarri\u00ea, balanc\u00ea, que s\u00e3o abrasileiramentos de palavras francesas. Claro que tamb\u00e9m existem palavras criadas aqui no pr\u00f3prio Brasil, como avexado, que \u00e9 um brasileirismo, rala-bucho e outras\u201d, completa a professora.<\/p>\n<p>E se tem dan\u00e7a, tem m\u00fasica. O \u201c<a href=\"https:\/\/www.acordacidade.com.br\/tag\/forro\/\">forr\u00f3<\/a>\u201d, aquele que d\u00e1 todo tempero aos festejos juninos, tamb\u00e9m tem hist\u00f3ria, inclusive, a palavra traz pol\u00eamica entre os historiadores.<\/p>\n<p>\u201cC\u00e2mara Cascudo dizia que forr\u00f3 veio de uma palavra galega, porque antes de ser portugu\u00eas foi galego-portugu\u00eas. Mas a professora Yeda Pessoa de Castro coloca forr\u00f3 como de origem africana. De qualquer maneira, a forma de forr\u00f3, nosso forr\u00f3, \u00e9 genuinamente nordestino\u201d, afirmou.<\/p>\n<h2 class=\"wp-block-heading\" id=\"h-uma-mistura-que-deu-forro\">Uma mistura que deu forr\u00f3<\/h2>\n<p>A cultura junina \u00e9 feita de misturas: de palavras, de ritmos, de tradi\u00e7\u00f5es. Dos santos cat\u00f3licos \u00e0 dan\u00e7a ind\u00edgena, o Tor\u00e9 que arrasta o p\u00e9, da sanfona ao milho cozido, do licor de genipapo ao <strong>\u201carrasta-p\u00e9\u201d <\/strong>na poeira das cidades, mas principalmente nos interiores do Nordeste. Tudo ali tem um porqu\u00ea.<\/p>\n<figure class=\"wp-block-image size-large\"><img data-dominant-color=\"8e4a42\" data-has-transparency=\"false\" style=\"--dominant-color: #8e4a42;\" decoding=\"async\" width=\"1153\" height=\"768\" sizes=\"(max-width: 1153px) 100vw, 1153px\" src=\"http:\/\/noticiasbahia360.com.br\/wp-content\/uploads\/2025\/06\/xKoyXaZu-Festival-de-Quadrilhas-2-1153x768-2.webp\" alt=\"Festival de Quadrilhas em saj - S\u00e3o Jo\u00e3o\" class=\"wp-image-561321 not-transparent\" srcset=\"https:\/\/uploads.acordacidade.com.br\/2025\/06\/xKoyXaZu-Festival-de-Quadrilhas-2-548x365.webp 548w, http:\/\/noticiasbahia360.com.br\/wp-content\/uploads\/2025\/06\/xKoyXaZu-Festival-de-Quadrilhas-2-1153x768-2.webp 1153w, https:\/\/uploads.acordacidade.com.br\/2025\/06\/xKoyXaZu-Festival-de-Quadrilhas-2-831x553.webp 831w, https:\/\/uploads.acordacidade.com.br\/2025\/06\/xKoyXaZu-Festival-de-Quadrilhas-2-150x100.webp 150w, https:\/\/uploads.acordacidade.com.br\/2025\/06\/xKoyXaZu-Festival-de-Quadrilhas-2.webp 1200w\"><figcaption class=\"wp-element-caption\">Foto: Luciano Almeida<\/figcaption><\/figure>\n<p>\u201cAntes mesmo dos crist\u00e3os j\u00e1 havia uma festa parecida, uma festa pag\u00e3. Cascudo tamb\u00e9m coloca que os ind\u00edgenas tinham festas parecidas no m\u00eas de junho. Aqui no Brasil, m\u00eas de inverno, junho era importante para a cultura da mandioca, do milho, culturas inclusive que d\u00e3o origem \u00e0s comidas do S\u00e3o Jo\u00e3o\u201d, explicou Norma.<\/p>\n<p>Enquanto em Portugal o S\u00e3o Jo\u00e3o \u00e9 comemorado com sardinha, aqui no Nordeste o card\u00e1pio \u00e9 outro: <strong>mungunz\u00e1, pamonha, milho assado, laranja, amendoim e licor de genipapo. Tudo isso tamb\u00e9m traz marcas da cultura ind\u00edgena e africana.<\/strong><\/p>\n<figure class=\"wp-block-image size-full is-resized\"><img data-dominant-color=\"6c7345\" data-has-transparency=\"false\" decoding=\"async\" width=\"640\" height=\"288\" sizes=\"(max-width: 640px) 100vw, 640px\" src=\"https:\/\/www.acordacidade.com.br\/wp-content\/uploads\/2024\/06\/alimentos-tipicos-do-Sao-Joao-ft-paulo-jose-acorda-cidade-jpg.avif\" alt=\"Alimentos t\u00edpicos do S\u00e3o Jo\u00e3o\" class=\"wp-image-403176 not-transparent\" style=\"--dominant-color: #6c7345; width:840px;height:auto\"><figcaption class=\"wp-element-caption\">Foto: Paulo Jos\u00e9\/Acorda Cidade <\/figcaption><\/figure>\n<p>\u201cMungunz\u00e1 \u00e9 uma palavra de origem africana, mas o milho \u00e9 ind\u00edgena. Provavelmente, tem a ver com quem \u00e9 que fez a receita. O amendoim \u00e9 ind\u00edgena, \u00e9 nosso. Genipapo, que \u00e9 nosso, fez o nosso licor mais conhecido nas festas na maior parte do Nordeste\u201d, comentou.<\/p>\n<h2 class=\"wp-block-heading\" id=\"h-viva-a-tradicao-viva-a-renovacao\">Viva a tradi\u00e7\u00e3o, viva a renova\u00e7\u00e3o<\/h2>\n<p>As express\u00f5es t\u00edpicas tamb\u00e9m evoluem. Assim como as roupas das quadrilhas, que hoje misturam o cl\u00e1ssico com o contempor\u00e2neo, o vocabul\u00e1rio do <a href=\"https:\/\/www.acordacidade.com.br\/sao-joao\/\" target=\"_blank\" rel=\"noreferrer noopener\">S\u00e3o Jo\u00e3o<\/a> tamb\u00e9m vai ganhando cara nova com o passar do tempo.<\/p>\n<p>\u201cA l\u00edngua, na verdade, \u00e9 viva, ela muda a cada gera\u00e7\u00e3o. \u00c9 importante manter a cultura popular, mas ao longo do tempo, os jovens v\u00e3o inserindo novas express\u00f5es.\u201d<\/p>\n<p>Al\u00e9m disso, cada canto do Nordeste tem sua pr\u00f3pria forma de celebrar e de se expressar. Em algumas regi\u00f5es vai se falar que o forr\u00f3 \u00e9 um <strong>\u201cxaxado\u201d<\/strong>, um <strong>\u201cxote\u201d<\/strong>. Tem o<strong> \u201cavexado\u201d<\/strong> aqui, <strong>\u201cbarrufado\u201d<\/strong> ali, e por a\u00ed vai. Os sotaques e express\u00f5es mudam e podem significar coisas diferentes a partir das influ\u00eancias culturais.<\/p>\n<h2 class=\"wp-block-heading\" id=\"h-festejos-milionarios\">Festejos milion\u00e1rios<\/h2>\n<p>Seja no sert\u00e3o, no litoral ou na capital, a estrutura do S\u00e3o Jo\u00e3o gira em torno do <strong>\u201cfestejar\u201d<\/strong>. Mesmo com a modernidade, as igrejinhas cenogr\u00e1ficas, as barraquinhas, os bal\u00f5es e a quadrilha continuam sendo marcas registradas da festa.<\/p>\n<figure class=\"wp-block-image size-full is-resized\"><img data-dominant-color=\"665c67\" data-has-transparency=\"false\" decoding=\"async\" width=\"640\" height=\"293\" sizes=\"(max-width: 640px) 100vw, 640px\" src=\"http:\/\/noticiasbahia360.com.br\/wp-content\/uploads\/2025\/06\/Sao-joao-de-Berimbau-jpg.webp\" alt=\"S\u00e3o jo\u00e3o de Berimbau\" class=\"wp-image-409393 not-transparent\" style=\"--dominant-color: #665c67; width:840px;height:auto\"><figcaption class=\"wp-element-caption\">Foto: Divulga\u00e7\u00e3o\/Sergio Pedreira\/ Ag. Fred Pontes<\/figcaption><\/figure>\n<p>Mas o que antes era s\u00f3 tradi\u00e7\u00e3o de ro\u00e7a, hoje movimenta cifras milion\u00e1rias. Segundo o Minist\u00e9rio P\u00fablico, at\u00e9 o in\u00edcio de junho, o Painel da Transpar\u00eancia dos Festejos Juninos da Bahia j\u00e1 havia recebido dados de 399 prefeituras \u2014 o equivalente a 95,5% das cidades do estado. No total, foram divulgadas 2.502 apresenta\u00e7\u00f5es, com 1.108 artistas contratados. O valor investido: cerca de R$ 395 milh\u00f5es.<\/p>\n<p>\u201cA festa junina se organiza, digamos assim, em torno do forr\u00f3. O forr\u00f3, na festa junina, se dan\u00e7a a quadrilha, se toca o forr\u00f3, se toca o xote, se toca o bai\u00e3o, e se dan\u00e7a a quadrilha. Ent\u00e3o, a festa se organiza em torno de um arrai\u00e1. Al\u00e9m, claro, das quest\u00f5es religiosas. Mas a parte profana, de certa forma, extrapolou a quest\u00e3o religiosa e caminham, \u00e0s vezes juntas, \u00e0s vezes separadas\u201d, explicou.<\/p>\n<p>No final das contas, o S\u00e3o Jo\u00e3o \u00e9 isso mesmo: um grande caldeir\u00e3o cultural. Veio da Europa, se enraizou no Brasil, encontrou as sabedorias ind\u00edgenas e africanas, e floresceu como uma das maiores express\u00f5es da cultura brasileira. <\/p>\n<h2 class=\"wp-block-heading\" id=\"h-confira-algumas-palavras-para-voce-ficar-sabido-durante-dos-festejos\">\ud83c\udf3d\ud83e\ude97 Confira algumas palavras para voc\u00ea ficar \u201csabido\u201d durante dos festejos<\/h2>\n<ol class=\"wp-block-list\">\n<li><strong>Arrai\u00e1 <\/strong>\u2013 Nome carinhoso para a festa de S\u00e3o Jo\u00e3o. Pode ser na pra\u00e7a, na escola ou no quintal de casa.<\/li>\n<li><strong>Balanc\u00ea <\/strong>\u2013 Do franc\u00eas balancer (balan\u00e7ar). Comando na quadrilha para os casais dan\u00e7arem balan\u00e7ando.<\/li>\n<li><strong>Anarri\u00ea<\/strong> \u2013 De en arri\u00e8re (para tr\u00e1s). Significa que os pares devem ir de costas, cada um pro seu lado.<\/li>\n<li><strong>Alavant\u00fa<\/strong> \u2013 Vem de en avant (para frente). \u00c9 o passo de avan\u00e7ar na dan\u00e7a da quadrilha.<\/li>\n<li><strong>Bate-coxa<\/strong> \u2013 Quando os pares dan\u00e7am bem coladinhos, no embalo do forr\u00f3.<\/li>\n<li><strong>Avexado<\/strong> \u2013 Apressado, agoniado.<\/li>\n<li><strong>Rala-bucho<\/strong> \u2013 Forroz\u00e3o animado que faz suar a barriga: \u201cRala-bucho a noite inteira at\u00e9 o sol rair\u201d<\/li>\n<li><strong>Arrasta-p\u00e9<\/strong> \u2013 Um tipo de forr\u00f3 que se dan\u00e7a com o p\u00e9 arrastado no ch\u00e3o<\/li>\n<li><strong>Mungunz\u00e1<\/strong> \u2013 Prato junino feito com milho cozido, leite de coco ou a\u00e7\u00facar. Uma del\u00edcia!<\/li>\n<li><strong>Licor<\/strong> \u2013 Bebida tradicional feita com frutas como jenipapo, maracuj\u00e1 e amendoim. Pra quem curte uma bebida alco\u00f3lica, nos festejos n\u00e3o podem faltar.<\/li>\n<li><strong>Fogueira<\/strong> \u2013 Elemento central da festa, em homenagem aos santos juninos.<\/li>\n<li><strong>Pega-pinto <\/strong>\u2013 Corrida divertida em que as crian\u00e7as tentam pegar um pintinho ou pr\u00eamio.<\/li>\n<li><strong>Forr\u00f3<\/strong> \u2013 Ritmo do S\u00e3o Jo\u00e3o. Inclui xaxado, bai\u00e3o e xote \u2014 pra dan\u00e7ar agarradinho ou soltinho.<\/li>\n<li><strong>Quadrilha <\/strong>\u2013 Dan\u00e7a tradicional com pares, passos marcados e o famoso \u201ccasamento matuto\u201d.<\/li>\n<li><strong>Sabido<\/strong> \u2013 Inteligente<\/li>\n<li><strong>Cabra<\/strong> \u2013 pessoa, homem<\/li>\n<li><strong>Pau-de-sebo<\/strong> \u2013 Brincadeira em que se tenta subir num mastro escorregadio pra pegar o pr\u00eamio.<\/li>\n<li><strong>Matuto<\/strong> \u2013 Pessoa do interior. No S\u00e3o Jo\u00e3o, todo mundo vira matuto com orgulho.<\/li>\n<li><strong>Sim sinh\u00f4 \/ Sim sinh\u00e1<\/strong> \u2013 Express\u00f5es usadas na quadrilha, lembrando o jeito carinhoso e respeitoso do interior.<\/li>\n<li><strong>Xote<\/strong> \u2013 Ritmo dan\u00e7ante do forr\u00f3, mais lento e gostoso, p\u00e9 com p\u00e9.<\/li>\n<li><strong>Bai\u00e3o <\/strong>\u2013 Ritmo nordestino criado por Luiz Gonzaga, com sanfona, tri\u00e2ngulo e zabumba.<\/li>\n<li><strong>Noivo fuj\u00e3o<\/strong> \u2013 Personagem cl\u00e1ssico da quadrilha, que tenta escapar do casamento.<\/li>\n<li><strong>Furdun\u00e7o<\/strong> \u2013 Bagun\u00e7a boa e animada, t\u00edpica do S\u00e3o Jo\u00e3o no interior.<\/li>\n<\/ol>\n<p><em>Com informa\u00e7\u00f5es do rep\u00f3rter Ney Silva do Acorda Cidade<\/em><\/p>\n<p><em>Siga o Acorda Cidade no<\/em><a href=\"https:\/\/news.google.com\/search?q=acorda%20cidade&amp;hl=pt-BR&amp;gl=BR&amp;ceid=BR%3Apt-419\"><strong><em> Google Not\u00edcias<\/em><\/strong><\/a><em> e receba os principais destaques do dia. Participe tamb\u00e9m dos nossos canais no <\/em><a href=\"https:\/\/whatsapp.com\/channel\/0029Va6Rb4v3WHTNnsh8WI3N\"><strong><em>WhatsApp<\/em><\/strong><\/a><em> e <\/em><a href=\"https:\/\/www.youtube.com\/@acordacidadenoticias\/videos\"><strong>Youtube<\/strong><\/a><em> e grupo de <\/em><a href=\"https:\/\/t.me\/+sSz0khrgARA0ZmRh\"><strong><em>Telegram<\/em><\/strong><\/a><em>.<\/em><\/p>\n<\/div>\n","protected":false},"excerpt":{"rendered":"<div>\n<div>\n<figure><img decoding=\"async\" src=\"https:\/\/www.acordacidade.com.br\/wp-content\/uploads\/2024\/06\/Quadrilhas-juninas.jpg\" alt=\"Quadrilhas juninas\"><figcaption>Foto: Divulga\u00e7\u00e3o\/Fred Pontes e Reynaldo Felix<\/figcaption><\/figure>\n<\/div>\n<p>Os festejos juninas vieram da Europa, trazidas pelos portugueses, que trouxeram com elas a quadrilha&#8230;<\/p><\/div>\n","protected":false},"author":1,"featured_media":89091,"comment_status":"closed","ping_status":"closed","sticky":false,"template":"","format":"gallery","meta":{"footnotes":""},"categories":[8,9,6,57,56,10],"tags":[],"class_list":["post-89090","post","type-post","status-publish","format-gallery","has-post-thumbnail","hentry","category-bahia","category-brasil","category-feira-de-santana","category-mundo","category-policia","category-politica","post_format-post-format-gallery"],"featured_image_urls":{"full":["https:\/\/noticiasbahia360.com.br\/wp-content\/uploads\/2025\/06\/Quadrilhas-juninas.jpg",640,426,false],"thumbnail":["https:\/\/noticiasbahia360.com.br\/wp-content\/uploads\/2025\/06\/Quadrilhas-juninas-150x150.jpg",150,150,true],"medium":["https:\/\/noticiasbahia360.com.br\/wp-content\/uploads\/2025\/06\/Quadrilhas-juninas-300x200.jpg",300,200,true],"medium_large":["https:\/\/noticiasbahia360.com.br\/wp-content\/uploads\/2025\/06\/Quadrilhas-juninas.jpg",640,426,false],"large":["https:\/\/noticiasbahia360.com.br\/wp-content\/uploads\/2025\/06\/Quadrilhas-juninas.jpg",640,426,false],"1536x1536":["https:\/\/noticiasbahia360.com.br\/wp-content\/uploads\/2025\/06\/Quadrilhas-juninas.jpg",640,426,false],"2048x2048":["https:\/\/noticiasbahia360.com.br\/wp-content\/uploads\/2025\/06\/Quadrilhas-juninas.jpg",640,426,false],"chromenews-featured":["https:\/\/noticiasbahia360.com.br\/wp-content\/uploads\/2025\/06\/Quadrilhas-juninas.jpg",640,426,false],"chromenews-large":["https:\/\/noticiasbahia360.com.br\/wp-content\/uploads\/2025\/06\/Quadrilhas-juninas.jpg",640,426,false],"chromenews-medium":["https:\/\/noticiasbahia360.com.br\/wp-content\/uploads\/2025\/06\/Quadrilhas-juninas-590x410.jpg",590,410,true]},"author_info":{"display_name":"noticiasbahia360.com.br","author_link":"https:\/\/noticiasbahia360.com.br\/?author=1"},"category_info":"<a href=\"https:\/\/noticiasbahia360.com.br\/?cat=8\" rel=\"category\">Bahia<\/a> <a href=\"https:\/\/noticiasbahia360.com.br\/?cat=9\" rel=\"category\">Brasil<\/a> <a href=\"https:\/\/noticiasbahia360.com.br\/?cat=6\" rel=\"category\">Feira de Santana<\/a> <a href=\"https:\/\/noticiasbahia360.com.br\/?cat=57\" rel=\"category\">Mundo<\/a> <a href=\"https:\/\/noticiasbahia360.com.br\/?cat=56\" rel=\"category\">Pol\u00edcia<\/a> <a href=\"https:\/\/noticiasbahia360.com.br\/?cat=10\" rel=\"category\">Pol\u00edtica<\/a>","tag_info":"Pol\u00edtica","comment_count":"0","_links":{"self":[{"href":"https:\/\/noticiasbahia360.com.br\/index.php?rest_route=\/wp\/v2\/posts\/89090","targetHints":{"allow":["GET"]}}],"collection":[{"href":"https:\/\/noticiasbahia360.com.br\/index.php?rest_route=\/wp\/v2\/posts"}],"about":[{"href":"https:\/\/noticiasbahia360.com.br\/index.php?rest_route=\/wp\/v2\/types\/post"}],"author":[{"embeddable":true,"href":"https:\/\/noticiasbahia360.com.br\/index.php?rest_route=\/wp\/v2\/users\/1"}],"replies":[{"embeddable":true,"href":"https:\/\/noticiasbahia360.com.br\/index.php?rest_route=%2Fwp%2Fv2%2Fcomments&post=89090"}],"version-history":[{"count":0,"href":"https:\/\/noticiasbahia360.com.br\/index.php?rest_route=\/wp\/v2\/posts\/89090\/revisions"}],"wp:featuredmedia":[{"embeddable":true,"href":"https:\/\/noticiasbahia360.com.br\/index.php?rest_route=\/wp\/v2\/media\/89091"}],"wp:attachment":[{"href":"https:\/\/noticiasbahia360.com.br\/index.php?rest_route=%2Fwp%2Fv2%2Fmedia&parent=89090"}],"wp:term":[{"taxonomy":"category","embeddable":true,"href":"https:\/\/noticiasbahia360.com.br\/index.php?rest_route=%2Fwp%2Fv2%2Fcategories&post=89090"},{"taxonomy":"post_tag","embeddable":true,"href":"https:\/\/noticiasbahia360.com.br\/index.php?rest_route=%2Fwp%2Fv2%2Ftags&post=89090"}],"curies":[{"name":"wp","href":"https:\/\/api.w.org\/{rel}","templated":true}]}}