{"id":89099,"date":"2025-06-07T07:15:26","date_gmt":"2025-06-07T10:15:26","guid":{"rendered":"https:\/\/noticiasbahia360.com.br\/?p=89099"},"modified":"2025-06-07T07:15:26","modified_gmt":"2025-06-07T10:15:26","slug":"soma-interrompe-patrolamento-das-estradas-rurais-de-feira-devido-as-chuvas","status":"publish","type":"post","link":"https:\/\/noticiasbahia360.com.br\/?p=89099","title":{"rendered":"Soma interrompe patrolamento das estradas rurais de Feira devido \u00e0s chuvas"},"content":{"rendered":"<div>\n<div>\n<figure><img decoding=\"async\" src=\"http:\/\/noticiasbahia360.com.br\/wp-content\/uploads\/2025\/06\/Encascalhamento-e-Patrolamento-no-Distrito-de-Jaiba-fotos-Divulgacao-SOMA-640.jpg\" alt=\"Encascalhamento e Patrolamento no Distrito de Jaiba\"><figcaption>Encascalhamento e Patrolamento no Distrito de Jaiba | Foto: Divulga\u00e7\u00e3o \/ Ascom<\/figcaption><\/figure>\n<\/div>\n<p>A Superintend\u00eancia de Opera\u00e7\u00f5es e Manuten\u00e7\u00e3o (Soma) da Prefeitura de <a href=\"https:\/\/www.acordacidade.com.br\/tag\/feira-de-santana\/\">Feira de Santana<\/a> suspendeu temporariamente os servi\u00e7os de patrolamento das estradas da zona rural nos oito distritos do munic\u00edpio. A medida foi adotada em raz\u00e3o das chuvas persistentes que v\u00eam caindo na regi\u00e3o nos \u00faltimos dias.<\/p>\n<p>No distrito de Jaguara, foram suspensos os servi\u00e7os de patrolamento na estrada que liga Sete Portas a Tanquinho, devido \u00e0s condi\u00e7\u00f5es clim\u00e1ticas locais. Da mesma forma, est\u00e1 paralisado o patrolamento da estrada que liga a Ponte do Rio Branco ao Campo do Gado Novo.<\/p>\n<p>Em Humildes, foi interrompido o trabalho de manuten\u00e7\u00e3o com motoniveladora na estrada do povoado de Pau Seco. J\u00e1 no distrito de S\u00e3o Jos\u00e9, foi suspenso o patrolamento da estrada do povoado de Carro Quebrado.<\/p>\n<p>No distrito de Ja\u00edba, foi suspenso o servi\u00e7o de manuten\u00e7\u00e3o na estrada que liga os povoados de Tapera II a Brand\u00e3o (S\u00e3o Roque). As mesmas condi\u00e7\u00f5es adversas tamb\u00e9m comprometeram o patrolamento da estrada de Alto Tanque, no distrito da Matinha. Em Tiquaru\u00e7u, foi suspenso o patrolamento dos corredores e adjac\u00eancias na comunidade da Ladeira.<\/p>\n<p>Al\u00e9m disso, devido \u00e0 impossibilidade de uso de m\u00e1quinas pesadas sob essas condi\u00e7\u00f5es clim\u00e1ticas, tamb\u00e9m foram suspensos os servi\u00e7os de manuten\u00e7\u00e3o com regulariza\u00e7\u00e3o de cascalho, nivelamento e limpeza mecanizada na regi\u00e3o do Centro Comunit\u00e1rio de Ipua\u00e7u.<\/p>\n<p><em>As informa\u00e7\u00f5es s\u00e3o da Secretaria de Comunica\u00e7\u00e3o Social<\/em><\/p>\n<p><em>Siga o Acorda Cidade no<\/em><a href=\"https:\/\/news.google.com\/search?q=acorda%20cidade&amp;hl=pt-BR&amp;gl=BR&amp;ceid=BR%3Apt-419\"><strong><em> Google Not\u00edcias<\/em><\/strong><\/a><em> e receba os principais destaques do dia. Participe tamb\u00e9m dos nossos canais no <\/em><a href=\"https:\/\/whatsapp.com\/channel\/0029Va6Rb4v3WHTNnsh8WI3N\"><strong><em>WhatsApp<\/em><\/strong><\/a><em> e <\/em><a href=\"https:\/\/www.youtube.com\/@acordacidadenoticias\/videos\"><strong>Youtube<\/strong><\/a><em> e grupo de <\/em><a href=\"https:\/\/t.me\/+sSz0khrgARA0ZmRh\"><strong><em>Telegram<\/em><\/strong><\/a><em>.<\/em><\/p>\n<\/div>\n","protected":false},"excerpt":{"rendered":"<div>\n<div>\n<figure><img decoding=\"async\" src=\"https:\/\/www.acordacidade.com.br\/wp-content\/uploads\/2024\/05\/Encascalhamento-e-Patrolamento-no-Distrito-de-Jaiba-fotos-Divulgacao-SOMA-640.jpg\" alt=\"Encascalhamento e Patrolamento no Distrito de Jaiba\"><figcaption>Encascalhamento e Patrolamento no Distrito de Jaiba | Foto: Divulga\u00e7\u00e3o \/ Ascom<\/figcaption><\/figure>\n<\/div>\n<p>A medida foi adotada em raz\u00e3o das chuvas persistentes que v\u00eam caindo na regi\u00e3o nos \u00faltimos dias.<\/p><\/div>\n","protected":false},"author":1,"featured_media":89100,"comment_status":"closed","ping_status":"closed","sticky":false,"template":"","format":"gallery","meta":{"footnotes":""},"categories":[8,9,6,57,56,10],"tags":[],"class_list":["post-89099","post","type-post","status-publish","format-gallery","has-post-thumbnail","hentry","category-bahia","category-brasil","category-feira-de-santana","category-mundo","category-policia","category-politica","post_format-post-format-gallery"],"featured_image_urls":{"full":["https:\/\/noticiasbahia360.com.br\/wp-content\/uploads\/2025\/06\/Encascalhamento-e-Patrolamento-no-Distrito-de-Jaiba-fotos-Divulgacao-SOMA-640.jpg",640,324,false],"thumbnail":["https:\/\/noticiasbahia360.com.br\/wp-content\/uploads\/2025\/06\/Encascalhamento-e-Patrolamento-no-Distrito-de-Jaiba-fotos-Divulgacao-SOMA-640-150x150.jpg",150,150,true],"medium":["https:\/\/noticiasbahia360.com.br\/wp-content\/uploads\/2025\/06\/Encascalhamento-e-Patrolamento-no-Distrito-de-Jaiba-fotos-Divulgacao-SOMA-640-300x152.jpg",300,152,true],"medium_large":["https:\/\/noticiasbahia360.com.br\/wp-content\/uploads\/2025\/06\/Encascalhamento-e-Patrolamento-no-Distrito-de-Jaiba-fotos-Divulgacao-SOMA-640.jpg",640,324,false],"large":["https:\/\/noticiasbahia360.com.br\/wp-content\/uploads\/2025\/06\/Encascalhamento-e-Patrolamento-no-Distrito-de-Jaiba-fotos-Divulgacao-SOMA-640.jpg",640,324,false],"1536x1536":["https:\/\/noticiasbahia360.com.br\/wp-content\/uploads\/2025\/06\/Encascalhamento-e-Patrolamento-no-Distrito-de-Jaiba-fotos-Divulgacao-SOMA-640.jpg",640,324,false],"2048x2048":["https:\/\/noticiasbahia360.com.br\/wp-content\/uploads\/2025\/06\/Encascalhamento-e-Patrolamento-no-Distrito-de-Jaiba-fotos-Divulgacao-SOMA-640.jpg",640,324,false],"chromenews-featured":["https:\/\/noticiasbahia360.com.br\/wp-content\/uploads\/2025\/06\/Encascalhamento-e-Patrolamento-no-Distrito-de-Jaiba-fotos-Divulgacao-SOMA-640.jpg",640,324,false],"chromenews-large":["https:\/\/noticiasbahia360.com.br\/wp-content\/uploads\/2025\/06\/Encascalhamento-e-Patrolamento-no-Distrito-de-Jaiba-fotos-Divulgacao-SOMA-640.jpg",640,324,false],"chromenews-medium":["https:\/\/noticiasbahia360.com.br\/wp-content\/uploads\/2025\/06\/Encascalhamento-e-Patrolamento-no-Distrito-de-Jaiba-fotos-Divulgacao-SOMA-640-590x324.jpg",590,324,true]},"author_info":{"display_name":"noticiasbahia360.com.br","author_link":"https:\/\/noticiasbahia360.com.br\/?author=1"},"category_info":"<a href=\"https:\/\/noticiasbahia360.com.br\/?cat=8\" rel=\"category\">Bahia<\/a> <a href=\"https:\/\/noticiasbahia360.com.br\/?cat=9\" rel=\"category\">Brasil<\/a> <a href=\"https:\/\/noticiasbahia360.com.br\/?cat=6\" rel=\"category\">Feira de Santana<\/a> <a href=\"https:\/\/noticiasbahia360.com.br\/?cat=57\" rel=\"category\">Mundo<\/a> <a href=\"https:\/\/noticiasbahia360.com.br\/?cat=56\" rel=\"category\">Pol\u00edcia<\/a> <a href=\"https:\/\/noticiasbahia360.com.br\/?cat=10\" rel=\"category\">Pol\u00edtica<\/a>","tag_info":"Pol\u00edtica","comment_count":"0","_links":{"self":[{"href":"https:\/\/noticiasbahia360.com.br\/index.php?rest_route=\/wp\/v2\/posts\/89099","targetHints":{"allow":["GET"]}}],"collection":[{"href":"https:\/\/noticiasbahia360.com.br\/index.php?rest_route=\/wp\/v2\/posts"}],"about":[{"href":"https:\/\/noticiasbahia360.com.br\/index.php?rest_route=\/wp\/v2\/types\/post"}],"author":[{"embeddable":true,"href":"https:\/\/noticiasbahia360.com.br\/index.php?rest_route=\/wp\/v2\/users\/1"}],"replies":[{"embeddable":true,"href":"https:\/\/noticiasbahia360.com.br\/index.php?rest_route=%2Fwp%2Fv2%2Fcomments&post=89099"}],"version-history":[{"count":0,"href":"https:\/\/noticiasbahia360.com.br\/index.php?rest_route=\/wp\/v2\/posts\/89099\/revisions"}],"wp:featuredmedia":[{"embeddable":true,"href":"https:\/\/noticiasbahia360.com.br\/index.php?rest_route=\/wp\/v2\/media\/89100"}],"wp:attachment":[{"href":"https:\/\/noticiasbahia360.com.br\/index.php?rest_route=%2Fwp%2Fv2%2Fmedia&parent=89099"}],"wp:term":[{"taxonomy":"category","embeddable":true,"href":"https:\/\/noticiasbahia360.com.br\/index.php?rest_route=%2Fwp%2Fv2%2Fcategories&post=89099"},{"taxonomy":"post_tag","embeddable":true,"href":"https:\/\/noticiasbahia360.com.br\/index.php?rest_route=%2Fwp%2Fv2%2Ftags&post=89099"}],"curies":[{"name":"wp","href":"https:\/\/api.w.org\/{rel}","templated":true}]}}