{"id":89103,"date":"2025-06-07T09:00:42","date_gmt":"2025-06-07T12:00:42","guid":{"rendered":"https:\/\/noticiasbahia360.com.br\/?p=89103"},"modified":"2025-06-07T09:00:42","modified_gmt":"2025-06-07T12:00:42","slug":"homem-e-preso-em-euclides-da-cunha-acusado-de-estuprar-a-propria-filha","status":"publish","type":"post","link":"https:\/\/noticiasbahia360.com.br\/?p=89103","title":{"rendered":"Homem \u00e9 preso em Euclides da Cunha acusado de estuprar a pr\u00f3pria filha"},"content":{"rendered":"<div>\n<div>\n<figure><img decoding=\"async\" src=\"http:\/\/noticiasbahia360.com.br\/wp-content\/uploads\/2025\/06\/operacaonacionaldapoliciacivil.jpeg\" alt=\"Opera\u00e7\u00e3o Nacional da Pol\u00edcia Civil\"><figcaption>Foto: Pol\u00edcia Civil<\/figcaption><\/figure>\n<\/div>\n<p>Equipes da Delegacia Territorial de Euclides da Cunha prenderam nesta sexta-feira (6) um homem de 38 anos, acusado de estupro de vulner\u00e1vel contra a pr\u00f3pria filha, uma adolescente de 14 anos. A pris\u00e3o ocorreu no povoado Bagatela, na <a href=\"https:\/\/www.acordacidade.com.br\/tag\/zona-rural\/\">zona rural<\/a> do munic\u00edpio.<\/p>\n<p>As investiga\u00e7\u00f5es apontam que o crime teria acontecido enquanto a jovem passava f\u00e9rias com o pai. Ap\u00f3s o retorno, a adolescente apresentou uma mudan\u00e7a de comportamento, que levantou suspeitas.<\/p>\n<p>O caso veio \u00e0 tona depois que a institui\u00e7\u00e3o de ensino da garota alertou o conselho tutelar do munic\u00edpio. Com a den\u00fancia realizada no dia 4 de junho, a pris\u00e3o do suspeito foi solicitada e concedida pela comarca local. A v\u00edtima passar\u00e1 por acompanhamento psicol\u00f3gico e social. O homem est\u00e1 preso, \u00e0 disposi\u00e7\u00e3o do Poder Judici\u00e1rio.<\/p>\n<p><em>Siga o Acorda Cidade no<\/em><a href=\"https:\/\/news.google.com\/search?q=acorda%20cidade&amp;hl=pt-BR&amp;gl=BR&amp;ceid=BR%3Apt-419\"><strong><em> Google Not\u00edcias<\/em><\/strong><\/a><em> e receba os principais destaques do dia. Participe tamb\u00e9m dos nossos canais no <\/em><a href=\"https:\/\/whatsapp.com\/channel\/0029Va6Rb4v3WHTNnsh8WI3N\"><strong><em>WhatsApp<\/em><\/strong><\/a><em> e <\/em><a href=\"https:\/\/www.youtube.com\/@acordacidadenoticias\/videos\"><strong>Youtube<\/strong><\/a><em> e grupo de <\/em><a href=\"https:\/\/t.me\/+sSz0khrgARA0ZmRh\"><strong><em>Telegram<\/em><\/strong><\/a><em>.<\/em><\/p>\n<\/div>\n","protected":false},"excerpt":{"rendered":"<div>\n<div>\n<figure><img decoding=\"async\" src=\"https:\/\/uploads.acordacidade.com.br\/2024\/12\/operacaonacionaldapoliciacivil.jpeg\" alt=\"Opera\u00e7\u00e3o Nacional da Pol\u00edcia Civil\"><figcaption>Foto: Pol\u00edcia Civil<\/figcaption><\/figure>\n<\/div>\n<p>As investiga\u00e7\u00f5es apontam que o crime teria acontecido enquanto a filha passava f\u00e9rias com o pai.<\/p><\/div>\n","protected":false},"author":1,"featured_media":89104,"comment_status":"closed","ping_status":"closed","sticky":false,"template":"","format":"gallery","meta":{"footnotes":""},"categories":[8,9,6,57,56,10],"tags":[],"class_list":["post-89103","post","type-post","status-publish","format-gallery","has-post-thumbnail","hentry","category-bahia","category-brasil","category-feira-de-santana","category-mundo","category-policia","category-politica","post_format-post-format-gallery"],"featured_image_urls":{"full":["https:\/\/noticiasbahia360.com.br\/wp-content\/uploads\/2025\/06\/operacaonacionaldapoliciacivil.jpeg",640,427,false],"thumbnail":["https:\/\/noticiasbahia360.com.br\/wp-content\/uploads\/2025\/06\/operacaonacionaldapoliciacivil-150x150.jpeg",150,150,true],"medium":["https:\/\/noticiasbahia360.com.br\/wp-content\/uploads\/2025\/06\/operacaonacionaldapoliciacivil-300x200.jpeg",300,200,true],"medium_large":["https:\/\/noticiasbahia360.com.br\/wp-content\/uploads\/2025\/06\/operacaonacionaldapoliciacivil.jpeg",640,427,false],"large":["https:\/\/noticiasbahia360.com.br\/wp-content\/uploads\/2025\/06\/operacaonacionaldapoliciacivil.jpeg",640,427,false],"1536x1536":["https:\/\/noticiasbahia360.com.br\/wp-content\/uploads\/2025\/06\/operacaonacionaldapoliciacivil.jpeg",640,427,false],"2048x2048":["https:\/\/noticiasbahia360.com.br\/wp-content\/uploads\/2025\/06\/operacaonacionaldapoliciacivil.jpeg",640,427,false],"chromenews-featured":["https:\/\/noticiasbahia360.com.br\/wp-content\/uploads\/2025\/06\/operacaonacionaldapoliciacivil.jpeg",640,427,false],"chromenews-large":["https:\/\/noticiasbahia360.com.br\/wp-content\/uploads\/2025\/06\/operacaonacionaldapoliciacivil.jpeg",640,427,false],"chromenews-medium":["https:\/\/noticiasbahia360.com.br\/wp-content\/uploads\/2025\/06\/operacaonacionaldapoliciacivil-590x410.jpeg",590,410,true]},"author_info":{"display_name":"noticiasbahia360.com.br","author_link":"https:\/\/noticiasbahia360.com.br\/?author=1"},"category_info":"<a href=\"https:\/\/noticiasbahia360.com.br\/?cat=8\" rel=\"category\">Bahia<\/a> <a href=\"https:\/\/noticiasbahia360.com.br\/?cat=9\" rel=\"category\">Brasil<\/a> <a href=\"https:\/\/noticiasbahia360.com.br\/?cat=6\" rel=\"category\">Feira de Santana<\/a> <a href=\"https:\/\/noticiasbahia360.com.br\/?cat=57\" rel=\"category\">Mundo<\/a> <a href=\"https:\/\/noticiasbahia360.com.br\/?cat=56\" rel=\"category\">Pol\u00edcia<\/a> <a href=\"https:\/\/noticiasbahia360.com.br\/?cat=10\" rel=\"category\">Pol\u00edtica<\/a>","tag_info":"Pol\u00edtica","comment_count":"0","_links":{"self":[{"href":"https:\/\/noticiasbahia360.com.br\/index.php?rest_route=\/wp\/v2\/posts\/89103","targetHints":{"allow":["GET"]}}],"collection":[{"href":"https:\/\/noticiasbahia360.com.br\/index.php?rest_route=\/wp\/v2\/posts"}],"about":[{"href":"https:\/\/noticiasbahia360.com.br\/index.php?rest_route=\/wp\/v2\/types\/post"}],"author":[{"embeddable":true,"href":"https:\/\/noticiasbahia360.com.br\/index.php?rest_route=\/wp\/v2\/users\/1"}],"replies":[{"embeddable":true,"href":"https:\/\/noticiasbahia360.com.br\/index.php?rest_route=%2Fwp%2Fv2%2Fcomments&post=89103"}],"version-history":[{"count":0,"href":"https:\/\/noticiasbahia360.com.br\/index.php?rest_route=\/wp\/v2\/posts\/89103\/revisions"}],"wp:featuredmedia":[{"embeddable":true,"href":"https:\/\/noticiasbahia360.com.br\/index.php?rest_route=\/wp\/v2\/media\/89104"}],"wp:attachment":[{"href":"https:\/\/noticiasbahia360.com.br\/index.php?rest_route=%2Fwp%2Fv2%2Fmedia&parent=89103"}],"wp:term":[{"taxonomy":"category","embeddable":true,"href":"https:\/\/noticiasbahia360.com.br\/index.php?rest_route=%2Fwp%2Fv2%2Fcategories&post=89103"},{"taxonomy":"post_tag","embeddable":true,"href":"https:\/\/noticiasbahia360.com.br\/index.php?rest_route=%2Fwp%2Fv2%2Ftags&post=89103"}],"curies":[{"name":"wp","href":"https:\/\/api.w.org\/{rel}","templated":true}]}}