{"id":89105,"date":"2025-06-07T09:16:20","date_gmt":"2025-06-07T12:16:20","guid":{"rendered":"https:\/\/noticiasbahia360.com.br\/?p=89105"},"modified":"2025-06-07T09:16:20","modified_gmt":"2025-06-07T12:16:20","slug":"enem-2025-prazo-para-inscricoes-e-estendido-ate-13-de-junho","status":"publish","type":"post","link":"https:\/\/noticiasbahia360.com.br\/?p=89105","title":{"rendered":"Enem 2025: prazo para inscri\u00e7\u00f5es \u00e9 estendido at\u00e9 13 de junho"},"content":{"rendered":"<div>\n<div>\n<figure><img decoding=\"async\" src=\"http:\/\/noticiasbahia360.com.br\/wp-content\/uploads\/2025\/06\/Enem-inep-foto-gov-federal-1.jpg\" alt=\"Enem\"><figcaption>Foto: Reprodu\u00e7\u00e3o\/GOV.Federal<\/figcaption><\/figure>\n<\/div>\n<p>O prazo de inscri\u00e7\u00e3o para o Exame Nacional do Ensino M\u00e9dio (Enem) 2025 foi prorrogado at\u00e9 13 de junho, segundo o Minist\u00e9rio da Educa\u00e7\u00e3o (MEC). O prazo terminaria \u00e0s 23h59 desta sexta-feira (6).<\/p>\n<p>Segundo o MEC, a decis\u00e3o foi para dar mais tempo para os interessados garantirem a oportunidade. A pasta tamb\u00e9m disse que far\u00e1 uma grande mobiliza\u00e7\u00e3o nos estados para incentivar a inscri\u00e7\u00e3o no exame.<\/p>\n<p>At\u00e9 o momento, o n\u00famero de inscritos passa de 5 milh\u00f5es. Em 2024, foram 4.325.960.<\/p>\n<p>As provas ser\u00e3o aplicadas nos dias 9 e 16 de novembro, com exce\u00e7\u00e3o dos munic\u00edpios Bel\u00e9m, Ananindeua e Marituba, no Par\u00e1, onde as provas ser\u00e3o aplicadas em 30 de novembro e 7 de dezembro.<\/p>\n<p>Quem n\u00e3o obteve isen\u00e7\u00e3o da taxa de inscri\u00e7\u00e3o deve fazer o pagamento de R$ 85 at\u00e9 11 de junho, via boleto banc\u00e1rio, PIX ou cart\u00e3o de cr\u00e9dito.<\/p>\n<h2 class=\"wp-block-heading\" id=\"h-passo-a-passo-da-inscricao-no-enem-2025\">Passo a passo da inscri\u00e7\u00e3o no Enem 2025<\/h2>\n<ol class=\"wp-block-list\">\n<li>Acesse a\u00a0<a class=\"\" href=\"https:\/\/enem.inep.gov.br\/participante\/#!\/\" target=\"_blank\" rel=\"noreferrer noopener\">P\u00e1gina do Participante<\/a>\u00a0e clique em \u2018Inscri\u00e7\u00e3o\u2019 (ATEN\u00c7\u00c3O: a inscri\u00e7\u00e3o deve ser feita unicamente pelo site\u00a0<a class=\"\" href=\"https:\/\/enem.inep.gov.br\/participante\/#!\/\" target=\"_blank\" rel=\"noreferrer noopener\">enem.inep.gov.br\/participante<\/a>).<\/li>\n<li>Selecione a imagem indicada nas orienta\u00e7\u00f5es do desafio.<\/li>\n<li>Informe o CPF, data de nascimento e clique em \u2018Iniciar a inscri\u00e7\u00e3o\u2019.<\/li>\n<li>Confira seus dados, leia as orienta\u00e7\u00f5es e clique em \u2018Pr\u00f3ximo\u2019.<\/li>\n<li>Informe o nome do pai ou selecione \u2018N\u00e3o quero declarar\u2019.<\/li>\n<li>Preencha os dados de sexo, ra\u00e7a\/cor, estado civil e nacionalidade.<\/li>\n<li>Informe seu estado e munic\u00edpio de nascimento.<\/li>\n<li>Insira o CEP e clique em \u2018Pr\u00f3ximo\u2019.<\/li>\n<li>Confirme o endere\u00e7o e complemento.<\/li>\n<li>Informe se precisa de recurso de acessibilidade e diga qual.<\/li>\n<li>Participantes travestis, transexuais ou transg\u00eaneros que t\u00eam nome social cadastrado na Base da Receita Federal pode escolher nesta etapa o uso do nome social.<\/li>\n<li>Escolha o idioma da l\u00edngua estrangeira (Ingl\u00eas ou Espanhol).<\/li>\n<li>Informe a situa\u00e7\u00e3o de ensino m\u00e9dio.<\/li>\n<li>Responda o question\u00e1rio socioecon\u00f4mico.<\/li>\n<li>Informe telefone e e-mail para contato.<\/li>\n<li>Escolha o munic\u00edpio de aplica\u00e7\u00e3o da prova.<\/li>\n<li>Envie uma foto do participante.<\/li>\n<li>Confirme as informa\u00e7\u00f5es pessoais e as escolhas de l\u00edngua estrangeira, munic\u00edpio para realiza\u00e7\u00e3o do exame.<\/li>\n<li>Clique em \u2018Enviar Inscri\u00e7\u00e3o\u2019.<\/li>\n<li>Confira o comprovante e o n\u00famero de inscri\u00e7\u00e3o.<\/li>\n<li>Fa\u00e7a login na P\u00e1gina do Participante com CPF e senha do gov.br.<\/li>\n<li>Clique em \u2018Pagamento\/Isen\u00e7\u00e3o\u2019 e baixe o boleto de pagamento.<\/li>\n<li>Escolha a forma de pagamento e pague a taxa de inscri\u00e7\u00e3o \u2014 \u00e9 poss\u00edvel tamb\u00e9m pagar com PIX ou cart\u00e3o de cr\u00e9dito, no aplicativo do banco, em uma ag\u00eancia banc\u00e1ria ou na casa lot\u00e9rica.<\/li>\n<\/ol>\n<p><em>Fonte: g1<\/em><\/p>\n<p><em>Siga o Acorda Cidade no<\/em><a href=\"https:\/\/news.google.com\/search?q=acorda%20cidade&amp;hl=pt-BR&amp;gl=BR&amp;ceid=BR%3Apt-419\"><strong><em> Google Not\u00edcias<\/em><\/strong><\/a><em> e receba os principais destaques do dia. Participe tamb\u00e9m dos nossos canais no <\/em><a href=\"https:\/\/whatsapp.com\/channel\/0029Va6Rb4v3WHTNnsh8WI3N\"><strong><em>WhatsApp<\/em><\/strong><\/a><em> e <\/em><a href=\"https:\/\/www.youtube.com\/@acordacidadenoticias\/videos\"><strong>Youtube<\/strong><\/a><em> e grupo de <\/em><a href=\"https:\/\/t.me\/+sSz0khrgARA0ZmRh\"><strong><em>Telegram<\/em><\/strong><\/a><em>.<\/em><\/p>\n<\/div>\n","protected":false},"excerpt":{"rendered":"<div>\n<div>\n<figure><img decoding=\"async\" src=\"https:\/\/uploads.acordacidade.com.br\/2025\/04\/Enem-inep-foto-gov-federal.jpg\" alt=\"Enem\"><figcaption>Foto: Reprodu\u00e7\u00e3o\/GOV.Federal<\/figcaption><\/figure>\n<\/div>\n<p>Segundo o MEC, a decis\u00e3o foi para dar mais tempo para os interessados garantirem a participa\u00e7\u00e3o no exame. Saiba como fazer a inscri\u00e7\u00e3o.<\/p><\/div>\n","protected":false},"author":1,"featured_media":89106,"comment_status":"closed","ping_status":"closed","sticky":false,"template":"","format":"gallery","meta":{"footnotes":""},"categories":[8,9,6,57,56,10],"tags":[],"class_list":["post-89105","post","type-post","status-publish","format-gallery","has-post-thumbnail","hentry","category-bahia","category-brasil","category-feira-de-santana","category-mundo","category-policia","category-politica","post_format-post-format-gallery"],"featured_image_urls":{"full":["https:\/\/noticiasbahia360.com.br\/wp-content\/uploads\/2025\/06\/Enem-inep-foto-gov-federal-1.jpg",1200,717,false],"thumbnail":["https:\/\/noticiasbahia360.com.br\/wp-content\/uploads\/2025\/06\/Enem-inep-foto-gov-federal-1-150x150.jpg",150,150,true],"medium":["https:\/\/noticiasbahia360.com.br\/wp-content\/uploads\/2025\/06\/Enem-inep-foto-gov-federal-1-300x179.jpg",300,179,true],"medium_large":["https:\/\/noticiasbahia360.com.br\/wp-content\/uploads\/2025\/06\/Enem-inep-foto-gov-federal-1-768x459.jpg",640,383,true],"large":["https:\/\/noticiasbahia360.com.br\/wp-content\/uploads\/2025\/06\/Enem-inep-foto-gov-federal-1-1024x612.jpg",640,383,true],"1536x1536":["https:\/\/noticiasbahia360.com.br\/wp-content\/uploads\/2025\/06\/Enem-inep-foto-gov-federal-1.jpg",1200,717,false],"2048x2048":["https:\/\/noticiasbahia360.com.br\/wp-content\/uploads\/2025\/06\/Enem-inep-foto-gov-federal-1.jpg",1200,717,false],"chromenews-featured":["https:\/\/noticiasbahia360.com.br\/wp-content\/uploads\/2025\/06\/Enem-inep-foto-gov-federal-1-1024x612.jpg",1024,612,true],"chromenews-large":["https:\/\/noticiasbahia360.com.br\/wp-content\/uploads\/2025\/06\/Enem-inep-foto-gov-federal-1-825x575.jpg",825,575,true],"chromenews-medium":["https:\/\/noticiasbahia360.com.br\/wp-content\/uploads\/2025\/06\/Enem-inep-foto-gov-federal-1-590x410.jpg",590,410,true]},"author_info":{"display_name":"noticiasbahia360.com.br","author_link":"https:\/\/noticiasbahia360.com.br\/?author=1"},"category_info":"<a href=\"https:\/\/noticiasbahia360.com.br\/?cat=8\" rel=\"category\">Bahia<\/a> <a href=\"https:\/\/noticiasbahia360.com.br\/?cat=9\" rel=\"category\">Brasil<\/a> <a href=\"https:\/\/noticiasbahia360.com.br\/?cat=6\" rel=\"category\">Feira de Santana<\/a> <a href=\"https:\/\/noticiasbahia360.com.br\/?cat=57\" rel=\"category\">Mundo<\/a> <a href=\"https:\/\/noticiasbahia360.com.br\/?cat=56\" rel=\"category\">Pol\u00edcia<\/a> <a href=\"https:\/\/noticiasbahia360.com.br\/?cat=10\" rel=\"category\">Pol\u00edtica<\/a>","tag_info":"Pol\u00edtica","comment_count":"0","_links":{"self":[{"href":"https:\/\/noticiasbahia360.com.br\/index.php?rest_route=\/wp\/v2\/posts\/89105","targetHints":{"allow":["GET"]}}],"collection":[{"href":"https:\/\/noticiasbahia360.com.br\/index.php?rest_route=\/wp\/v2\/posts"}],"about":[{"href":"https:\/\/noticiasbahia360.com.br\/index.php?rest_route=\/wp\/v2\/types\/post"}],"author":[{"embeddable":true,"href":"https:\/\/noticiasbahia360.com.br\/index.php?rest_route=\/wp\/v2\/users\/1"}],"replies":[{"embeddable":true,"href":"https:\/\/noticiasbahia360.com.br\/index.php?rest_route=%2Fwp%2Fv2%2Fcomments&post=89105"}],"version-history":[{"count":0,"href":"https:\/\/noticiasbahia360.com.br\/index.php?rest_route=\/wp\/v2\/posts\/89105\/revisions"}],"wp:featuredmedia":[{"embeddable":true,"href":"https:\/\/noticiasbahia360.com.br\/index.php?rest_route=\/wp\/v2\/media\/89106"}],"wp:attachment":[{"href":"https:\/\/noticiasbahia360.com.br\/index.php?rest_route=%2Fwp%2Fv2%2Fmedia&parent=89105"}],"wp:term":[{"taxonomy":"category","embeddable":true,"href":"https:\/\/noticiasbahia360.com.br\/index.php?rest_route=%2Fwp%2Fv2%2Fcategories&post=89105"},{"taxonomy":"post_tag","embeddable":true,"href":"https:\/\/noticiasbahia360.com.br\/index.php?rest_route=%2Fwp%2Fv2%2Ftags&post=89105"}],"curies":[{"name":"wp","href":"https:\/\/api.w.org\/{rel}","templated":true}]}}