{"id":89112,"date":"2025-06-07T09:50:35","date_gmt":"2025-06-07T12:50:35","guid":{"rendered":"https:\/\/noticiasbahia360.com.br\/?p=89112"},"modified":"2025-06-07T09:50:35","modified_gmt":"2025-06-07T12:50:35","slug":"obra-na-avenida-comendador-gomes-traz-transtornos-aos-moradores-do-conjunto-feira-vii","status":"publish","type":"post","link":"https:\/\/noticiasbahia360.com.br\/?p=89112","title":{"rendered":"Obra na Avenida Comendador Gomes traz transtornos aos moradores do conjunto Feira VII"},"content":{"rendered":"<div>\n<div>\n<figure><img decoding=\"async\" src=\"http:\/\/noticiasbahia360.com.br\/wp-content\/uploads\/2025\/06\/Av-Comendador-Gomes-Foto-Beatriz-Rosado.jpg\" alt=\"Av. Comendador Gomes Foto Beatriz Rosado\"><figcaption>Av. Comendador Gomes | Foto: Beatriz Rosado<\/figcaption><\/figure>\n<\/div>\n<p>Moradores do bairro conjunto Feira VII e circunvizinhos, em Feira de Santana, est\u00e3o passando por sufocos ap\u00f3s a abertura de duas crateras na Avenida Comendador Gomes h\u00e1 cerca de um m\u00eas, devido a um entupimento na tubula\u00e7\u00e3o da rede de esgotamento da via, que causou transbordamento.<\/p>\n<figure class=\"wp-block-image size-large\"><img fetchpriority=\"high\" data-dominant-color=\"a18072\" data-has-transparency=\"false\" style=\"--dominant-color: #a18072;\" fetchpriority=\"high\" decoding=\"async\" width=\"1143\" height=\"768\" sizes=\"(max-width: 1143px) 100vw, 1143px\" src=\"http:\/\/noticiasbahia360.com.br\/wp-content\/uploads\/2025\/06\/VOPHc6IV-Av-Comendador-Gomes-Foto-Beatriz-Rosado-1143x768-1.webp\" alt=\"Av. Comendador Gomes Foto Beatriz Rosado\" class=\"wp-image-562999 not-transparent\" srcset=\"https:\/\/uploads.acordacidade.com.br\/2025\/06\/VOPHc6IV-Av.-Comendador-Gomes-Foto-Beatriz-Rosado-543x365.webp 543w, http:\/\/noticiasbahia360.com.br\/wp-content\/uploads\/2025\/06\/VOPHc6IV-Av-Comendador-Gomes-Foto-Beatriz-Rosado-1143x768-1.webp 1143w, https:\/\/uploads.acordacidade.com.br\/2025\/06\/VOPHc6IV-Av.-Comendador-Gomes-Foto-Beatriz-Rosado-823x553.webp 823w, https:\/\/uploads.acordacidade.com.br\/2025\/06\/VOPHc6IV-Av.-Comendador-Gomes-Foto-Beatriz-Rosado-150x101.webp 150w, https:\/\/uploads.acordacidade.com.br\/2025\/06\/VOPHc6IV-Av.-Comendador-Gomes-Foto-Beatriz-Rosado.webp 1200w\"><figcaption class=\"wp-element-caption\">Av. Comendador Gomes | Foto: Beatriz Rosado<\/figcaption><\/figure>\n<p>A avenida \u00e9 uma das principais vias de acesso aos bairros adjacentes do Tomba, como o Parque Panorama, o S\u00edtio Matias e o Conjunto Feira VII. Devido \u00e0 profundidade dos buracos e aos riscos iminentes, o local precisou ser isolado.<\/p>\n<p>Marisa, moradora do Feira VII ,contou ao Acorda Cidade que, por conta do isolamento da \u00e1rea, a din\u00e2mica dos motoristas precisou ser alterada, incluindo a do transporte p\u00fablico, e exp\u00f5e a preocupa\u00e7\u00e3o com o filho devido \u00e0 falta de seguran\u00e7a e da ilumina\u00e7\u00e3o do tempor\u00e1rio ponto de \u00f4nibus:<\/p>\n<p><em>\u201cMeu filho, que precisa ir para a faculdade, est\u00e1 tendo um pouco de dificuldade para pegar o transporte, porque antes ele pegava aqui na porta, e agora est\u00e1 tendo que se deslocar at\u00e9 outra avenida. \u00c0s vezes fica meio complicado. Na ida, at\u00e9 que n\u00e3o \u00e9 t\u00e3o ruim, mas na volta, ele chega \u00e0s 23h da noite e o \u00f4nibus o deixa na esquina. A\u00ed ele vem a p\u00e9, \u00e0 noite, e eu fico preocupada\u201d<\/em>.<\/p>\n<h2 class=\"wp-block-heading\" id=\"h-causa-da-abertura-dos-buracos\">Causa da abertura dos buracos:<\/h2>\n<p>O entupimento foi causado por conta do alto descarte irregular de lixo somado ao volume da \u00e1gua da chuva. Por conta da obstru\u00e7\u00e3o da rede, o esgoto come\u00e7ou a transbordar e a Embasa enviou equipes ao local para realizar os reparos necess\u00e1rios.<\/p>\n<figure class=\"wp-block-image size-large\"><img data-dominant-color=\"807672\" data-has-transparency=\"false\" style=\"--dominant-color: #807672;\" decoding=\"async\" width=\"1185\" height=\"768\" sizes=\"(max-width: 1185px) 100vw, 1185px\" src=\"http:\/\/noticiasbahia360.com.br\/wp-content\/uploads\/2025\/06\/7vqSKsp4-Av-Comendador-Gomes-Foto-Beatriz-Rosado-1-1185x768-1.webp\" alt=\"Av. Comendador Gomes Foto Beatriz Rosado\" class=\"wp-image-563000 not-transparent\" srcset=\"https:\/\/uploads.acordacidade.com.br\/2025\/06\/7vqSKsp4-Av.-Comendador-Gomes-Foto-Beatriz-Rosado-1-563x365.webp 563w, http:\/\/noticiasbahia360.com.br\/wp-content\/uploads\/2025\/06\/7vqSKsp4-Av-Comendador-Gomes-Foto-Beatriz-Rosado-1-1185x768-1.webp 1185w, https:\/\/uploads.acordacidade.com.br\/2025\/06\/7vqSKsp4-Av.-Comendador-Gomes-Foto-Beatriz-Rosado-1-853x553.webp 853w, https:\/\/uploads.acordacidade.com.br\/2025\/06\/7vqSKsp4-Av.-Comendador-Gomes-Foto-Beatriz-Rosado-1-150x97.webp 150w, https:\/\/uploads.acordacidade.com.br\/2025\/06\/7vqSKsp4-Av.-Comendador-Gomes-Foto-Beatriz-Rosado-1.webp 1200w\"><figcaption class=\"wp-element-caption\">Av. Comendador Gomes | Foto: Beatriz Rosado<\/figcaption><\/figure>\n<p>Em entrevista ao Acorda Cidade, Dona Mara, funcion\u00e1ria de uma loja de roupas na avenida \u2014 em frente ao local da obra \u2014, exp\u00f4s que a falta de um estacionamento, a sujeira e o barulho excessivo s\u00e3o alguns transtornos advindos do servi\u00e7o:<\/p>\n<p><em>\u201cA gente n\u00e3o est\u00e1 conseguindo atender os clientes de uma forma positiva, eficaz, por conta dos transtornos da obra. Os carros n\u00e3o podem parar aqui, n\u00e9? E assim\u2026 a sujeira, a demora da obra\u2026 Est\u00e1 ficando muito dif\u00edcil, est\u00e1 prejudicando muito o com\u00e9rcio, os comerciantes aqui da Avenida Comendador Gomes<\/em>.<\/p>\n<p><em>A visibilidade da loja tamb\u00e9m diminui. J\u00e1 come\u00e7ou no Dia das M\u00e3es: n\u00e3o teve o movimento que a gente estava esperando. N\u00f3s estamos muito prejudicados e queremos uma solu\u00e7\u00e3o para esse problema.<\/em><\/p>\n<p><em>O barulho tamb\u00e9m incomoda muito. Come\u00e7a desde cedo \u2014 por volta das oito ou at\u00e9 antes \u2014, quando eles come\u00e7am a trabalhar\u201d.<\/em><\/p>\n<p>O Acorda Cidade entrou em contato com a Embasa e o retorno foi de que, diante da profundidade da rede, da complexidade dos servi\u00e7os necess\u00e1rios e das chuvas que interferem o andamento dos servi\u00e7os, ainda n\u00e3o foi poss\u00edvel estipular prazo para conclus\u00e3o da interven\u00e7\u00e3o. Para realiza\u00e7\u00e3o dos servi\u00e7os, a Embasa est\u00e1 sendo utilizado um maquin\u00e1rio espec\u00edfico de grande porte, observando aten\u00e7\u00e3o \u00e0 seguran\u00e7a dos trabalhadores e dos moradores da \u00e1rea, que est\u00e1 devidamente isolada e sinalizada. A empresa tamb\u00e9m informou que a recomposi\u00e7\u00e3o do pavimento na \u00e1rea ser\u00e1 feita ap\u00f3s a conclus\u00e3o da interven\u00e7\u00e3o.<\/p>\n<h2 class=\"wp-block-heading\" id=\"h-crateras-na-avenida-um-cj-feira-vii\">Crateras na Avenida Um, Cj. Feira VII:<\/h2>\n<p>Pr\u00f3ximo da Av. Comendador Gomes, mas agora na Avenida 1, no Conjunto Feira VII, outro buraco tamb\u00e9m surgiu. Devido ao descarte impr\u00f3prio de lixo e do volume da \u00e1gua da chuva, a rede de esgoto transbordou, e foi isolada. A Embasa informou que suas equipes est\u00e3o trabalhando no local e que os servi\u00e7os devem ser conclu\u00eddos ainda esta semana. Posteriormente, o pavimento danificado ser\u00e1 recuperado.<\/p>\n<figure class=\"wp-block-image size-large\"><img data-dominant-color=\"98796c\" data-has-transparency=\"false\" style=\"--dominant-color: #98796c;\" decoding=\"async\" width=\"1120\" height=\"768\" sizes=\"(max-width: 1120px) 100vw, 1120px\" src=\"http:\/\/noticiasbahia360.com.br\/wp-content\/uploads\/2025\/06\/QzFn9RRB-Avenida-Um-Feira-VII-Tomba-Foto-Beatriz-Rosado-1120x768-1.webp\" alt=\"Avenida Um (Feira VII) Tomba Foto Beatriz Rosado\" class=\"wp-image-563012 not-transparent\" srcset=\"https:\/\/uploads.acordacidade.com.br\/2025\/06\/QzFn9RRB-Avenida-Um-Feira-VII-Tomba-Foto-Beatriz-Rosado-532x365.webp 532w, http:\/\/noticiasbahia360.com.br\/wp-content\/uploads\/2025\/06\/QzFn9RRB-Avenida-Um-Feira-VII-Tomba-Foto-Beatriz-Rosado-1120x768-1.webp 1120w, https:\/\/uploads.acordacidade.com.br\/2025\/06\/QzFn9RRB-Avenida-Um-Feira-VII-Tomba-Foto-Beatriz-Rosado-806x553.webp 806w, https:\/\/uploads.acordacidade.com.br\/2025\/06\/QzFn9RRB-Avenida-Um-Feira-VII-Tomba-Foto-Beatriz-Rosado-150x103.webp 150w, https:\/\/uploads.acordacidade.com.br\/2025\/06\/QzFn9RRB-Avenida-Um-Feira-VII-Tomba-Foto-Beatriz-Rosado.webp 1200w\"><figcaption class=\"wp-element-caption\">Avenida Um (Feira VII), C.16  n\u00ba01- Tomba | Foto:  Beatriz Rosado<\/figcaption><\/figure>\n<p><em>Reportagem escrita pela estagi\u00e1ria de jornalismo Beatriz Rosado sob supervis\u00e3o<\/em> do jornalista<\/p>\n<p>Leia tamb\u00e9m:<a href=\"https:\/\/www.acordacidade.com.br\/feira-de-santana\/problemas-que-se-repetem-buracos-alagamentos-e-falta-de-limpeza-publica-confira-os-flagrantes-da-comunidade\/\"> Problemas que se repetem: buracos, alagamentos e falta de limpeza p\u00fablica; confira as reclama\u00e7\u00f5es da comunidade<\/a><\/p>\n<p><em>Siga o Acorda Cidade no<\/em><a href=\"https:\/\/news.google.com\/search?q=acorda%20cidade&amp;hl=pt-BR&amp;gl=BR&amp;ceid=BR%3Apt-419\"><strong><em>\u00a0Google Not\u00edcias<\/em><\/strong><\/a><em>\u00a0e receba os principais destaques do dia. Participe tamb\u00e9m dos nossos canais no\u00a0<\/em><a href=\"https:\/\/www.whatsapp.com\/channel\/0029Va6Rb4v3WHTNnsh8WI3N\"><strong><em>WhatsApp<\/em><\/strong><\/a><em>\u00a0e\u00a0<\/em><a href=\"https:\/\/www.youtube.com\/@acordacidadenoticias\/videos\"><strong>Youtube<\/strong><\/a><em>\u00a0e grupo de\u00a0<\/em><a href=\"https:\/\/t.me\/+sSz0khrgARA0ZmRh\"><strong><em>Telegram<\/em><\/strong><\/a><em>.<\/em><\/p>\n<\/div>\n","protected":false},"excerpt":{"rendered":"<div>\n<div>\n<figure><img decoding=\"async\" src=\"https:\/\/uploads.acordacidade.com.br\/2025\/06\/Av.-Comendador-Gomes-Foto-Beatriz-Rosado.jpg\" alt=\"Av. Comendador Gomes Foto Beatriz Rosado\"><figcaption>Av. Comendador Gomes | Foto: Beatriz Rosado<\/figcaption><\/figure>\n<\/div>\n<p>O entupimento na rede de esgotamento foi causado por conta do alto descarte irregular de lixo somado ao volume da \u00e1gua da chuva.<\/p><\/div>\n","protected":false},"author":1,"featured_media":89113,"comment_status":"closed","ping_status":"closed","sticky":false,"template":"","format":"gallery","meta":{"footnotes":""},"categories":[8,9,6,57,56,10],"tags":[],"class_list":["post-89112","post","type-post","status-publish","format-gallery","has-post-thumbnail","hentry","category-bahia","category-brasil","category-feira-de-santana","category-mundo","category-policia","category-politica","post_format-post-format-gallery"],"featured_image_urls":{"full":["https:\/\/noticiasbahia360.com.br\/wp-content\/uploads\/2025\/06\/Av-Comendador-Gomes-Foto-Beatriz-Rosado.jpg",1200,810,false],"thumbnail":["https:\/\/noticiasbahia360.com.br\/wp-content\/uploads\/2025\/06\/Av-Comendador-Gomes-Foto-Beatriz-Rosado-150x150.jpg",150,150,true],"medium":["https:\/\/noticiasbahia360.com.br\/wp-content\/uploads\/2025\/06\/Av-Comendador-Gomes-Foto-Beatriz-Rosado-300x203.jpg",300,203,true],"medium_large":["https:\/\/noticiasbahia360.com.br\/wp-content\/uploads\/2025\/06\/Av-Comendador-Gomes-Foto-Beatriz-Rosado-768x518.jpg",640,432,true],"large":["https:\/\/noticiasbahia360.com.br\/wp-content\/uploads\/2025\/06\/Av-Comendador-Gomes-Foto-Beatriz-Rosado-1024x691.jpg",640,432,true],"1536x1536":["https:\/\/noticiasbahia360.com.br\/wp-content\/uploads\/2025\/06\/Av-Comendador-Gomes-Foto-Beatriz-Rosado.jpg",1200,810,false],"2048x2048":["https:\/\/noticiasbahia360.com.br\/wp-content\/uploads\/2025\/06\/Av-Comendador-Gomes-Foto-Beatriz-Rosado.jpg",1200,810,false],"chromenews-featured":["https:\/\/noticiasbahia360.com.br\/wp-content\/uploads\/2025\/06\/Av-Comendador-Gomes-Foto-Beatriz-Rosado-1024x691.jpg",1024,691,true],"chromenews-large":["https:\/\/noticiasbahia360.com.br\/wp-content\/uploads\/2025\/06\/Av-Comendador-Gomes-Foto-Beatriz-Rosado-825x575.jpg",825,575,true],"chromenews-medium":["https:\/\/noticiasbahia360.com.br\/wp-content\/uploads\/2025\/06\/Av-Comendador-Gomes-Foto-Beatriz-Rosado-590x410.jpg",590,410,true]},"author_info":{"display_name":"noticiasbahia360.com.br","author_link":"https:\/\/noticiasbahia360.com.br\/?author=1"},"category_info":"<a href=\"https:\/\/noticiasbahia360.com.br\/?cat=8\" rel=\"category\">Bahia<\/a> <a href=\"https:\/\/noticiasbahia360.com.br\/?cat=9\" rel=\"category\">Brasil<\/a> <a href=\"https:\/\/noticiasbahia360.com.br\/?cat=6\" rel=\"category\">Feira de Santana<\/a> <a href=\"https:\/\/noticiasbahia360.com.br\/?cat=57\" rel=\"category\">Mundo<\/a> <a href=\"https:\/\/noticiasbahia360.com.br\/?cat=56\" rel=\"category\">Pol\u00edcia<\/a> <a href=\"https:\/\/noticiasbahia360.com.br\/?cat=10\" rel=\"category\">Pol\u00edtica<\/a>","tag_info":"Pol\u00edtica","comment_count":"0","_links":{"self":[{"href":"https:\/\/noticiasbahia360.com.br\/index.php?rest_route=\/wp\/v2\/posts\/89112","targetHints":{"allow":["GET"]}}],"collection":[{"href":"https:\/\/noticiasbahia360.com.br\/index.php?rest_route=\/wp\/v2\/posts"}],"about":[{"href":"https:\/\/noticiasbahia360.com.br\/index.php?rest_route=\/wp\/v2\/types\/post"}],"author":[{"embeddable":true,"href":"https:\/\/noticiasbahia360.com.br\/index.php?rest_route=\/wp\/v2\/users\/1"}],"replies":[{"embeddable":true,"href":"https:\/\/noticiasbahia360.com.br\/index.php?rest_route=%2Fwp%2Fv2%2Fcomments&post=89112"}],"version-history":[{"count":0,"href":"https:\/\/noticiasbahia360.com.br\/index.php?rest_route=\/wp\/v2\/posts\/89112\/revisions"}],"wp:featuredmedia":[{"embeddable":true,"href":"https:\/\/noticiasbahia360.com.br\/index.php?rest_route=\/wp\/v2\/media\/89113"}],"wp:attachment":[{"href":"https:\/\/noticiasbahia360.com.br\/index.php?rest_route=%2Fwp%2Fv2%2Fmedia&parent=89112"}],"wp:term":[{"taxonomy":"category","embeddable":true,"href":"https:\/\/noticiasbahia360.com.br\/index.php?rest_route=%2Fwp%2Fv2%2Fcategories&post=89112"},{"taxonomy":"post_tag","embeddable":true,"href":"https:\/\/noticiasbahia360.com.br\/index.php?rest_route=%2Fwp%2Fv2%2Ftags&post=89112"}],"curies":[{"name":"wp","href":"https:\/\/api.w.org\/{rel}","templated":true}]}}