{"id":89122,"date":"2025-06-07T12:47:34","date_gmt":"2025-06-07T15:47:34","guid":{"rendered":"https:\/\/noticiasbahia360.com.br\/?p=89122"},"modified":"2025-06-07T12:47:34","modified_gmt":"2025-06-07T15:47:34","slug":"jovem-de-18-anos-morre-em-acidente-de-transito-na-avenida-fraga-maia","status":"publish","type":"post","link":"https:\/\/noticiasbahia360.com.br\/?p=89122","title":{"rendered":"Jovem de 18 anos morre em acidente de tr\u00e2nsito na Avenida Fraga Maia"},"content":{"rendered":"<div>\n<div>\n<figure><img decoding=\"async\" src=\"http:\/\/noticiasbahia360.com.br\/wp-content\/uploads\/2025\/06\/acidente_fragamaia_redessociais.jpg\" alt=\"Acidente na Fraga Maia\"><figcaption>Foto: Redes Sociais<\/figcaption><\/figure>\n<\/div>\n<p>Morreu na madrugada deste s\u00e1bado (7), na Avenida Fraga Maia, em <a href=\"https:\/\/www.acordacidade.com.br\/tag\/feira-de-santana\/\">Feira de Santana<\/a>, o jovem de apenas 18 anos de idade, Wedson Vitor Oliveira da Silva.<\/p>\n<figure class=\"wp-block-image size-large\"><img fetchpriority=\"high\" data-dominant-color=\"7c795c\" data-has-transparency=\"false\" style=\"--dominant-color: #7c795c;\" fetchpriority=\"high\" decoding=\"async\" width=\"923\" height=\"768\" sizes=\"(max-width: 923px) 100vw, 923px\" src=\"http:\/\/noticiasbahia360.com.br\/wp-content\/uploads\/2025\/06\/d93KP2Cc-wedsonvitoroliveiradasilva_rg-923x768-1.webp\" alt=\"Wedson Vitor Oliveira da Silva\" class=\"wp-image-563296 not-transparent\" srcset=\"https:\/\/uploads.acordacidade.com.br\/2025\/06\/d93KP2Cc-wedsonvitoroliveiradasilva_rg-438x365.webp 438w, http:\/\/noticiasbahia360.com.br\/wp-content\/uploads\/2025\/06\/d93KP2Cc-wedsonvitoroliveiradasilva_rg-923x768-1.webp 923w, https:\/\/uploads.acordacidade.com.br\/2025\/06\/d93KP2Cc-wedsonvitoroliveiradasilva_rg-664x553.webp 664w, https:\/\/uploads.acordacidade.com.br\/2025\/06\/d93KP2Cc-wedsonvitoroliveiradasilva_rg-150x125.webp 150w, https:\/\/uploads.acordacidade.com.br\/2025\/06\/d93KP2Cc-wedsonvitoroliveiradasilva_rg.webp 1200w\"><figcaption class=\"wp-element-caption\">Foto: Reprodu\u00e7\u00e3o<\/figcaption><\/figure>\n<p>Segundo informa\u00e7\u00f5es apuradas pela reportagem do Acorda Cidade, Wedson sofreu um acidente de moto e n\u00e3o resistiu aos ferimentos.<\/p>\n<p>A v\u00edtima conduzia uma motocicleta modelo Honda Pop. N\u00e3o h\u00e1 detalheas sobre o acidente.<\/p>\n<p>A delegada Cl\u00e1udia Pugliese presidiu o levantamento cadav\u00e9rico.<\/p>\n<p>O corpo do jovem foi encaminhado para o Departamento de Pol\u00edcia T\u00e9cnica (DPT) para ser necropsiado.<\/p>\n<p><em>Com informa\u00e7\u00f5es do rep\u00f3rter Ed Santos do Acorda Cidade<\/em><\/p>\n<p><em>Siga o Acorda Cidade no<\/em><a href=\"https:\/\/news.google.com\/search?q=acorda%20cidade&amp;hl=pt-BR&amp;gl=BR&amp;ceid=BR%3Apt-419\"><strong><em> Google Not\u00edcias<\/em><\/strong><\/a><em> e receba os principais destaques do dia. Participe tamb\u00e9m dos nossos canais no <\/em><a href=\"https:\/\/whatsapp.com\/channel\/0029Va6Rb4v3WHTNnsh8WI3N\"><strong><em>WhatsApp<\/em><\/strong><\/a><em> e <\/em><a href=\"https:\/\/www.youtube.com\/@acordacidadenoticias\/videos\"><strong>Youtube<\/strong><\/a><em> e grupo de <\/em><a href=\"https:\/\/t.me\/+sSz0khrgARA0ZmRh\"><strong><em>Telegram<\/em><\/strong><\/a><em>.<\/em><\/p>\n<\/div>\n","protected":false},"excerpt":{"rendered":"<div>\n<div>\n<figure><img decoding=\"async\" src=\"https:\/\/uploads.acordacidade.com.br\/2025\/06\/acidente_fragamaia_redessociais.jpg\" alt=\"Acidente na Fraga Maia\"><figcaption>Foto: Redes Sociais<\/figcaption><\/figure>\n<\/div>\n<p>A v\u00edtima conduzia uma motocicleta modelo Honda Pop. N\u00e3o h\u00e1 detalhes sobre o acidente.<\/p><\/div>\n","protected":false},"author":1,"featured_media":89123,"comment_status":"closed","ping_status":"closed","sticky":false,"template":"","format":"gallery","meta":{"footnotes":""},"categories":[8,9,6,57,56,10],"tags":[],"class_list":["post-89122","post","type-post","status-publish","format-gallery","has-post-thumbnail","hentry","category-bahia","category-brasil","category-feira-de-santana","category-mundo","category-policia","category-politica","post_format-post-format-gallery"],"featured_image_urls":{"full":["https:\/\/noticiasbahia360.com.br\/wp-content\/uploads\/2025\/06\/acidente_fragamaia_redessociais.jpg",1200,675,false],"thumbnail":["https:\/\/noticiasbahia360.com.br\/wp-content\/uploads\/2025\/06\/acidente_fragamaia_redessociais-150x150.jpg",150,150,true],"medium":["https:\/\/noticiasbahia360.com.br\/wp-content\/uploads\/2025\/06\/acidente_fragamaia_redessociais-300x169.jpg",300,169,true],"medium_large":["https:\/\/noticiasbahia360.com.br\/wp-content\/uploads\/2025\/06\/acidente_fragamaia_redessociais-768x432.jpg",640,360,true],"large":["https:\/\/noticiasbahia360.com.br\/wp-content\/uploads\/2025\/06\/acidente_fragamaia_redessociais-1024x576.jpg",640,360,true],"1536x1536":["https:\/\/noticiasbahia360.com.br\/wp-content\/uploads\/2025\/06\/acidente_fragamaia_redessociais.jpg",1200,675,false],"2048x2048":["https:\/\/noticiasbahia360.com.br\/wp-content\/uploads\/2025\/06\/acidente_fragamaia_redessociais.jpg",1200,675,false],"chromenews-featured":["https:\/\/noticiasbahia360.com.br\/wp-content\/uploads\/2025\/06\/acidente_fragamaia_redessociais-1024x576.jpg",1024,576,true],"chromenews-large":["https:\/\/noticiasbahia360.com.br\/wp-content\/uploads\/2025\/06\/acidente_fragamaia_redessociais-825x575.jpg",825,575,true],"chromenews-medium":["https:\/\/noticiasbahia360.com.br\/wp-content\/uploads\/2025\/06\/acidente_fragamaia_redessociais-590x410.jpg",590,410,true]},"author_info":{"display_name":"noticiasbahia360.com.br","author_link":"https:\/\/noticiasbahia360.com.br\/?author=1"},"category_info":"<a href=\"https:\/\/noticiasbahia360.com.br\/?cat=8\" rel=\"category\">Bahia<\/a> <a href=\"https:\/\/noticiasbahia360.com.br\/?cat=9\" rel=\"category\">Brasil<\/a> <a href=\"https:\/\/noticiasbahia360.com.br\/?cat=6\" rel=\"category\">Feira de Santana<\/a> <a href=\"https:\/\/noticiasbahia360.com.br\/?cat=57\" rel=\"category\">Mundo<\/a> <a href=\"https:\/\/noticiasbahia360.com.br\/?cat=56\" rel=\"category\">Pol\u00edcia<\/a> <a href=\"https:\/\/noticiasbahia360.com.br\/?cat=10\" rel=\"category\">Pol\u00edtica<\/a>","tag_info":"Pol\u00edtica","comment_count":"0","_links":{"self":[{"href":"https:\/\/noticiasbahia360.com.br\/index.php?rest_route=\/wp\/v2\/posts\/89122","targetHints":{"allow":["GET"]}}],"collection":[{"href":"https:\/\/noticiasbahia360.com.br\/index.php?rest_route=\/wp\/v2\/posts"}],"about":[{"href":"https:\/\/noticiasbahia360.com.br\/index.php?rest_route=\/wp\/v2\/types\/post"}],"author":[{"embeddable":true,"href":"https:\/\/noticiasbahia360.com.br\/index.php?rest_route=\/wp\/v2\/users\/1"}],"replies":[{"embeddable":true,"href":"https:\/\/noticiasbahia360.com.br\/index.php?rest_route=%2Fwp%2Fv2%2Fcomments&post=89122"}],"version-history":[{"count":0,"href":"https:\/\/noticiasbahia360.com.br\/index.php?rest_route=\/wp\/v2\/posts\/89122\/revisions"}],"wp:featuredmedia":[{"embeddable":true,"href":"https:\/\/noticiasbahia360.com.br\/index.php?rest_route=\/wp\/v2\/media\/89123"}],"wp:attachment":[{"href":"https:\/\/noticiasbahia360.com.br\/index.php?rest_route=%2Fwp%2Fv2%2Fmedia&parent=89122"}],"wp:term":[{"taxonomy":"category","embeddable":true,"href":"https:\/\/noticiasbahia360.com.br\/index.php?rest_route=%2Fwp%2Fv2%2Fcategories&post=89122"},{"taxonomy":"post_tag","embeddable":true,"href":"https:\/\/noticiasbahia360.com.br\/index.php?rest_route=%2Fwp%2Fv2%2Ftags&post=89122"}],"curies":[{"name":"wp","href":"https:\/\/api.w.org\/{rel}","templated":true}]}}