{"id":89137,"date":"2025-06-07T17:54:55","date_gmt":"2025-06-07T20:54:55","guid":{"rendered":"https:\/\/noticiasbahia360.com.br\/?p=89137"},"modified":"2025-06-07T17:54:55","modified_gmt":"2025-06-07T20:54:55","slug":"expoportal-movimenta-agronegocio-e-atrai-visitantes-de-varios-estados-em-feira-de-santana","status":"publish","type":"post","link":"https:\/\/noticiasbahia360.com.br\/?p=89137","title":{"rendered":"ExpoPortal movimenta agroneg\u00f3cio e atrai visitantes de v\u00e1rios estados em Feira de Santana"},"content":{"rendered":"<div>\n<div>\n<figure><img decoding=\"async\" src=\"http:\/\/noticiasbahia360.com.br\/wp-content\/uploads\/2025\/06\/expoportal_edsantos_acordacidade-5.jpg\" alt=\"ExpoPortal\"><figcaption>Foto: Ed Santos\/Acorda Cidade<\/figcaption><\/figure>\n<\/div>\n<p>O Parque de Exposi\u00e7\u00e3o Jo\u00e3o Martins da Silva, em Feira de Santana, \u00e9 palco at\u00e9 este domingo (8) do ExpoPortal, evento que re\u00fane agroneg\u00f3cio, artesanato, cultura e gastronomia, com entrada gratuita. A programa\u00e7\u00e3o come\u00e7ou oficialmente na quinta-feira (5), mas desde quarta, o espa\u00e7o j\u00e1 recebia animais e expositores vindos de diversas regi\u00f5es do Brasil.<\/p>\n<figure class=\"wp-block-image size-full\"><img fetchpriority=\"high\" data-dominant-color=\"867f78\" data-has-transparency=\"false\" style=\"--dominant-color: #867f78;\" fetchpriority=\"high\" decoding=\"async\" width=\"1200\" height=\"675\" sizes=\"(max-width: 1200px) 100vw, 1200px\" src=\"http:\/\/noticiasbahia360.com.br\/wp-content\/uploads\/2025\/06\/RZzz3hSV-expoportal_edsantos_acordacidade-3.webp\" alt=\"ExpoPortal\" class=\"wp-image-563352 not-transparent\" srcset=\"https:\/\/uploads.acordacidade.com.br\/2025\/06\/RZzz3hSV-expoportal_edsantos_acordacidade-3-648x365.webp 648w, https:\/\/uploads.acordacidade.com.br\/2025\/06\/RZzz3hSV-expoportal_edsantos_acordacidade-3-150x84.webp 150w, http:\/\/noticiasbahia360.com.br\/wp-content\/uploads\/2025\/06\/RZzz3hSV-expoportal_edsantos_acordacidade-3.webp 1200w\"><figcaption class=\"wp-element-caption\">Foto: Ed Santos\/Acorda Cidade<\/figcaption><\/figure>\n<p>Um dos grandes destaques desta edi\u00e7\u00e3o \u00e9 a Exposi\u00e7\u00e3o Brasileira da Ra\u00e7a Campolina, que pela primeira vez realiza sua etapa nacional em Feira de Santana, trazendo aproximadamente 200 cavalos de alto padr\u00e3o de estados como Minas Gerais, S\u00e3o Paulo, Esp\u00edrito Santo, Rio de Janeiro, Pernambuco e Cear\u00e1.<\/p>\n<figure class=\"wp-block-image size-full\"><img data-dominant-color=\"947d74\" data-has-transparency=\"false\" style=\"--dominant-color: #947d74;\" decoding=\"async\" width=\"1200\" height=\"675\" sizes=\"(max-width: 1200px) 100vw, 1200px\" src=\"http:\/\/noticiasbahia360.com.br\/wp-content\/uploads\/2025\/06\/TBDXn2uM-expoportal_edsantos_acordacidade-4.webp\" alt=\"ExpoPortal\" class=\"wp-image-563351 not-transparent\" srcset=\"https:\/\/uploads.acordacidade.com.br\/2025\/06\/TBDXn2uM-expoportal_edsantos_acordacidade-4-648x365.webp 648w, https:\/\/uploads.acordacidade.com.br\/2025\/06\/TBDXn2uM-expoportal_edsantos_acordacidade-4-150x84.webp 150w, http:\/\/noticiasbahia360.com.br\/wp-content\/uploads\/2025\/06\/TBDXn2uM-expoportal_edsantos_acordacidade-4.webp 1200w\"><figcaption class=\"wp-element-caption\">Foto: Ed Santos\/Acorda Cidade<\/figcaption><\/figure>\n<p>De acordo com Leidiane Queiroz, uma das organizadoras do ExpoPortal, o evento tem import\u00e2ncia fundamental para a economia da cidade e da regi\u00e3o.<\/p>\n<figure class=\"wp-block-image size-full\"><img data-dominant-color=\"827c71\" data-has-transparency=\"false\" style=\"--dominant-color: #827c71;\" decoding=\"async\" width=\"1200\" height=\"675\" sizes=\"(max-width: 1200px) 100vw, 1200px\" src=\"http:\/\/noticiasbahia360.com.br\/wp-content\/uploads\/2025\/06\/WhhbAjt6-expoportal_edsantos_acordacidade-7.webp\" alt=\"ExpoPortal\" class=\"wp-image-563348 not-transparent\" srcset=\"https:\/\/uploads.acordacidade.com.br\/2025\/06\/WhhbAjt6-expoportal_edsantos_acordacidade-7-648x365.webp 648w, https:\/\/uploads.acordacidade.com.br\/2025\/06\/WhhbAjt6-expoportal_edsantos_acordacidade-7-150x84.webp 150w, http:\/\/noticiasbahia360.com.br\/wp-content\/uploads\/2025\/06\/WhhbAjt6-expoportal_edsantos_acordacidade-7.webp 1200w\"><figcaption class=\"wp-element-caption\">Foto: Ed Santos\/Acorda Cidade<\/figcaption><\/figure>\n<p>\u201cA gente prioriza a agricultura familiar, trazendo artesanato e produtos locais para serem vendidos aqui, movimentando a economia de Feira e da regi\u00e3o\u201d, destacou.<\/p>\n<p>Al\u00e9m da feira de artesanato e dos estandes de produtos t\u00edpicos, o evento tamb\u00e9m conta com uma programa\u00e7\u00e3o voltada para toda a fam\u00edlia, com estrutura para crian\u00e7as e shows musicais.<\/p>\n<figure class=\"wp-block-image size-full\"><img data-dominant-color=\"a99081\" data-has-transparency=\"false\" style=\"--dominant-color: #a99081;\" decoding=\"async\" width=\"1200\" height=\"675\" sizes=\"(max-width: 1200px) 100vw, 1200px\" src=\"http:\/\/noticiasbahia360.com.br\/wp-content\/uploads\/2025\/06\/qTJEqDQ4-expoportal_edsantos_acordacidade-2.webp\" alt=\"ExpoPortal\" class=\"wp-image-563353 not-transparent\" srcset=\"https:\/\/uploads.acordacidade.com.br\/2025\/06\/qTJEqDQ4-expoportal_edsantos_acordacidade-2-648x365.webp 648w, https:\/\/uploads.acordacidade.com.br\/2025\/06\/qTJEqDQ4-expoportal_edsantos_acordacidade-2-150x84.webp 150w, http:\/\/noticiasbahia360.com.br\/wp-content\/uploads\/2025\/06\/qTJEqDQ4-expoportal_edsantos_acordacidade-2.webp 1200w\"><figcaption class=\"wp-element-caption\">Foto: Ed Santos\/Acorda Cidade<\/figcaption><\/figure>\n<p>Entre as novidades deste ano, Leidiane cita a realiza\u00e7\u00e3o da etapa nacional da Campolina em Feira \u2014 algo in\u00e9dito at\u00e9 ent\u00e3o \u2014 e a presen\u00e7a de espa\u00e7os tem\u00e1ticos como a Vila do Estado e a Vila da Prefeitura, que trabalham em parceria.<\/p>\n<p>\u201cTemos ainda o fogo de ch\u00e3o, um churrasco t\u00edpico da cultura ga\u00facha, que \u00e9 uma atra\u00e7\u00e3o \u00e0 parte\u201d, acrescentou.<\/p>\n<figure class=\"wp-block-image size-full\"><img loading=\"lazy\" data-dominant-color=\"968074\" data-has-transparency=\"false\" style=\"--dominant-color: #968074;\" decoding=\"async\" width=\"1200\" height=\"675\" sizes=\"(max-width: 1200px) 100vw, 1200px\" src=\"http:\/\/noticiasbahia360.com.br\/wp-content\/uploads\/2025\/06\/eYyiMGDL-expoportal_edsantos_acordacidade-1.webp\" alt=\"ExpoPortal\" class=\"wp-image-563354 not-transparent\" srcset=\"https:\/\/uploads.acordacidade.com.br\/2025\/06\/eYyiMGDL-expoportal_edsantos_acordacidade-1-648x365.webp 648w, https:\/\/uploads.acordacidade.com.br\/2025\/06\/eYyiMGDL-expoportal_edsantos_acordacidade-1-150x84.webp 150w, http:\/\/noticiasbahia360.com.br\/wp-content\/uploads\/2025\/06\/eYyiMGDL-expoportal_edsantos_acordacidade-1.webp 1200w\"><figcaption class=\"wp-element-caption\">Foto: Ed Santos\/Acorda Cidade<\/figcaption><\/figure>\n<p>A expectativa de neg\u00f3cios para esta edi\u00e7\u00e3o \u00e9 alta. \u201cNo ano passado movimentamos mais de R$ 1 milh\u00e3o e, para este ano, a meta \u00e9 chegar perto de R$ 5 milh\u00f5es em neg\u00f3cios\u201d, disse.<\/p>\n<p>No espa\u00e7o dedicado \u00e0 agricultura familiar, visitantes podem encontrar uma variedade de produtos artesanais, bebidas artesanais como cerveja de caju e licuri, e alimentos t\u00edpicos da regi\u00e3o.<\/p>\n<p>\u201cO evento tem recebido um bom p\u00fablico desde a abertura, e esperamos um movimento ainda maior neste final de semana\u201d, afirmou Leidiane.<\/p>\n<p>Silaney Ara\u00fajo, secret\u00e1rio municipal de Agricultura, destacou a relev\u00e2ncia do ExpoPortal para Feira de Santana.<\/p>\n<figure class=\"wp-block-image size-full\"><img loading=\"lazy\" data-dominant-color=\"a1998f\" data-has-transparency=\"false\" style=\"--dominant-color: #a1998f;\" decoding=\"async\" width=\"1200\" height=\"675\" sizes=\"(max-width: 1200px) 100vw, 1200px\" src=\"http:\/\/noticiasbahia360.com.br\/wp-content\/uploads\/2025\/06\/mOMxC6ZK-expoportal_edsantos_acordacidade-6.webp\" alt=\"ExpoPortal\" class=\"wp-image-563349 not-transparent\" srcset=\"https:\/\/uploads.acordacidade.com.br\/2025\/06\/mOMxC6ZK-expoportal_edsantos_acordacidade-6-648x365.webp 648w, https:\/\/uploads.acordacidade.com.br\/2025\/06\/mOMxC6ZK-expoportal_edsantos_acordacidade-6-150x84.webp 150w, http:\/\/noticiasbahia360.com.br\/wp-content\/uploads\/2025\/06\/mOMxC6ZK-expoportal_edsantos_acordacidade-6.webp 1200w\"><figcaption class=\"wp-element-caption\">Foto: Ed Santos\/Acorda Cidade<\/figcaption><\/figure>\n<p>\u201c\u00c9 uma grande alegria realizar um evento que une a Exposi\u00e7\u00e3o Brasileira da Ra\u00e7a Campolina e a feira da agricultura familiar, fortalecendo o campo e gerando renda para o munic\u00edpio\u201d, afirmou.<\/p>\n<p>Ao Acorda Cidade, o secret\u00e1rio ressaltou ainda que o evento atrai expositores de outros estados como Rio de Janeiro, S\u00e3o Paulo, Minas Gerais, Esp\u00edrito Santo, Cear\u00e1, Pernambuco e Alagoas, al\u00e9m de munic\u00edpios baianos como Juazeiro, Euclides da Cunha, Cama\u00e7ari e Salvador.<\/p>\n<p>\u201cEstamos muito satisfeitos e j\u00e1 nos preparando para a nossa tradicional ExpoFeira, que acontecer\u00e1 em setembro\u201d, completou.<\/p>\n<p>Expositores como Neide Alves de Moraes, de Euclides da Cunha, destacam a import\u00e2ncia da feira para expandir os neg\u00f3cios. Ela comercializa produtos derivados do mel e da Caatinga.<\/p>\n<figure class=\"wp-block-image size-full\"><img loading=\"lazy\" data-dominant-color=\"b1a086\" data-has-transparency=\"false\" style=\"--dominant-color: #b1a086;\" decoding=\"async\" width=\"1200\" height=\"675\" sizes=\"(max-width: 1200px) 100vw, 1200px\" src=\"http:\/\/noticiasbahia360.com.br\/wp-content\/uploads\/2025\/06\/johKPe5h-expoportal_edsantos_acordacidade-8.webp\" alt=\"ExpoPortal\" class=\"wp-image-563347 not-transparent\" srcset=\"https:\/\/uploads.acordacidade.com.br\/2025\/06\/johKPe5h-expoportal_edsantos_acordacidade-8-648x365.webp 648w, https:\/\/uploads.acordacidade.com.br\/2025\/06\/johKPe5h-expoportal_edsantos_acordacidade-8-150x84.webp 150w, http:\/\/noticiasbahia360.com.br\/wp-content\/uploads\/2025\/06\/johKPe5h-expoportal_edsantos_acordacidade-8.webp 1200w\"><figcaption class=\"wp-element-caption\">Foto: Ed Santos\/Acorda Cidade<\/figcaption><\/figure>\n<p>\u201cRecebemos um convite para participar e ficamos muito satisfeitos com a receptividade\u201d, contou.<\/p>\n<p>Segundo Neide, o mel \u00e9 o segundo alimento mais saud\u00e1vel do mundo, perdendo apenas para o leite materno, e \u00e9 altamente valorizado por suas propriedades.<\/p>\n<p>\u201cO mel puro cristaliza, parecendo doce de leite, enquanto o mel adulterado apresenta cristais parecidos com a\u00e7\u00facar\u201d, explicou, ajudando os consumidores a identificar a autenticidade do produto.<\/p>\n<p><em>Com informa\u00e7\u00f5es do rep\u00f3rter Ed Santos do Acorda Cidade<\/em><\/p>\n<p><em>Siga o Acorda Cidade no<\/em><a href=\"https:\/\/news.google.com\/search?q=acorda%20cidade&amp;hl=pt-BR&amp;gl=BR&amp;ceid=BR%3Apt-419\"><strong><em> Google Not\u00edcias<\/em><\/strong><\/a><em> e receba os principais destaques do dia. Participe tamb\u00e9m dos nossos canais no <\/em><a href=\"https:\/\/whatsapp.com\/channel\/0029Va6Rb4v3WHTNnsh8WI3N\"><strong><em>WhatsApp<\/em><\/strong><\/a><em> e <\/em><a href=\"https:\/\/www.youtube.com\/@acordacidadenoticias\/videos\"><strong>Youtube<\/strong><\/a><em> e grupo de <\/em><a href=\"https:\/\/t.me\/+sSz0khrgARA0ZmRh\"><strong><em>Telegram<\/em><\/strong><\/a><em>.<\/em><\/p>\n<\/div>\n","protected":false},"excerpt":{"rendered":"<div>\n<div>\n<figure><img decoding=\"async\" src=\"https:\/\/uploads.acordacidade.com.br\/2025\/06\/expoportal_edsantos_acordacidade-5.jpg\" alt=\"ExpoPortal\"><figcaption>Foto: Ed Santos\/Acorda Cidade<\/figcaption><\/figure>\n<\/div>\n<p>De acordo com uma das organizadoras do ExpoPortal, o evento tem import\u00e2ncia fundamental para a economia da cidade e da regi\u00e3o.<\/p><\/div>\n","protected":false},"author":1,"featured_media":89138,"comment_status":"closed","ping_status":"closed","sticky":false,"template":"","format":"gallery","meta":{"footnotes":""},"categories":[8,9,6,57,56,10],"tags":[],"class_list":["post-89137","post","type-post","status-publish","format-gallery","has-post-thumbnail","hentry","category-bahia","category-brasil","category-feira-de-santana","category-mundo","category-policia","category-politica","post_format-post-format-gallery"],"featured_image_urls":{"full":["https:\/\/noticiasbahia360.com.br\/wp-content\/uploads\/2025\/06\/expoportal_edsantos_acordacidade-5.jpg",1200,675,false],"thumbnail":["https:\/\/noticiasbahia360.com.br\/wp-content\/uploads\/2025\/06\/expoportal_edsantos_acordacidade-5-150x150.jpg",150,150,true],"medium":["https:\/\/noticiasbahia360.com.br\/wp-content\/uploads\/2025\/06\/expoportal_edsantos_acordacidade-5-300x169.jpg",300,169,true],"medium_large":["https:\/\/noticiasbahia360.com.br\/wp-content\/uploads\/2025\/06\/expoportal_edsantos_acordacidade-5-768x432.jpg",640,360,true],"large":["https:\/\/noticiasbahia360.com.br\/wp-content\/uploads\/2025\/06\/expoportal_edsantos_acordacidade-5-1024x576.jpg",640,360,true],"1536x1536":["https:\/\/noticiasbahia360.com.br\/wp-content\/uploads\/2025\/06\/expoportal_edsantos_acordacidade-5.jpg",1200,675,false],"2048x2048":["https:\/\/noticiasbahia360.com.br\/wp-content\/uploads\/2025\/06\/expoportal_edsantos_acordacidade-5.jpg",1200,675,false],"chromenews-featured":["https:\/\/noticiasbahia360.com.br\/wp-content\/uploads\/2025\/06\/expoportal_edsantos_acordacidade-5-1024x576.jpg",1024,576,true],"chromenews-large":["https:\/\/noticiasbahia360.com.br\/wp-content\/uploads\/2025\/06\/expoportal_edsantos_acordacidade-5-825x575.jpg",825,575,true],"chromenews-medium":["https:\/\/noticiasbahia360.com.br\/wp-content\/uploads\/2025\/06\/expoportal_edsantos_acordacidade-5-590x410.jpg",590,410,true]},"author_info":{"display_name":"noticiasbahia360.com.br","author_link":"https:\/\/noticiasbahia360.com.br\/?author=1"},"category_info":"<a href=\"https:\/\/noticiasbahia360.com.br\/?cat=8\" rel=\"category\">Bahia<\/a> <a href=\"https:\/\/noticiasbahia360.com.br\/?cat=9\" rel=\"category\">Brasil<\/a> <a href=\"https:\/\/noticiasbahia360.com.br\/?cat=6\" rel=\"category\">Feira de Santana<\/a> <a href=\"https:\/\/noticiasbahia360.com.br\/?cat=57\" rel=\"category\">Mundo<\/a> <a href=\"https:\/\/noticiasbahia360.com.br\/?cat=56\" rel=\"category\">Pol\u00edcia<\/a> <a href=\"https:\/\/noticiasbahia360.com.br\/?cat=10\" rel=\"category\">Pol\u00edtica<\/a>","tag_info":"Pol\u00edtica","comment_count":"0","_links":{"self":[{"href":"https:\/\/noticiasbahia360.com.br\/index.php?rest_route=\/wp\/v2\/posts\/89137","targetHints":{"allow":["GET"]}}],"collection":[{"href":"https:\/\/noticiasbahia360.com.br\/index.php?rest_route=\/wp\/v2\/posts"}],"about":[{"href":"https:\/\/noticiasbahia360.com.br\/index.php?rest_route=\/wp\/v2\/types\/post"}],"author":[{"embeddable":true,"href":"https:\/\/noticiasbahia360.com.br\/index.php?rest_route=\/wp\/v2\/users\/1"}],"replies":[{"embeddable":true,"href":"https:\/\/noticiasbahia360.com.br\/index.php?rest_route=%2Fwp%2Fv2%2Fcomments&post=89137"}],"version-history":[{"count":0,"href":"https:\/\/noticiasbahia360.com.br\/index.php?rest_route=\/wp\/v2\/posts\/89137\/revisions"}],"wp:featuredmedia":[{"embeddable":true,"href":"https:\/\/noticiasbahia360.com.br\/index.php?rest_route=\/wp\/v2\/media\/89138"}],"wp:attachment":[{"href":"https:\/\/noticiasbahia360.com.br\/index.php?rest_route=%2Fwp%2Fv2%2Fmedia&parent=89137"}],"wp:term":[{"taxonomy":"category","embeddable":true,"href":"https:\/\/noticiasbahia360.com.br\/index.php?rest_route=%2Fwp%2Fv2%2Fcategories&post=89137"},{"taxonomy":"post_tag","embeddable":true,"href":"https:\/\/noticiasbahia360.com.br\/index.php?rest_route=%2Fwp%2Fv2%2Ftags&post=89137"}],"curies":[{"name":"wp","href":"https:\/\/api.w.org\/{rel}","templated":true}]}}