{"id":89153,"date":"2025-06-07T18:40:35","date_gmt":"2025-06-07T21:40:35","guid":{"rendered":"https:\/\/noticiasbahia360.com.br\/?p=89153"},"modified":"2025-06-07T18:40:35","modified_gmt":"2025-06-07T21:40:35","slug":"comercio-de-feira-de-santana-funcionara-normalmente-nos-feriados-de-corpus-christi-e-2-de-julho","status":"publish","type":"post","link":"https:\/\/noticiasbahia360.com.br\/?p=89153","title":{"rendered":"Com\u00e9rcio de Feira de Santana funcionar\u00e1 normalmente nos feriados de Corpus Christi e 2 de Julho"},"content":{"rendered":"<div>\n<div>\n<figure><img decoding=\"async\" src=\"http:\/\/noticiasbahia360.com.br\/wp-content\/uploads\/2025\/06\/movimentacao-comercio-natal-9.jpeg\" alt=\"Funcionamento do Com\u00e9rcio\"><figcaption>Foto: Paulo Jos\u00e9\/Acorda Cidade<\/figcaption><\/figure>\n<\/div>\n<p>A C\u00e2mara de Dirigentes Lojistas (CDL) de <a href=\"https:\/\/www.acordacidade.com.br\/tag\/feira-de-santana\/\">Feira de Santana<\/a> informou aos lojistas, por meio de comunicado, que o com\u00e9rcio funcionar\u00e1 normalmente nos dias 19 de junho (Corpus Christi) e 2 de julho (Independ\u00eancia da Bahia). A decis\u00e3o est\u00e1 amparada na Cl\u00e1usula 18\u00aa, Par\u00e1grafo 1\u00ba, da Conven\u00e7\u00e3o Coletiva de Trabalho vigente, celebrada entre o Sicom\u00e9rcio Feira e o sindicato dos comerci\u00e1rios.<\/p>\n<p>De acordo com o comunicado, o feriado de Corpus Christi, que seria comemorado em 19 de junho de 2025, foi antecipado para a ter\u00e7a-feira de Carnaval, em 4 de mar\u00e7o de 2025. J\u00e1 o feriado da Independ\u00eancia da Bahia, previsto para 2 de julho de 2025, foi substitu\u00eddo pelo s\u00e1bado da Micareta, no dia 3 de maio de 2025.<\/p>\n<p>Com isso, n\u00e3o ser\u00e1 necess\u00e1rio conceder compensa\u00e7\u00e3o adicional para os colaboradores, e as atividades comerciais poder\u00e3o seguir normalmente. A medida, segundo a CDL, busca garantir a correta interpreta\u00e7\u00e3o da conven\u00e7\u00e3o coletiva e assegurar o funcionamento regular do com\u00e9rcio nas datas mencionadas.<\/p>\n<p><em>Siga o Acorda Cidade no<\/em><a href=\"https:\/\/news.google.com\/search?q=acorda%20cidade&amp;hl=pt-BR&amp;gl=BR&amp;ceid=BR%3Apt-419\"><strong><em> Google Not\u00edcias<\/em><\/strong><\/a><em> e receba os principais destaques do dia. Participe tamb\u00e9m dos nossos canais no <\/em><a href=\"https:\/\/whatsapp.com\/channel\/0029Va6Rb4v3WHTNnsh8WI3N\"><strong><em>WhatsApp<\/em><\/strong><\/a><em> e <\/em><a href=\"https:\/\/www.youtube.com\/@acordacidadenoticias\/videos\"><strong>Youtube<\/strong><\/a><em> e grupo de <\/em><a href=\"https:\/\/t.me\/+sSz0khrgARA0ZmRh\"><strong><em>Telegram<\/em><\/strong><\/a><em>.<\/em><\/p>\n<\/div>\n","protected":false},"excerpt":{"rendered":"<div>\n<div>\n<figure><img decoding=\"async\" src=\"https:\/\/uploads.acordacidade.com.br\/2024\/12\/movimentacao-comercio-natal-9.jpeg\" alt=\"Funcionamento do Com\u00e9rcio\"><figcaption>Foto: Paulo Jos\u00e9\/Acorda Cidade<\/figcaption><\/figure>\n<\/div>\n<p>A medida, segundo a CDL, busca garantir a correta interpreta\u00e7\u00e3o da conven\u00e7\u00e3o coletiva e assegurar o funcionamento regular do com\u00e9rcio nas datas mencionadas.<\/p><\/div>\n","protected":false},"author":1,"featured_media":89154,"comment_status":"closed","ping_status":"closed","sticky":false,"template":"","format":"gallery","meta":{"footnotes":""},"categories":[8,9,6,57,56,10],"tags":[],"class_list":["post-89153","post","type-post","status-publish","format-gallery","has-post-thumbnail","hentry","category-bahia","category-brasil","category-feira-de-santana","category-mundo","category-policia","category-politica","post_format-post-format-gallery"],"featured_image_urls":{"full":["https:\/\/noticiasbahia360.com.br\/wp-content\/uploads\/2025\/06\/movimentacao-comercio-natal-9.jpeg",1280,591,false],"thumbnail":["https:\/\/noticiasbahia360.com.br\/wp-content\/uploads\/2025\/06\/movimentacao-comercio-natal-9-150x150.jpeg",150,150,true],"medium":["https:\/\/noticiasbahia360.com.br\/wp-content\/uploads\/2025\/06\/movimentacao-comercio-natal-9-300x139.jpeg",300,139,true],"medium_large":["https:\/\/noticiasbahia360.com.br\/wp-content\/uploads\/2025\/06\/movimentacao-comercio-natal-9-768x355.jpeg",640,296,true],"large":["https:\/\/noticiasbahia360.com.br\/wp-content\/uploads\/2025\/06\/movimentacao-comercio-natal-9-1024x473.jpeg",640,296,true],"1536x1536":["https:\/\/noticiasbahia360.com.br\/wp-content\/uploads\/2025\/06\/movimentacao-comercio-natal-9.jpeg",1280,591,false],"2048x2048":["https:\/\/noticiasbahia360.com.br\/wp-content\/uploads\/2025\/06\/movimentacao-comercio-natal-9.jpeg",1280,591,false],"chromenews-featured":["https:\/\/noticiasbahia360.com.br\/wp-content\/uploads\/2025\/06\/movimentacao-comercio-natal-9-1024x473.jpeg",1024,473,true],"chromenews-large":["https:\/\/noticiasbahia360.com.br\/wp-content\/uploads\/2025\/06\/movimentacao-comercio-natal-9-825x575.jpeg",825,575,true],"chromenews-medium":["https:\/\/noticiasbahia360.com.br\/wp-content\/uploads\/2025\/06\/movimentacao-comercio-natal-9-590x410.jpeg",590,410,true]},"author_info":{"display_name":"noticiasbahia360.com.br","author_link":"https:\/\/noticiasbahia360.com.br\/?author=1"},"category_info":"<a href=\"https:\/\/noticiasbahia360.com.br\/?cat=8\" rel=\"category\">Bahia<\/a> <a href=\"https:\/\/noticiasbahia360.com.br\/?cat=9\" rel=\"category\">Brasil<\/a> <a href=\"https:\/\/noticiasbahia360.com.br\/?cat=6\" rel=\"category\">Feira de Santana<\/a> <a href=\"https:\/\/noticiasbahia360.com.br\/?cat=57\" rel=\"category\">Mundo<\/a> <a href=\"https:\/\/noticiasbahia360.com.br\/?cat=56\" rel=\"category\">Pol\u00edcia<\/a> <a href=\"https:\/\/noticiasbahia360.com.br\/?cat=10\" rel=\"category\">Pol\u00edtica<\/a>","tag_info":"Pol\u00edtica","comment_count":"0","_links":{"self":[{"href":"https:\/\/noticiasbahia360.com.br\/index.php?rest_route=\/wp\/v2\/posts\/89153","targetHints":{"allow":["GET"]}}],"collection":[{"href":"https:\/\/noticiasbahia360.com.br\/index.php?rest_route=\/wp\/v2\/posts"}],"about":[{"href":"https:\/\/noticiasbahia360.com.br\/index.php?rest_route=\/wp\/v2\/types\/post"}],"author":[{"embeddable":true,"href":"https:\/\/noticiasbahia360.com.br\/index.php?rest_route=\/wp\/v2\/users\/1"}],"replies":[{"embeddable":true,"href":"https:\/\/noticiasbahia360.com.br\/index.php?rest_route=%2Fwp%2Fv2%2Fcomments&post=89153"}],"version-history":[{"count":0,"href":"https:\/\/noticiasbahia360.com.br\/index.php?rest_route=\/wp\/v2\/posts\/89153\/revisions"}],"wp:featuredmedia":[{"embeddable":true,"href":"https:\/\/noticiasbahia360.com.br\/index.php?rest_route=\/wp\/v2\/media\/89154"}],"wp:attachment":[{"href":"https:\/\/noticiasbahia360.com.br\/index.php?rest_route=%2Fwp%2Fv2%2Fmedia&parent=89153"}],"wp:term":[{"taxonomy":"category","embeddable":true,"href":"https:\/\/noticiasbahia360.com.br\/index.php?rest_route=%2Fwp%2Fv2%2Fcategories&post=89153"},{"taxonomy":"post_tag","embeddable":true,"href":"https:\/\/noticiasbahia360.com.br\/index.php?rest_route=%2Fwp%2Fv2%2Ftags&post=89153"}],"curies":[{"name":"wp","href":"https:\/\/api.w.org\/{rel}","templated":true}]}}