{"id":89158,"date":"2025-06-08T06:55:40","date_gmt":"2025-06-08T09:55:40","guid":{"rendered":"https:\/\/noticiasbahia360.com.br\/?p=89158"},"modified":"2025-06-08T06:55:40","modified_gmt":"2025-06-08T09:55:40","slug":"policia-recupera-motocicleta-roubada-apreende-materiais-ilicitos-e-prende-suspeito-em-feira-de-santana","status":"publish","type":"post","link":"https:\/\/noticiasbahia360.com.br\/?p=89158","title":{"rendered":"Pol\u00edcia recupera motocicleta roubada, apreende materiais il\u00edcitos e prende suspeito em Feira de Santana"},"content":{"rendered":"<div>\n<div>\n<figure><img decoding=\"async\" src=\"http:\/\/noticiasbahia360.com.br\/wp-content\/uploads\/2025\/06\/materialapreendido_policiamilitar-2.jpeg\" alt=\"Material Apreendido\"><figcaption>Foto: Pol\u00edcia Militar<\/figcaption><\/figure>\n<\/div>\n<p>Na tarde de s\u00e1bado (7), a Pol\u00edcia Militar, por meio de uma guarni\u00e7\u00e3o da 65\u00aa Companhia Independente de Pol\u00edcia Militar (CIPM), realizou a pris\u00e3o de um homem suspeito de roubo de ve\u00edculo e apreendeu materiais il\u00edcitos em <a href=\"https:\/\/www.acordacidade.com.br\/tag\/feira-de-santana\/\">Feira de Santana<\/a>.<\/p>\n<p>A a\u00e7\u00e3o foi deflagrada ap\u00f3s o Centro Integrado de Comunica\u00e7\u00f5es (Cicom) emitir um alerta sobre o furto de uma motocicleta nas proximidades do Terminal Central. Durante rondas na Avenida Tom\u00e9 de Souza, os policiais avistaram o suspeito conduzindo uma motocicleta em alta velocidade e iniciaram o acompanhamento t\u00e1tico.<\/p>\n<figure class=\"wp-block-image size-large\"><img fetchpriority=\"high\" data-dominant-color=\"a3a19e\" data-has-transparency=\"false\" style=\"--dominant-color: #a3a19e;\" fetchpriority=\"high\" decoding=\"async\" width=\"1021\" height=\"768\" sizes=\"(max-width: 1021px) 100vw, 1021px\" src=\"http:\/\/noticiasbahia360.com.br\/wp-content\/uploads\/2025\/06\/cXGdvq9E-materialapreendido_policiamilitar-1-e1749375905290-1021x768-1.webp\" alt=\"Material Apreendido\" class=\"wp-image-563409 not-transparent\" srcset=\"https:\/\/uploads.acordacidade.com.br\/2025\/06\/cXGdvq9E-materialapreendido_policiamilitar-1-e1749375905290-485x365.webp 485w, http:\/\/noticiasbahia360.com.br\/wp-content\/uploads\/2025\/06\/cXGdvq9E-materialapreendido_policiamilitar-1-e1749375905290-1021x768-1.webp 1021w, https:\/\/uploads.acordacidade.com.br\/2025\/06\/cXGdvq9E-materialapreendido_policiamilitar-1-e1749375905290-735x553.webp 735w, https:\/\/uploads.acordacidade.com.br\/2025\/06\/cXGdvq9E-materialapreendido_policiamilitar-1-e1749375905290-150x113.webp 150w, https:\/\/uploads.acordacidade.com.br\/2025\/06\/cXGdvq9E-materialapreendido_policiamilitar-1-e1749375905290.webp 1280w\"><figcaption class=\"wp-element-caption\">Foto: Pol\u00edcia Militar<\/figcaption><\/figure>\n<p>A abordagem ocorreu nas imedia\u00e7\u00f5es do Shopping Millenium. Durante a verifica\u00e7\u00e3o, os militares constataram que a placa da motocicleta estava adulterada. Com o suspeito, foram encontrados uma motocicleta Honda Bros de cor vermelha, um bloqueador de sinal, um aparelho celular e uma chave mixa, usada para furtar ve\u00edculos.<\/p>\n<p>Todo o material apreendido e o homem detido foram encaminhados para a Delegacia de Pol\u00edcia, onde foram adotadas as medidas cab\u00edveis.<\/p>\n<p><em>Siga o Acorda Cidade no<\/em><a href=\"https:\/\/news.google.com\/search?q=acorda%20cidade&amp;hl=pt-BR&amp;gl=BR&amp;ceid=BR%3Apt-419\"><strong><em> Google Not\u00edcias<\/em><\/strong><\/a><em> e receba os principais destaques do dia. Participe tamb\u00e9m dos nossos canais no <\/em><a href=\"https:\/\/whatsapp.com\/channel\/0029Va6Rb4v3WHTNnsh8WI3N\"><strong><em>WhatsApp<\/em><\/strong><\/a><em> e <\/em><a href=\"https:\/\/www.youtube.com\/@acordacidadenoticias\/videos\"><strong>Youtube<\/strong><\/a><em> e grupo de <\/em><a href=\"https:\/\/t.me\/+sSz0khrgARA0ZmRh\"><strong><em>Telegram<\/em><\/strong><\/a><em>.<\/em><\/p>\n<\/div>\n","protected":false},"excerpt":{"rendered":"<div>\n<div>\n<figure><img decoding=\"async\" src=\"https:\/\/uploads.acordacidade.com.br\/2025\/06\/materialapreendido_policiamilitar-2.jpeg\" alt=\"Material Apreendido\"><figcaption>Foto: Pol\u00edcia Militar<\/figcaption><\/figure>\n<\/div>\n<p>Com o suspeito, foram encontrados uma motocicleta Honda Bros de cor vermelha, um bloqueador de sinal, um aparelho celular e uma chave mixa, usada para furtar ve\u00edculos.<\/p><\/div>\n","protected":false},"author":1,"featured_media":89159,"comment_status":"closed","ping_status":"closed","sticky":false,"template":"","format":"gallery","meta":{"footnotes":""},"categories":[8,9,6,57,56,10],"tags":[],"class_list":["post-89158","post","type-post","status-publish","format-gallery","has-post-thumbnail","hentry","category-bahia","category-brasil","category-feira-de-santana","category-mundo","category-policia","category-politica","post_format-post-format-gallery"],"featured_image_urls":{"full":["https:\/\/noticiasbahia360.com.br\/wp-content\/uploads\/2025\/06\/materialapreendido_policiamilitar-2.jpeg",1024,773,false],"thumbnail":["https:\/\/noticiasbahia360.com.br\/wp-content\/uploads\/2025\/06\/materialapreendido_policiamilitar-2-150x150.jpeg",150,150,true],"medium":["https:\/\/noticiasbahia360.com.br\/wp-content\/uploads\/2025\/06\/materialapreendido_policiamilitar-2-300x226.jpeg",300,226,true],"medium_large":["https:\/\/noticiasbahia360.com.br\/wp-content\/uploads\/2025\/06\/materialapreendido_policiamilitar-2-768x580.jpeg",640,483,true],"large":["https:\/\/noticiasbahia360.com.br\/wp-content\/uploads\/2025\/06\/materialapreendido_policiamilitar-2.jpeg",640,483,false],"1536x1536":["https:\/\/noticiasbahia360.com.br\/wp-content\/uploads\/2025\/06\/materialapreendido_policiamilitar-2.jpeg",1024,773,false],"2048x2048":["https:\/\/noticiasbahia360.com.br\/wp-content\/uploads\/2025\/06\/materialapreendido_policiamilitar-2.jpeg",1024,773,false],"chromenews-featured":["https:\/\/noticiasbahia360.com.br\/wp-content\/uploads\/2025\/06\/materialapreendido_policiamilitar-2.jpeg",1024,773,false],"chromenews-large":["https:\/\/noticiasbahia360.com.br\/wp-content\/uploads\/2025\/06\/materialapreendido_policiamilitar-2-825x575.jpeg",825,575,true],"chromenews-medium":["https:\/\/noticiasbahia360.com.br\/wp-content\/uploads\/2025\/06\/materialapreendido_policiamilitar-2-590x410.jpeg",590,410,true]},"author_info":{"display_name":"noticiasbahia360.com.br","author_link":"https:\/\/noticiasbahia360.com.br\/?author=1"},"category_info":"<a href=\"https:\/\/noticiasbahia360.com.br\/?cat=8\" rel=\"category\">Bahia<\/a> <a href=\"https:\/\/noticiasbahia360.com.br\/?cat=9\" rel=\"category\">Brasil<\/a> <a href=\"https:\/\/noticiasbahia360.com.br\/?cat=6\" rel=\"category\">Feira de Santana<\/a> <a href=\"https:\/\/noticiasbahia360.com.br\/?cat=57\" rel=\"category\">Mundo<\/a> <a href=\"https:\/\/noticiasbahia360.com.br\/?cat=56\" rel=\"category\">Pol\u00edcia<\/a> <a href=\"https:\/\/noticiasbahia360.com.br\/?cat=10\" rel=\"category\">Pol\u00edtica<\/a>","tag_info":"Pol\u00edtica","comment_count":"0","_links":{"self":[{"href":"https:\/\/noticiasbahia360.com.br\/index.php?rest_route=\/wp\/v2\/posts\/89158","targetHints":{"allow":["GET"]}}],"collection":[{"href":"https:\/\/noticiasbahia360.com.br\/index.php?rest_route=\/wp\/v2\/posts"}],"about":[{"href":"https:\/\/noticiasbahia360.com.br\/index.php?rest_route=\/wp\/v2\/types\/post"}],"author":[{"embeddable":true,"href":"https:\/\/noticiasbahia360.com.br\/index.php?rest_route=\/wp\/v2\/users\/1"}],"replies":[{"embeddable":true,"href":"https:\/\/noticiasbahia360.com.br\/index.php?rest_route=%2Fwp%2Fv2%2Fcomments&post=89158"}],"version-history":[{"count":0,"href":"https:\/\/noticiasbahia360.com.br\/index.php?rest_route=\/wp\/v2\/posts\/89158\/revisions"}],"wp:featuredmedia":[{"embeddable":true,"href":"https:\/\/noticiasbahia360.com.br\/index.php?rest_route=\/wp\/v2\/media\/89159"}],"wp:attachment":[{"href":"https:\/\/noticiasbahia360.com.br\/index.php?rest_route=%2Fwp%2Fv2%2Fmedia&parent=89158"}],"wp:term":[{"taxonomy":"category","embeddable":true,"href":"https:\/\/noticiasbahia360.com.br\/index.php?rest_route=%2Fwp%2Fv2%2Fcategories&post=89158"},{"taxonomy":"post_tag","embeddable":true,"href":"https:\/\/noticiasbahia360.com.br\/index.php?rest_route=%2Fwp%2Fv2%2Ftags&post=89158"}],"curies":[{"name":"wp","href":"https:\/\/api.w.org\/{rel}","templated":true}]}}