{"id":89161,"date":"2025-06-08T07:01:35","date_gmt":"2025-06-08T10:01:35","guid":{"rendered":"https:\/\/noticiasbahia360.com.br\/?p=89161"},"modified":"2025-06-08T07:01:35","modified_gmt":"2025-06-08T10:01:35","slug":"recital-soltando-a-voz-celebra-a-6a-edicao-com-talentos-do-cuca","status":"publish","type":"post","link":"https:\/\/noticiasbahia360.com.br\/?p=89161","title":{"rendered":"Recital \u201cSoltando a Voz\u201d celebra a 6\u00aa edi\u00e7\u00e3o com talentos do Cuca"},"content":{"rendered":"<div>\n<div>\n<figure><img decoding=\"async\" src=\"http:\/\/noticiasbahia360.com.br\/wp-content\/uploads\/2025\/06\/microfone-falar-em-publico-mestre-de-cerimonia-apresentador-foto-pixabay.jpg\" alt=\"microfone _falar em p\u00fablico mestre de cerim\u00f4nia apresentador foto pixabay\"><figcaption> Foto: Irina L\/ Pixabay <\/figcaption><\/figure>\n<\/div>\n<p>O Centro Universit\u00e1rio de Cultura e Arte (<a href=\"https:\/\/www.acordacidade.com.br\/tag\/cuca\/\">Cuca<\/a>\/Uefs) tem o prazer de apresentar a 6\u00aa edi\u00e7\u00e3o do Recital \u201cSoltando a Voz\u201d, um evento que celebra o talento dos estudantes das oficinas de canto. O recital acontecer\u00e1 na quarta-feira, 11 de junho de 2025, no Teatro do Cuca, com duas sess\u00f5es para o p\u00fablico: a primeira \u00e0s 18h e a segunda \u00e0s 19h30.<\/p>\n<p>Esta edi\u00e7\u00e3o especial contar\u00e1 com performances das Turmas de T\u00e9cnica Vocal, sob a orienta\u00e7\u00e3o da Professora <strong>Ver\u00f4nica Coutinho<\/strong>, e da Turma de Canto Coletivo, conduzida pela Professora Sim\u00e9ia do Carmo. Os estudantes apresentar\u00e3o um repert\u00f3rio diversificado, demonstrando o aprendizado e a evolu\u00e7\u00e3o em suas forma\u00e7\u00f5es art\u00edsticas.<\/p>\n<h2 class=\"wp-block-heading\" id=\"h-detalhes-do-recital\">Detalhes do Recital<\/h2>\n<p>A entrada para o evento ser\u00e1 mediante a entrega de 1kg de alimento n\u00e3o perec\u00edvel.<\/p>\n<div class=\"wp-block-group\">\n<div class=\"wp-block-group__inner-container is-layout-constrained wp-block-group-is-layout-constrained\">\n<p><strong>Evento: Recital \u201cSoltando a Voz\u201d \u2013 6\u00aa Edi\u00e7\u00e3o<\/strong>\u00a0<\/p>\n<p>Data: 11 de Junho de 2025<br \/>Hor\u00e1rio: 1\u00aa sess\u00e3o: 18h | 2\u00aa sess\u00e3o: 19h30<br \/>Local: Teatro do Cuca<br \/>Entrada: 1kg de alimento n\u00e3o perec\u00edvel<br \/>Mais informa\u00e7\u00f5es: @seminariodemusica<\/p>\n<\/div>\n<\/div>\n<p><em>Siga o Acorda Cidade no<\/em><a href=\"https:\/\/news.google.com\/search?q=acorda%20cidade&amp;hl=pt-BR&amp;gl=BR&amp;ceid=BR%3Apt-419\"><strong><em>\u00a0Google Not\u00edcias<\/em><\/strong><\/a><em>\u00a0e receba os principais destaques do dia. Participe tamb\u00e9m dos nossos canais no\u00a0<\/em><a href=\"https:\/\/www.whatsapp.com\/channel\/0029Va6Rb4v3WHTNnsh8WI3N\"><strong><em>WhatsApp<\/em><\/strong><\/a><em>\u00a0e\u00a0<\/em><a href=\"https:\/\/www.youtube.com\/@acordacidadenoticias\/videos\"><strong>YouTube<\/strong><\/a><em>\u00a0e do grupo no\u00a0<\/em><a href=\"https:\/\/t.me\/+sSz0khrgARA0ZmRh\"><strong><em>Telegram<\/em><\/strong><\/a><\/p>\n<\/div>\n","protected":false},"excerpt":{"rendered":"<div>\n<div>\n<figure><img decoding=\"async\" src=\"https:\/\/uploads.acordacidade.com.br\/wp-content\/uploads\/2022\/11\/17130929\/microfone-falar-em-publico-mestre-de-cerimonia-apresentador-foto-pixabay.jpg\" alt=\"microfone _falar em p\u00fablico mestre de cerim\u00f4nia apresentador foto pixabay\"><figcaption> Foto: Irina L\/ Pixabay <\/figcaption><\/figure>\n<\/div>\n<p>O recital acontecer\u00e1 na quarta (11), no Teatro do Cuca, com duas sess\u00f5es para o p\u00fablico: a primeira \u00e0s 18h e a segunda \u00e0s 19h30.<\/p><\/div>\n","protected":false},"author":1,"featured_media":89162,"comment_status":"closed","ping_status":"closed","sticky":false,"template":"","format":"gallery","meta":{"footnotes":""},"categories":[8,9,6,57,56,10],"tags":[],"class_list":["post-89161","post","type-post","status-publish","format-gallery","has-post-thumbnail","hentry","category-bahia","category-brasil","category-feira-de-santana","category-mundo","category-policia","category-politica","post_format-post-format-gallery"],"featured_image_urls":{"full":["https:\/\/noticiasbahia360.com.br\/wp-content\/uploads\/2025\/06\/microfone-falar-em-publico-mestre-de-cerimonia-apresentador-foto-pixabay.jpg",640,427,false],"thumbnail":["https:\/\/noticiasbahia360.com.br\/wp-content\/uploads\/2025\/06\/microfone-falar-em-publico-mestre-de-cerimonia-apresentador-foto-pixabay-150x150.jpg",150,150,true],"medium":["https:\/\/noticiasbahia360.com.br\/wp-content\/uploads\/2025\/06\/microfone-falar-em-publico-mestre-de-cerimonia-apresentador-foto-pixabay-300x200.jpg",300,200,true],"medium_large":["https:\/\/noticiasbahia360.com.br\/wp-content\/uploads\/2025\/06\/microfone-falar-em-publico-mestre-de-cerimonia-apresentador-foto-pixabay.jpg",640,427,false],"large":["https:\/\/noticiasbahia360.com.br\/wp-content\/uploads\/2025\/06\/microfone-falar-em-publico-mestre-de-cerimonia-apresentador-foto-pixabay.jpg",640,427,false],"1536x1536":["https:\/\/noticiasbahia360.com.br\/wp-content\/uploads\/2025\/06\/microfone-falar-em-publico-mestre-de-cerimonia-apresentador-foto-pixabay.jpg",640,427,false],"2048x2048":["https:\/\/noticiasbahia360.com.br\/wp-content\/uploads\/2025\/06\/microfone-falar-em-publico-mestre-de-cerimonia-apresentador-foto-pixabay.jpg",640,427,false],"chromenews-featured":["https:\/\/noticiasbahia360.com.br\/wp-content\/uploads\/2025\/06\/microfone-falar-em-publico-mestre-de-cerimonia-apresentador-foto-pixabay.jpg",640,427,false],"chromenews-large":["https:\/\/noticiasbahia360.com.br\/wp-content\/uploads\/2025\/06\/microfone-falar-em-publico-mestre-de-cerimonia-apresentador-foto-pixabay.jpg",640,427,false],"chromenews-medium":["https:\/\/noticiasbahia360.com.br\/wp-content\/uploads\/2025\/06\/microfone-falar-em-publico-mestre-de-cerimonia-apresentador-foto-pixabay-590x410.jpg",590,410,true]},"author_info":{"display_name":"noticiasbahia360.com.br","author_link":"https:\/\/noticiasbahia360.com.br\/?author=1"},"category_info":"<a href=\"https:\/\/noticiasbahia360.com.br\/?cat=8\" rel=\"category\">Bahia<\/a> <a href=\"https:\/\/noticiasbahia360.com.br\/?cat=9\" rel=\"category\">Brasil<\/a> <a href=\"https:\/\/noticiasbahia360.com.br\/?cat=6\" rel=\"category\">Feira de Santana<\/a> <a href=\"https:\/\/noticiasbahia360.com.br\/?cat=57\" rel=\"category\">Mundo<\/a> <a href=\"https:\/\/noticiasbahia360.com.br\/?cat=56\" rel=\"category\">Pol\u00edcia<\/a> <a href=\"https:\/\/noticiasbahia360.com.br\/?cat=10\" rel=\"category\">Pol\u00edtica<\/a>","tag_info":"Pol\u00edtica","comment_count":"0","_links":{"self":[{"href":"https:\/\/noticiasbahia360.com.br\/index.php?rest_route=\/wp\/v2\/posts\/89161","targetHints":{"allow":["GET"]}}],"collection":[{"href":"https:\/\/noticiasbahia360.com.br\/index.php?rest_route=\/wp\/v2\/posts"}],"about":[{"href":"https:\/\/noticiasbahia360.com.br\/index.php?rest_route=\/wp\/v2\/types\/post"}],"author":[{"embeddable":true,"href":"https:\/\/noticiasbahia360.com.br\/index.php?rest_route=\/wp\/v2\/users\/1"}],"replies":[{"embeddable":true,"href":"https:\/\/noticiasbahia360.com.br\/index.php?rest_route=%2Fwp%2Fv2%2Fcomments&post=89161"}],"version-history":[{"count":0,"href":"https:\/\/noticiasbahia360.com.br\/index.php?rest_route=\/wp\/v2\/posts\/89161\/revisions"}],"wp:featuredmedia":[{"embeddable":true,"href":"https:\/\/noticiasbahia360.com.br\/index.php?rest_route=\/wp\/v2\/media\/89162"}],"wp:attachment":[{"href":"https:\/\/noticiasbahia360.com.br\/index.php?rest_route=%2Fwp%2Fv2%2Fmedia&parent=89161"}],"wp:term":[{"taxonomy":"category","embeddable":true,"href":"https:\/\/noticiasbahia360.com.br\/index.php?rest_route=%2Fwp%2Fv2%2Fcategories&post=89161"},{"taxonomy":"post_tag","embeddable":true,"href":"https:\/\/noticiasbahia360.com.br\/index.php?rest_route=%2Fwp%2Fv2%2Ftags&post=89161"}],"curies":[{"name":"wp","href":"https:\/\/api.w.org\/{rel}","templated":true}]}}