{"id":89163,"date":"2025-06-08T07:36:06","date_gmt":"2025-06-08T10:36:06","guid":{"rendered":"https:\/\/noticiasbahia360.com.br\/?p=89163"},"modified":"2025-06-08T07:36:06","modified_gmt":"2025-06-08T10:36:06","slug":"feira-de-santana-recebe-o-projeto-on-com-a-vida-que-une-acolhimento-informacao-e-movimento-na-luta-contra-o-cancer","status":"publish","type":"post","link":"https:\/\/noticiasbahia360.com.br\/?p=89163","title":{"rendered":"Feira de Santana recebe o projeto \u201cON com a vida\u201d, que une acolhimento, informa\u00e7\u00e3o e movimento na luta contra o c\u00e2ncer"},"content":{"rendered":"<div>\n<div>\n<figure><img decoding=\"async\" src=\"http:\/\/noticiasbahia360.com.br\/wp-content\/uploads\/2025\/06\/Foto-Divulgacao-1.jpg\" alt=\"Corrida On\"><figcaption>Foto: Divulga\u00e7\u00e3o<\/figcaption><\/figure>\n<\/div>\n<p>Um diagn\u00f3stico de c\u00e2ncer muda tudo: a rotina, as prioridades, os v\u00ednculos e, muitas vezes, a forma como a pr\u00f3pria vida \u00e9 percebida. Mas o que tamb\u00e9m pode mudar \u00e9 o modo como a sociedade acolhe e apoia quem enfrenta essa realidade. Foi pensando nisso que nasceu o projeto ON com a vida, uma iniciativa que une informa\u00e7\u00e3o, assist\u00eancia e mobiliza\u00e7\u00e3o em prol de pacientes oncol\u00f3gicos em <a href=\"https:\/\/www.acordacidade.com.br\/tag\/feira-de-santana\/\">Feira de Santana<\/a>.<\/p>\n<p>Idealizado pela nutricionista oncol\u00f3gica Vict\u00f3ria Moreira, o projeto come\u00e7a com um convite \u00e0 cidade: participar da Corrida ON com a vida, que ocorrer\u00e1 dia 30 de agosto, \u00e0s 17h, na Avenida Get\u00falio Vargas. O evento marca a primeira a\u00e7\u00e3o do Instituto ON com a vida e ser\u00e1 aberto \u00e0 toda a comunidade \u2013 pessoas em tratamento, familiares, amigos, apoiadores e quem mais desejar correr junto com essa causa.<\/p>\n<figure class=\"wp-block-image size-large\"><img fetchpriority=\"high\" data-dominant-color=\"8f826f\" data-has-transparency=\"false\" style=\"--dominant-color: #8f826f;\" fetchpriority=\"high\" decoding=\"async\" width=\"1186\" height=\"768\" sizes=\"(max-width: 1186px) 100vw, 1186px\" src=\"http:\/\/noticiasbahia360.com.br\/wp-content\/uploads\/2025\/06\/iI6tFdUa-Foto-Divulgacao-2-1186x768-1.webp\" alt=\"Corrida On\" class=\"wp-image-563415 not-transparent\" srcset=\"https:\/\/uploads.acordacidade.com.br\/2025\/06\/iI6tFdUa-Foto-Divulgacao-2-564x365.webp 564w, http:\/\/noticiasbahia360.com.br\/wp-content\/uploads\/2025\/06\/iI6tFdUa-Foto-Divulgacao-2-1186x768-1.webp 1186w, https:\/\/uploads.acordacidade.com.br\/2025\/06\/iI6tFdUa-Foto-Divulgacao-2-854x553.webp 854w, https:\/\/uploads.acordacidade.com.br\/2025\/06\/iI6tFdUa-Foto-Divulgacao-2-150x97.webp 150w, https:\/\/uploads.acordacidade.com.br\/2025\/06\/iI6tFdUa-Foto-Divulgacao-2.webp 1200w\"><figcaption class=\"wp-element-caption\">Foto: Divulga\u00e7\u00e3o<\/figcaption><\/figure>\n<p>\u201cA corrida foi pensada como um s\u00edmbolo de vida em movimento. Queremos mostrar que o paciente com c\u00e2ncer n\u00e3o precisa ser invisibilizado, nem viver isolado. Pelo contr\u00e1rio, ele pode e deve ser parte ativa da sociedade, com apoio, respeito e acesso \u00e0 informa\u00e7\u00e3o de qualidade\u201d, afirma Vict\u00f3ria.<\/p>\n<p>Com mais de sete anos de atua\u00e7\u00e3o na \u00e1rea e uma hist\u00f3ria pessoal atravessada pelo c\u00e2ncer do irm\u00e3o, diagnosticado com leucemia h\u00e1 mais de 13 anos, Vict\u00f3ria \u00e9 a \u00fanica nutricionista especialista em oncologia de Feira de Santana, com forma\u00e7\u00e3o pela Sociedade de Brasileira de Nutri\u00e7\u00e3o Oncol\u00f3gica, e traz para a cidade um modelo de cuidado inspirado em experi\u00eancias que viveu no Rio de Janeiro e em S\u00e3o Paulo. De volta \u00e0 sua cidade, ela percebeu a car\u00eancia de uma rede estruturada de suporte e decidiu fazer disso seu prop\u00f3sito.<\/p>\n<p>O Instituto ON com a vida nasce como um espa\u00e7o de refer\u00eancia para pacientes oncol\u00f3gicos, oferecendo apoio, informa\u00e7\u00e3o e conex\u00e3o com profissionais e servi\u00e7os especializados. Entre as a\u00e7\u00f5es previstas est\u00e3o: pontos de apoio informativos, p\u00fablicos e privados, com orienta\u00e7\u00f5es sobre tratamento, exames, profissionais e locais de compra de medicamentos e suplementa\u00e7\u00f5es; um polo de distribui\u00e7\u00e3o de suplementa\u00e7\u00e3o para pacientes em situa\u00e7\u00e3o de vulnerabilidade; capacita\u00e7\u00e3o de empresas e institui\u00e7\u00f5es, com foco em conhecimento e humaniza\u00e7\u00e3o do atendimento oncol\u00f3gico; e uma agenda cont\u00ednua de a\u00e7\u00f5es sociais, desenvolvimento de projetos e atividades que estimulem a inclus\u00e3o e a reintegra\u00e7\u00e3o dos pacientes \u00e0 vida cotidiana.<\/p>\n<p>A corrida, al\u00e9m de simb\u00f3lica, tem embasamento cient\u00edfico: o exerc\u00edcio f\u00edsico, mesmo durante o tratamento oncol\u00f3gico, pode melhorar a capacidade funcional, o estado de humor, a imunidade e a qualidade de vida. \u201cQueremos desmistificar a ideia de que o c\u00e2ncer \u00e9 sin\u00f4nimo de estagna\u00e7\u00e3o. A ci\u00eancia diz o contr\u00e1rio. E a corrida \u00e9 uma forma de mostrar isso com leveza, empatia e visibilidade\u201d, ressalta a nutricionista.<\/p>\n<p>As inscri\u00e7\u00f5es para a corrida ON com a vida foram abertas no dia 2 de junho, \u00e0s 18h. \u201cQuem n\u00e3o puder correr por restri\u00e7\u00f5es m\u00e9dicas tamb\u00e9m ser\u00e1 acolhido: haver\u00e1 outras formas de participa\u00e7\u00e3o e apoio no evento e, ao longo do projeto, muitas m\u00e3os ser\u00e3o necess\u00e1rias\u201d, sinaliza Vict\u00f3ria.<\/p>\n<p>A proposta da nutricionista \u00e9 clara: despertar a cidade para um novo olhar sobre o c\u00e2ncer, fortalecer v\u00ednculos e transformar vidas com informa\u00e7\u00e3o e sensibilidade. \u201cFeira de Santana est\u00e1 convidada a caminhar, ou correr, nessa dire\u00e7\u00e3o\u201d, pontua.<\/p>\n<p><em>Siga o Acorda Cidade no<\/em><a href=\"https:\/\/news.google.com\/search?q=acorda%20cidade&amp;hl=pt-BR&amp;gl=BR&amp;ceid=BR%3Apt-419\"><strong><em> Google Not\u00edcias<\/em><\/strong><\/a><em> e receba os principais destaques do dia. Participe tamb\u00e9m dos nossos canais no <\/em><a href=\"https:\/\/whatsapp.com\/channel\/0029Va6Rb4v3WHTNnsh8WI3N\"><strong><em>WhatsApp<\/em><\/strong><\/a><em> e <\/em><a href=\"https:\/\/www.youtube.com\/@acordacidadenoticias\/videos\"><strong>Youtube<\/strong><\/a><em> e grupo de <\/em><a href=\"https:\/\/t.me\/+sSz0khrgARA0ZmRh\"><strong><em>Telegram<\/em><\/strong><\/a><em>.<\/em><\/p>\n<\/div>\n","protected":false},"excerpt":{"rendered":"<div>\n<div>\n<figure><img decoding=\"async\" src=\"https:\/\/uploads.acordacidade.com.br\/2025\/06\/Foto-Divulgacao-1.jpg\" alt=\"Corrida On\"><figcaption>Foto: Divulga\u00e7\u00e3o<\/figcaption><\/figure>\n<\/div>\n<p>Corrida ser\u00e1 a primeira a\u00e7\u00e3o do projeto idealizado pela nutricionista oncol\u00f3gica Vict\u00f3ria Moreira.<\/p><\/div>\n","protected":false},"author":1,"featured_media":89164,"comment_status":"closed","ping_status":"closed","sticky":false,"template":"","format":"gallery","meta":{"footnotes":""},"categories":[8,9,6,57,56,10],"tags":[],"class_list":["post-89163","post","type-post","status-publish","format-gallery","has-post-thumbnail","hentry","category-bahia","category-brasil","category-feira-de-santana","category-mundo","category-policia","category-politica","post_format-post-format-gallery"],"featured_image_urls":{"full":["https:\/\/noticiasbahia360.com.br\/wp-content\/uploads\/2025\/06\/Foto-Divulgacao-1.jpg",1200,943,false],"thumbnail":["https:\/\/noticiasbahia360.com.br\/wp-content\/uploads\/2025\/06\/Foto-Divulgacao-1-150x150.jpg",150,150,true],"medium":["https:\/\/noticiasbahia360.com.br\/wp-content\/uploads\/2025\/06\/Foto-Divulgacao-1-300x236.jpg",300,236,true],"medium_large":["https:\/\/noticiasbahia360.com.br\/wp-content\/uploads\/2025\/06\/Foto-Divulgacao-1-768x604.jpg",640,503,true],"large":["https:\/\/noticiasbahia360.com.br\/wp-content\/uploads\/2025\/06\/Foto-Divulgacao-1-1024x805.jpg",640,503,true],"1536x1536":["https:\/\/noticiasbahia360.com.br\/wp-content\/uploads\/2025\/06\/Foto-Divulgacao-1.jpg",1200,943,false],"2048x2048":["https:\/\/noticiasbahia360.com.br\/wp-content\/uploads\/2025\/06\/Foto-Divulgacao-1.jpg",1200,943,false],"chromenews-featured":["https:\/\/noticiasbahia360.com.br\/wp-content\/uploads\/2025\/06\/Foto-Divulgacao-1-1024x805.jpg",1024,805,true],"chromenews-large":["https:\/\/noticiasbahia360.com.br\/wp-content\/uploads\/2025\/06\/Foto-Divulgacao-1-825x575.jpg",825,575,true],"chromenews-medium":["https:\/\/noticiasbahia360.com.br\/wp-content\/uploads\/2025\/06\/Foto-Divulgacao-1-590x410.jpg",590,410,true]},"author_info":{"display_name":"noticiasbahia360.com.br","author_link":"https:\/\/noticiasbahia360.com.br\/?author=1"},"category_info":"<a href=\"https:\/\/noticiasbahia360.com.br\/?cat=8\" rel=\"category\">Bahia<\/a> <a href=\"https:\/\/noticiasbahia360.com.br\/?cat=9\" rel=\"category\">Brasil<\/a> <a href=\"https:\/\/noticiasbahia360.com.br\/?cat=6\" rel=\"category\">Feira de Santana<\/a> <a href=\"https:\/\/noticiasbahia360.com.br\/?cat=57\" rel=\"category\">Mundo<\/a> <a href=\"https:\/\/noticiasbahia360.com.br\/?cat=56\" rel=\"category\">Pol\u00edcia<\/a> <a href=\"https:\/\/noticiasbahia360.com.br\/?cat=10\" rel=\"category\">Pol\u00edtica<\/a>","tag_info":"Pol\u00edtica","comment_count":"0","_links":{"self":[{"href":"https:\/\/noticiasbahia360.com.br\/index.php?rest_route=\/wp\/v2\/posts\/89163","targetHints":{"allow":["GET"]}}],"collection":[{"href":"https:\/\/noticiasbahia360.com.br\/index.php?rest_route=\/wp\/v2\/posts"}],"about":[{"href":"https:\/\/noticiasbahia360.com.br\/index.php?rest_route=\/wp\/v2\/types\/post"}],"author":[{"embeddable":true,"href":"https:\/\/noticiasbahia360.com.br\/index.php?rest_route=\/wp\/v2\/users\/1"}],"replies":[{"embeddable":true,"href":"https:\/\/noticiasbahia360.com.br\/index.php?rest_route=%2Fwp%2Fv2%2Fcomments&post=89163"}],"version-history":[{"count":0,"href":"https:\/\/noticiasbahia360.com.br\/index.php?rest_route=\/wp\/v2\/posts\/89163\/revisions"}],"wp:featuredmedia":[{"embeddable":true,"href":"https:\/\/noticiasbahia360.com.br\/index.php?rest_route=\/wp\/v2\/media\/89164"}],"wp:attachment":[{"href":"https:\/\/noticiasbahia360.com.br\/index.php?rest_route=%2Fwp%2Fv2%2Fmedia&parent=89163"}],"wp:term":[{"taxonomy":"category","embeddable":true,"href":"https:\/\/noticiasbahia360.com.br\/index.php?rest_route=%2Fwp%2Fv2%2Fcategories&post=89163"},{"taxonomy":"post_tag","embeddable":true,"href":"https:\/\/noticiasbahia360.com.br\/index.php?rest_route=%2Fwp%2Fv2%2Ftags&post=89163"}],"curies":[{"name":"wp","href":"https:\/\/api.w.org\/{rel}","templated":true}]}}