{"id":89168,"date":"2025-06-08T10:14:16","date_gmt":"2025-06-08T13:14:16","guid":{"rendered":"https:\/\/noticiasbahia360.com.br\/?p=89168"},"modified":"2025-06-08T10:14:16","modified_gmt":"2025-06-08T13:14:16","slug":"prefeitura-de-santo-estevao-divulga-programacao-com-grandes-atracoes","status":"publish","type":"post","link":"https:\/\/noticiasbahia360.com.br\/?p=89168","title":{"rendered":"Prefeitura de Santo Est\u00eav\u00e3o divulga programa\u00e7\u00e3o com grandes atra\u00e7\u00f5es"},"content":{"rendered":"<div>\n<div>\n<figure><img decoding=\"async\" src=\"http:\/\/noticiasbahia360.com.br\/wp-content\/uploads\/2025\/06\/saojoao_santoestevao_divulgacao.jpg\" alt=\"S\u00e3o Jo\u00e3o de Santo Est\u00eav\u00e3o\"><figcaption>Foto: Divulga\u00e7\u00e3o<\/figcaption><\/figure>\n<\/div>\n<p>O cora\u00e7\u00e3o do Rec\u00f4ncavo vai pulsar mais forte neste m\u00eas de junho! A Prefeitura de <a href=\"https:\/\/www.acordacidade.com.br\/tag\/santo-estevao-2\/\">Santo Est\u00eav\u00e3o<\/a> preparou uma programa\u00e7\u00e3o especial para o S\u00e3o Jo\u00e3o 2025, trazendo o tema \u201cQuem Ama, Cuida\u201d como convite para celebrar o amor pela cultura, pelas tradi\u00e7\u00f5es e pelo nosso povo.<\/p>\n<p>De 20 a 23 de junho, a cidade ser\u00e1 palco de uma das maiores festas juninas da Bahia, com atra\u00e7\u00f5es de peso, estrutura organizada, valoriza\u00e7\u00e3o da cultura local e aquele clima arretado que s\u00f3 o povo santoestevense sabe fazer!<\/p>\n<p>Ser\u00e3o quatro dias de muita m\u00fasica, alegria e forr\u00f3, tudo pensado com zelo para garantir uma experi\u00eancia segura, acolhedora e cheia de emo\u00e7\u00e3o. O prefeito Tiago Dias celebrou a divulga\u00e7\u00e3o da programa\u00e7\u00e3o e destacou o cuidado com cada detalhe:<\/p>\n<p>\u201cEstamos preparando um S\u00e3o Jo\u00e3o que vai ficar marcado na mem\u00f3ria do nosso povo. Cuidamos da programa\u00e7\u00e3o com muito carinho, pensando na tradi\u00e7\u00e3o, na valoriza\u00e7\u00e3o da nossa cultura e, claro, no bem-estar de cada pessoa que vai curtir essa grande festa. Quem ama, cuida, e \u00e9 com esse amor por Santo Est\u00eav\u00e3o que estamos realizando esse grande evento.\u201d<\/p>\n<p><strong>PROGRAMA\u00c7\u00c3O OFICIAL<\/strong><\/p>\n<p>\ud83d\udcc5 20 de Junho \u2013 Sexta-feira<\/p>\n<p>Lucas Viana<\/p>\n<p>Marcynho Sensa\u00e7\u00e3o<\/p>\n<p>Magn\u00edficosTargino Gondim<\/p>\n<p>Forr\u00f3 do Tico<\/p>\n<p>\ud83d\udcc5 21 de Junho \u2013 S\u00e1bado<\/p>\n<p>Dona Flor<\/p>\n<p>Os Falc\u00f5es<\/p>\n<p>Kevi Jonny<\/p>\n<p>Igor Rei da Farra<\/p>\n<p>Fl\u00e1vio Leandro<\/p>\n<p>Tarc\u00edsio do Acordeon<\/p>\n<p>\ud83d\udcc5 22 de Junho \u2013 Domingo<\/p>\n<p>Vinny Brasil<\/p>\n<p>Orquestra Sanf\u00f4nica da Bahia<\/p>\n<p>Toca do Vale<\/p>\n<p>Solange Almeida<\/p>\n<p>Fran\u00e7a<\/p>\n<p>\ud83d\udcc5 23 de Junho \u2013 Segunda-feira<\/p>\n<p>Marcos Andr\u00e9<\/p>\n<p>Brenno Oliveira<\/p>\n<p>Lim\u00e3o com Mel<\/p>\n<p>Heitor Costa<\/p>\n<p>Naldo Lima<\/p>\n<p>Theuzinho<\/p>\n<p>Tonny Salles<\/p>\n<p>Este ano, o S\u00e3o Jo\u00e3o de Santo Est\u00eav\u00e3o n\u00e3o ser\u00e1 apenas uma festa. Ser\u00e1 um ato de amor \u00e0 cultura nordestina, com valoriza\u00e7\u00e3o de artistas locais e nacionais, espa\u00e7o para tradi\u00e7\u00f5es, infraestrutura acolhedora e a alegria que j\u00e1 \u00e9 marca registrada do nosso povo.<\/p>\n<p><em>Siga o Acorda Cidade no<\/em><a href=\"https:\/\/news.google.com\/search?q=acorda%20cidade&amp;hl=pt-BR&amp;gl=BR&amp;ceid=BR%3Apt-419\"><strong><em> Google Not\u00edcias<\/em><\/strong><\/a><em> e receba os principais destaques do dia. Participe tamb\u00e9m dos nossos canais no <\/em><a href=\"https:\/\/whatsapp.com\/channel\/0029Va6Rb4v3WHTNnsh8WI3N\"><strong><em>WhatsApp<\/em><\/strong><\/a><em> e <\/em><a href=\"https:\/\/www.youtube.com\/@acordacidadenoticias\/videos\"><strong>Youtube<\/strong><\/a><em> e grupo de <\/em><a href=\"https:\/\/t.me\/+sSz0khrgARA0ZmRh\"><strong><em>Telegram<\/em><\/strong><\/a><em>.<\/em><\/p>\n<\/div>\n","protected":false},"excerpt":{"rendered":"<div>\n<div>\n<figure><img decoding=\"async\" src=\"https:\/\/uploads.acordacidade.com.br\/2025\/06\/saojoao_santoestevao_divulgacao.jpg\" alt=\"S\u00e3o Jo\u00e3o de Santo Est\u00eav\u00e3o\"><figcaption>Foto: Divulga\u00e7\u00e3o<\/figcaption><\/figure>\n<\/div>\n<p>De 20 a 23 de junho, a cidade ser\u00e1 palco de uma das maiores festas juninas da Bahia.<\/p><\/div>\n","protected":false},"author":1,"featured_media":89169,"comment_status":"closed","ping_status":"closed","sticky":false,"template":"","format":"gallery","meta":{"footnotes":""},"categories":[8,9,6,57,56,10],"tags":[],"class_list":["post-89168","post","type-post","status-publish","format-gallery","has-post-thumbnail","hentry","category-bahia","category-brasil","category-feira-de-santana","category-mundo","category-policia","category-politica","post_format-post-format-gallery"],"featured_image_urls":{"full":["https:\/\/noticiasbahia360.com.br\/wp-content\/uploads\/2025\/06\/saojoao_santoestevao_divulgacao.jpg",1200,876,false],"thumbnail":["https:\/\/noticiasbahia360.com.br\/wp-content\/uploads\/2025\/06\/saojoao_santoestevao_divulgacao-150x150.jpg",150,150,true],"medium":["https:\/\/noticiasbahia360.com.br\/wp-content\/uploads\/2025\/06\/saojoao_santoestevao_divulgacao-300x219.jpg",300,219,true],"medium_large":["https:\/\/noticiasbahia360.com.br\/wp-content\/uploads\/2025\/06\/saojoao_santoestevao_divulgacao-768x561.jpg",640,468,true],"large":["https:\/\/noticiasbahia360.com.br\/wp-content\/uploads\/2025\/06\/saojoao_santoestevao_divulgacao-1024x748.jpg",640,468,true],"1536x1536":["https:\/\/noticiasbahia360.com.br\/wp-content\/uploads\/2025\/06\/saojoao_santoestevao_divulgacao.jpg",1200,876,false],"2048x2048":["https:\/\/noticiasbahia360.com.br\/wp-content\/uploads\/2025\/06\/saojoao_santoestevao_divulgacao.jpg",1200,876,false],"chromenews-featured":["https:\/\/noticiasbahia360.com.br\/wp-content\/uploads\/2025\/06\/saojoao_santoestevao_divulgacao-1024x748.jpg",1024,748,true],"chromenews-large":["https:\/\/noticiasbahia360.com.br\/wp-content\/uploads\/2025\/06\/saojoao_santoestevao_divulgacao-825x575.jpg",825,575,true],"chromenews-medium":["https:\/\/noticiasbahia360.com.br\/wp-content\/uploads\/2025\/06\/saojoao_santoestevao_divulgacao-590x410.jpg",590,410,true]},"author_info":{"display_name":"noticiasbahia360.com.br","author_link":"https:\/\/noticiasbahia360.com.br\/?author=1"},"category_info":"<a href=\"https:\/\/noticiasbahia360.com.br\/?cat=8\" rel=\"category\">Bahia<\/a> <a href=\"https:\/\/noticiasbahia360.com.br\/?cat=9\" rel=\"category\">Brasil<\/a> <a href=\"https:\/\/noticiasbahia360.com.br\/?cat=6\" rel=\"category\">Feira de Santana<\/a> <a href=\"https:\/\/noticiasbahia360.com.br\/?cat=57\" rel=\"category\">Mundo<\/a> <a href=\"https:\/\/noticiasbahia360.com.br\/?cat=56\" rel=\"category\">Pol\u00edcia<\/a> <a href=\"https:\/\/noticiasbahia360.com.br\/?cat=10\" rel=\"category\">Pol\u00edtica<\/a>","tag_info":"Pol\u00edtica","comment_count":"0","_links":{"self":[{"href":"https:\/\/noticiasbahia360.com.br\/index.php?rest_route=\/wp\/v2\/posts\/89168","targetHints":{"allow":["GET"]}}],"collection":[{"href":"https:\/\/noticiasbahia360.com.br\/index.php?rest_route=\/wp\/v2\/posts"}],"about":[{"href":"https:\/\/noticiasbahia360.com.br\/index.php?rest_route=\/wp\/v2\/types\/post"}],"author":[{"embeddable":true,"href":"https:\/\/noticiasbahia360.com.br\/index.php?rest_route=\/wp\/v2\/users\/1"}],"replies":[{"embeddable":true,"href":"https:\/\/noticiasbahia360.com.br\/index.php?rest_route=%2Fwp%2Fv2%2Fcomments&post=89168"}],"version-history":[{"count":0,"href":"https:\/\/noticiasbahia360.com.br\/index.php?rest_route=\/wp\/v2\/posts\/89168\/revisions"}],"wp:featuredmedia":[{"embeddable":true,"href":"https:\/\/noticiasbahia360.com.br\/index.php?rest_route=\/wp\/v2\/media\/89169"}],"wp:attachment":[{"href":"https:\/\/noticiasbahia360.com.br\/index.php?rest_route=%2Fwp%2Fv2%2Fmedia&parent=89168"}],"wp:term":[{"taxonomy":"category","embeddable":true,"href":"https:\/\/noticiasbahia360.com.br\/index.php?rest_route=%2Fwp%2Fv2%2Fcategories&post=89168"},{"taxonomy":"post_tag","embeddable":true,"href":"https:\/\/noticiasbahia360.com.br\/index.php?rest_route=%2Fwp%2Fv2%2Ftags&post=89168"}],"curies":[{"name":"wp","href":"https:\/\/api.w.org\/{rel}","templated":true}]}}