{"id":90867,"date":"2025-06-23T16:16:30","date_gmt":"2025-06-23T19:16:30","guid":{"rendered":"https:\/\/noticiasbahia360.com.br\/?p=90867"},"modified":"2025-06-23T16:16:30","modified_gmt":"2025-06-23T19:16:30","slug":"homem-e-preso-por-ameacar-pessoas-com-arma-no-sao-joao-de-anguera","status":"publish","type":"post","link":"https:\/\/noticiasbahia360.com.br\/?p=90867","title":{"rendered":"Homem \u00e9 preso por amea\u00e7ar pessoas com arma no S\u00e3o Jo\u00e3o de Anguera"},"content":{"rendered":"<div>\n<div>\n<figure><img decoding=\"async\" src=\"http:\/\/noticiasbahia360.com.br\/wp-content\/uploads\/2025\/06\/arma-aprrendida_saojoao_anguera_foto_policiamilitar.jpg\" alt=\"Homem \u00e9 preso por amea\u00e7ar pessoas com arma no S\u00e3o Jo\u00e3o de Anguera\"><figcaption>Foto: Pol\u00edcia Militar<\/figcaption><\/figure>\n<\/div>\n<p>Na manh\u00e3 desta segunda-feira (23), por volta das 6h, uma ocorr\u00eancia envolvendo porte ilegal de arma de fogo foi registrada durante os festejos juninos em Anguera, cidade pertencente \u00e0 \u00e1rea de atua\u00e7\u00e3o da 57\u00aa CIPM \/ <a href=\"https:\/\/www.acordacidade.com.br\/tag\/santo-estevao-2\/\">Santo Est\u00eav\u00e3o<\/a>.<\/p>\n<p>A guarni\u00e7\u00e3o da patrulha foi acionada ap\u00f3s informa\u00e7\u00f5es de populares sobre um homem com comportamento suspeito na Pra\u00e7a Arthur Vieira, no centro de Anguera. O indiv\u00edduo, de pele clara, vestindo camisa branca e bon\u00e9 amarelo, estaria simulando estar armado e amea\u00e7ando pessoas em frente ao palco principal da festa.<\/p>\n<p>Com base nas caracter\u00edsticas relatadas, os policiais localizaram o suspeito e realizaram a abordagem, encontrando com ele um rev\u00f3lver calibre 32, com tr\u00eas muni\u00e7\u00f5es intactas. O homem foi conduzido inicialmente \u00e0 base de apoio da PM e, em seguida, encaminhado \u00e0 Delegacia de Sobradinho, em Feira de Santana, com o apoio da guarni\u00e7\u00e3o empregada na viatura quatro rodas.<\/p>\n<p>A a\u00e7\u00e3o demonstra a efici\u00eancia da a\u00e7\u00e3o conjunta entre a Pol\u00edcia Militar e a comunidade na atua\u00e7\u00e3o preventiva e refor\u00e7a a import\u00e2ncia das den\u00fancias para coibir pr\u00e1ticas que representem risco \u00e0 vida e \u00e0 ordem p\u00fablica.<\/p>\n<p><em>Siga o Acorda Cidade no<\/em><a href=\"https:\/\/news.google.com\/search?q=acorda%20cidade&amp;hl=pt-BR&amp;gl=BR&amp;ceid=BR%3Apt-419\"><strong><em> Google Not\u00edcias<\/em><\/strong><\/a><em> e receba os principais destaques do dia. Participe tamb\u00e9m dos nossos canais no <\/em><a href=\"https:\/\/whatsapp.com\/channel\/0029Va6Rb4v3WHTNnsh8WI3N\"><strong><em>WhatsApp<\/em><\/strong><\/a><em> e <\/em><a href=\"https:\/\/www.youtube.com\/@acordacidadenoticias\/videos\"><strong>Youtube<\/strong><\/a><em> e grupo de <\/em><a href=\"https:\/\/t.me\/+sSz0khrgARA0ZmRh\"><strong><em>Telegram<\/em><\/strong><\/a><em>.<\/em><\/p>\n<\/div>\n","protected":false},"excerpt":{"rendered":"<div>\n<div>\n<figure><img decoding=\"async\" src=\"https:\/\/uploads.acordacidade.com.br\/2025\/06\/arma-aprrendida_saojoao_anguera_foto_policiamilitar.jpg\" alt=\"Homem \u00e9 preso por amea\u00e7ar pessoas com arma no S\u00e3o Jo\u00e3o de Anguera\"><figcaption>Foto: Pol\u00edcia Militar<\/figcaption><\/figure>\n<\/div>\n<p>O suspeito foi conduzido para a Delegacia da Pol\u00edcia Civil em Feira de Santana<\/p><\/div>\n","protected":false},"author":1,"featured_media":90868,"comment_status":"closed","ping_status":"closed","sticky":false,"template":"","format":"gallery","meta":{"footnotes":""},"categories":[8,9,6,57,56,10],"tags":[],"class_list":["post-90867","post","type-post","status-publish","format-gallery","has-post-thumbnail","hentry","category-bahia","category-brasil","category-feira-de-santana","category-mundo","category-policia","category-politica","post_format-post-format-gallery"],"featured_image_urls":{"full":["https:\/\/noticiasbahia360.com.br\/wp-content\/uploads\/2025\/06\/arma-aprrendida_saojoao_anguera_foto_policiamilitar.jpg",1200,920,false],"thumbnail":["https:\/\/noticiasbahia360.com.br\/wp-content\/uploads\/2025\/06\/arma-aprrendida_saojoao_anguera_foto_policiamilitar-150x150.jpg",150,150,true],"medium":["https:\/\/noticiasbahia360.com.br\/wp-content\/uploads\/2025\/06\/arma-aprrendida_saojoao_anguera_foto_policiamilitar-300x230.jpg",300,230,true],"medium_large":["https:\/\/noticiasbahia360.com.br\/wp-content\/uploads\/2025\/06\/arma-aprrendida_saojoao_anguera_foto_policiamilitar-768x589.jpg",640,491,true],"large":["https:\/\/noticiasbahia360.com.br\/wp-content\/uploads\/2025\/06\/arma-aprrendida_saojoao_anguera_foto_policiamilitar-1024x785.jpg",640,491,true],"1536x1536":["https:\/\/noticiasbahia360.com.br\/wp-content\/uploads\/2025\/06\/arma-aprrendida_saojoao_anguera_foto_policiamilitar.jpg",1200,920,false],"2048x2048":["https:\/\/noticiasbahia360.com.br\/wp-content\/uploads\/2025\/06\/arma-aprrendida_saojoao_anguera_foto_policiamilitar.jpg",1200,920,false],"chromenews-featured":["https:\/\/noticiasbahia360.com.br\/wp-content\/uploads\/2025\/06\/arma-aprrendida_saojoao_anguera_foto_policiamilitar-1024x785.jpg",1024,785,true],"chromenews-large":["https:\/\/noticiasbahia360.com.br\/wp-content\/uploads\/2025\/06\/arma-aprrendida_saojoao_anguera_foto_policiamilitar-825x575.jpg",825,575,true],"chromenews-medium":["https:\/\/noticiasbahia360.com.br\/wp-content\/uploads\/2025\/06\/arma-aprrendida_saojoao_anguera_foto_policiamilitar-590x410.jpg",590,410,true]},"author_info":{"display_name":"noticiasbahia360.com.br","author_link":"https:\/\/noticiasbahia360.com.br\/?author=1"},"category_info":"<a href=\"https:\/\/noticiasbahia360.com.br\/?cat=8\" rel=\"category\">Bahia<\/a> <a href=\"https:\/\/noticiasbahia360.com.br\/?cat=9\" rel=\"category\">Brasil<\/a> <a href=\"https:\/\/noticiasbahia360.com.br\/?cat=6\" rel=\"category\">Feira de Santana<\/a> <a href=\"https:\/\/noticiasbahia360.com.br\/?cat=57\" rel=\"category\">Mundo<\/a> <a href=\"https:\/\/noticiasbahia360.com.br\/?cat=56\" rel=\"category\">Pol\u00edcia<\/a> <a href=\"https:\/\/noticiasbahia360.com.br\/?cat=10\" rel=\"category\">Pol\u00edtica<\/a>","tag_info":"Pol\u00edtica","comment_count":"0","_links":{"self":[{"href":"https:\/\/noticiasbahia360.com.br\/index.php?rest_route=\/wp\/v2\/posts\/90867","targetHints":{"allow":["GET"]}}],"collection":[{"href":"https:\/\/noticiasbahia360.com.br\/index.php?rest_route=\/wp\/v2\/posts"}],"about":[{"href":"https:\/\/noticiasbahia360.com.br\/index.php?rest_route=\/wp\/v2\/types\/post"}],"author":[{"embeddable":true,"href":"https:\/\/noticiasbahia360.com.br\/index.php?rest_route=\/wp\/v2\/users\/1"}],"replies":[{"embeddable":true,"href":"https:\/\/noticiasbahia360.com.br\/index.php?rest_route=%2Fwp%2Fv2%2Fcomments&post=90867"}],"version-history":[{"count":0,"href":"https:\/\/noticiasbahia360.com.br\/index.php?rest_route=\/wp\/v2\/posts\/90867\/revisions"}],"wp:featuredmedia":[{"embeddable":true,"href":"https:\/\/noticiasbahia360.com.br\/index.php?rest_route=\/wp\/v2\/media\/90868"}],"wp:attachment":[{"href":"https:\/\/noticiasbahia360.com.br\/index.php?rest_route=%2Fwp%2Fv2%2Fmedia&parent=90867"}],"wp:term":[{"taxonomy":"category","embeddable":true,"href":"https:\/\/noticiasbahia360.com.br\/index.php?rest_route=%2Fwp%2Fv2%2Fcategories&post=90867"},{"taxonomy":"post_tag","embeddable":true,"href":"https:\/\/noticiasbahia360.com.br\/index.php?rest_route=%2Fwp%2Fv2%2Ftags&post=90867"}],"curies":[{"name":"wp","href":"https:\/\/api.w.org\/{rel}","templated":true}]}}