{"id":90872,"date":"2025-06-23T16:23:56","date_gmt":"2025-06-23T19:23:56","guid":{"rendered":"https:\/\/noticiasbahia360.com.br\/?p=90872"},"modified":"2025-06-23T16:23:56","modified_gmt":"2025-06-23T19:23:56","slug":"homem-e-preso-em-flagrante-por-importunacao-sexual-em-camacari","status":"publish","type":"post","link":"https:\/\/noticiasbahia360.com.br\/?p=90872","title":{"rendered":"Homem \u00e9 preso em flagrante por importuna\u00e7\u00e3o sexual em Cama\u00e7ari"},"content":{"rendered":"<div>\n<div>\n<figure><img decoding=\"async\" src=\"http:\/\/noticiasbahia360.com.br\/wp-content\/uploads\/2025\/06\/prisao_importunacaosexual_policia_civil_camacari_fotoascom_pc.jpg\" alt=\"Homem \u00e9 preso em flagrante por importuna\u00e7\u00e3o sexual em Cama\u00e7ari\"><figcaption>Foto: Ascom da Pol\u00edcia Civil<\/figcaption><\/figure>\n<\/div>\n<p>Equipes da Delegacia Especializada de Atendimento \u00e0 Mulher (Deam) de <a href=\"https:\/\/www.acordacidade.com.br\/tag\/camacari\/\">Cama\u00e7ari <\/a>prenderam um homem em flagrante, na madrugada desta segunda-feira (23), pelo crime de importuna\u00e7\u00e3o sexual praticado contra uma adolescente. A pris\u00e3o ocorreu ap\u00f3s a condu\u00e7\u00e3o do suspeito por policiais militares ao posto da Pol\u00edcia Civil instalado no evento junino Camaforr\u00f3, naquela cidade.<\/p>\n<p>A PM foi acionada e, ap\u00f3s triagem no posto da Pol\u00edcia Civil, a ocorr\u00eancia foi encaminhada para a unidade da Deam.<\/p>\n<p>Ap\u00f3s a oitiva dos envolvidos e das testemunhas, e diante dos ind\u00edcios de autoria e materialidade, o suspeito foi autuado em flagrante por importuna\u00e7\u00e3o sexual. Ele foi submetido a exame pericial no Departamento de Pol\u00edcia T\u00e9cnica (DPT) e, em seguida, encaminhado \u00e0 Central de Flagrantes da Regi\u00e3o Metropolitana de Salvador (Cenflag-RMS), onde permanece \u00e0 disposi\u00e7\u00e3o da Justi\u00e7a.<\/p>\n<p><em>Siga o Acorda Cidade no<\/em><a href=\"https:\/\/news.google.com\/search?q=acorda%20cidade&amp;hl=pt-BR&amp;gl=BR&amp;ceid=BR%3Apt-419\"><strong><em> Google Not\u00edcias<\/em><\/strong><\/a><em> e receba os principais destaques do dia. Participe tamb\u00e9m dos nossos canais no <\/em><a href=\"https:\/\/whatsapp.com\/channel\/0029Va6Rb4v3WHTNnsh8WI3N\"><strong><em>WhatsApp<\/em><\/strong><\/a><em> e <\/em><a href=\"https:\/\/www.youtube.com\/@acordacidadenoticias\/videos\"><strong>Youtube<\/strong><\/a><em> e grupo de <\/em><a href=\"https:\/\/t.me\/+sSz0khrgARA0ZmRh\"><strong><em>Telegram<\/em><\/strong><\/a><em>.<\/em><\/p>\n<\/div>\n","protected":false},"excerpt":{"rendered":"<div>\n<div>\n<figure><img decoding=\"async\" src=\"https:\/\/uploads.acordacidade.com.br\/2025\/06\/prisao_importunacaosexual_policia_civil_camacari_fotoascom_pc.jpg\" alt=\"Homem \u00e9 preso em flagrante por importuna\u00e7\u00e3o sexual em Cama\u00e7ari\"><figcaption>Foto: Ascom da Pol\u00edcia Civil<\/figcaption><\/figure>\n<\/div>\n<p>O suspeito cometeu o crime durante o evento festivo de S\u00e3o Jo\u00e3o da cidade<\/p><\/div>\n","protected":false},"author":1,"featured_media":90873,"comment_status":"closed","ping_status":"closed","sticky":false,"template":"","format":"gallery","meta":{"footnotes":""},"categories":[8,9,6,57,56,10],"tags":[],"class_list":["post-90872","post","type-post","status-publish","format-gallery","has-post-thumbnail","hentry","category-bahia","category-brasil","category-feira-de-santana","category-mundo","category-policia","category-politica","post_format-post-format-gallery"],"featured_image_urls":{"full":["https:\/\/noticiasbahia360.com.br\/wp-content\/uploads\/2025\/06\/prisao_importunacaosexual_policia_civil_camacari_fotoascom_pc.jpg",1200,801,false],"thumbnail":["https:\/\/noticiasbahia360.com.br\/wp-content\/uploads\/2025\/06\/prisao_importunacaosexual_policia_civil_camacari_fotoascom_pc-150x150.jpg",150,150,true],"medium":["https:\/\/noticiasbahia360.com.br\/wp-content\/uploads\/2025\/06\/prisao_importunacaosexual_policia_civil_camacari_fotoascom_pc-300x200.jpg",300,200,true],"medium_large":["https:\/\/noticiasbahia360.com.br\/wp-content\/uploads\/2025\/06\/prisao_importunacaosexual_policia_civil_camacari_fotoascom_pc-768x513.jpg",640,428,true],"large":["https:\/\/noticiasbahia360.com.br\/wp-content\/uploads\/2025\/06\/prisao_importunacaosexual_policia_civil_camacari_fotoascom_pc-1024x684.jpg",640,428,true],"1536x1536":["https:\/\/noticiasbahia360.com.br\/wp-content\/uploads\/2025\/06\/prisao_importunacaosexual_policia_civil_camacari_fotoascom_pc.jpg",1200,801,false],"2048x2048":["https:\/\/noticiasbahia360.com.br\/wp-content\/uploads\/2025\/06\/prisao_importunacaosexual_policia_civil_camacari_fotoascom_pc.jpg",1200,801,false],"chromenews-featured":["https:\/\/noticiasbahia360.com.br\/wp-content\/uploads\/2025\/06\/prisao_importunacaosexual_policia_civil_camacari_fotoascom_pc-1024x684.jpg",1024,684,true],"chromenews-large":["https:\/\/noticiasbahia360.com.br\/wp-content\/uploads\/2025\/06\/prisao_importunacaosexual_policia_civil_camacari_fotoascom_pc-825x575.jpg",825,575,true],"chromenews-medium":["https:\/\/noticiasbahia360.com.br\/wp-content\/uploads\/2025\/06\/prisao_importunacaosexual_policia_civil_camacari_fotoascom_pc-590x410.jpg",590,410,true]},"author_info":{"display_name":"noticiasbahia360.com.br","author_link":"https:\/\/noticiasbahia360.com.br\/?author=1"},"category_info":"<a href=\"https:\/\/noticiasbahia360.com.br\/?cat=8\" rel=\"category\">Bahia<\/a> <a href=\"https:\/\/noticiasbahia360.com.br\/?cat=9\" rel=\"category\">Brasil<\/a> <a href=\"https:\/\/noticiasbahia360.com.br\/?cat=6\" rel=\"category\">Feira de Santana<\/a> <a href=\"https:\/\/noticiasbahia360.com.br\/?cat=57\" rel=\"category\">Mundo<\/a> <a href=\"https:\/\/noticiasbahia360.com.br\/?cat=56\" rel=\"category\">Pol\u00edcia<\/a> <a href=\"https:\/\/noticiasbahia360.com.br\/?cat=10\" rel=\"category\">Pol\u00edtica<\/a>","tag_info":"Pol\u00edtica","comment_count":"0","_links":{"self":[{"href":"https:\/\/noticiasbahia360.com.br\/index.php?rest_route=\/wp\/v2\/posts\/90872","targetHints":{"allow":["GET"]}}],"collection":[{"href":"https:\/\/noticiasbahia360.com.br\/index.php?rest_route=\/wp\/v2\/posts"}],"about":[{"href":"https:\/\/noticiasbahia360.com.br\/index.php?rest_route=\/wp\/v2\/types\/post"}],"author":[{"embeddable":true,"href":"https:\/\/noticiasbahia360.com.br\/index.php?rest_route=\/wp\/v2\/users\/1"}],"replies":[{"embeddable":true,"href":"https:\/\/noticiasbahia360.com.br\/index.php?rest_route=%2Fwp%2Fv2%2Fcomments&post=90872"}],"version-history":[{"count":0,"href":"https:\/\/noticiasbahia360.com.br\/index.php?rest_route=\/wp\/v2\/posts\/90872\/revisions"}],"wp:featuredmedia":[{"embeddable":true,"href":"https:\/\/noticiasbahia360.com.br\/index.php?rest_route=\/wp\/v2\/media\/90873"}],"wp:attachment":[{"href":"https:\/\/noticiasbahia360.com.br\/index.php?rest_route=%2Fwp%2Fv2%2Fmedia&parent=90872"}],"wp:term":[{"taxonomy":"category","embeddable":true,"href":"https:\/\/noticiasbahia360.com.br\/index.php?rest_route=%2Fwp%2Fv2%2Fcategories&post=90872"},{"taxonomy":"post_tag","embeddable":true,"href":"https:\/\/noticiasbahia360.com.br\/index.php?rest_route=%2Fwp%2Fv2%2Ftags&post=90872"}],"curies":[{"name":"wp","href":"https:\/\/api.w.org\/{rel}","templated":true}]}}