{"id":90874,"date":"2025-06-23T16:31:19","date_gmt":"2025-06-23T19:31:19","guid":{"rendered":"https:\/\/noticiasbahia360.com.br\/?p=90874"},"modified":"2025-06-23T16:31:19","modified_gmt":"2025-06-23T19:31:19","slug":"policia-civil-recupera-quatro-celulares-durante-o-camaforro-2025","status":"publish","type":"post","link":"https:\/\/noticiasbahia360.com.br\/?p=90874","title":{"rendered":"Pol\u00edcia Civil recupera quatro celulares durante o Camaforr\u00f3 2025"},"content":{"rendered":"<div>\n<div>\n<figure><img decoding=\"async\" src=\"http:\/\/noticiasbahia360.com.br\/wp-content\/uploads\/2025\/06\/policia-recupera-quatro-celulares-foto-reprocao.jpg\" alt=\"pol\u00edcia\"><figcaption>Foto: Reprodu\u00e7\u00e3o <\/figcaption><\/figure>\n<\/div>\n<p>Quatro aparelhos celulares foram recuperados neste domingo (22), por equipes da 18\u00aa Delegacia Territorial (DT) de Cama\u00e7ari, durante as a\u00e7\u00f5es de refor\u00e7o \u00e0 seguran\u00e7a p\u00fablica nos festejos do Camaforr\u00f3 2025.<\/p>\n<p>A propriet\u00e1ria de um dos telefones foi identificada e j\u00e1 teve o bem restitu\u00eddo. Os outros tr\u00eas aparelhos seguem na delegacia e a unidade realiza os procedimentos de praxe para garantir a devolu\u00e7\u00e3o aos leg\u00edtimos donos.<\/p>\n<p>A a\u00e7\u00e3o faz parte do conjunto de medidas adotadas pela Pol\u00edcia Civil da <a href=\"https:\/\/www.acordacidade.com.br\/local\/br-ba\/\">Bahia<\/a> para coibir crimes patrimoniais durante os festejos juninos na cidade.<\/p>\n<p><em>Siga o Acorda Cidade no<\/em><a href=\"https:\/\/news.google.com\/search?q=acorda%20cidade&amp;hl=pt-BR&amp;gl=BR&amp;ceid=BR%3Apt-419\"><em>\u00a0Google Not\u00edcias<\/em><\/a><em>\u00a0e receba os principais destaques do dia. Participe tamb\u00e9m dos nossos grupos no\u00a0<\/em><a href=\"https:\/\/chat.whatsapp.com\/GmuB0n1C0zz4wBRYfRDft2\"><em>WhatsApp<\/em><\/a><em>\u00a0e\u00a0<\/em><a href=\"https:\/\/t.me\/+sSz0khrgARA0ZmRh\"><em>Telegram<\/em><\/a><\/p>\n<\/div>\n","protected":false},"excerpt":{"rendered":"<div>\n<div>\n<figure><img decoding=\"async\" src=\"https:\/\/uploads.acordacidade.com.br\/2025\/06\/policia-recupera-quatro-celulares-foto-reprocao.jpg\" alt=\"pol\u00edcia\"><figcaption>Foto: Reprodu\u00e7\u00e3o <\/figcaption><\/figure>\n<\/div>\n<p>A a\u00e7\u00e3o faz parte do conjunto de medidas adotadas pela Pol\u00edcia Civil da Bahia para coibir crimes patrimoniais durante os festejos juninos.<\/p><\/div>\n","protected":false},"author":1,"featured_media":90875,"comment_status":"closed","ping_status":"closed","sticky":false,"template":"","format":"gallery","meta":{"footnotes":""},"categories":[8,9,6,57,56,10],"tags":[],"class_list":["post-90874","post","type-post","status-publish","format-gallery","has-post-thumbnail","hentry","category-bahia","category-brasil","category-feira-de-santana","category-mundo","category-policia","category-politica","post_format-post-format-gallery"],"featured_image_urls":{"full":["https:\/\/noticiasbahia360.com.br\/wp-content\/uploads\/2025\/06\/policia-recupera-quatro-celulares-foto-reprocao.jpg",1200,900,false],"thumbnail":["https:\/\/noticiasbahia360.com.br\/wp-content\/uploads\/2025\/06\/policia-recupera-quatro-celulares-foto-reprocao-150x150.jpg",150,150,true],"medium":["https:\/\/noticiasbahia360.com.br\/wp-content\/uploads\/2025\/06\/policia-recupera-quatro-celulares-foto-reprocao-300x225.jpg",300,225,true],"medium_large":["https:\/\/noticiasbahia360.com.br\/wp-content\/uploads\/2025\/06\/policia-recupera-quatro-celulares-foto-reprocao-768x576.jpg",640,480,true],"large":["https:\/\/noticiasbahia360.com.br\/wp-content\/uploads\/2025\/06\/policia-recupera-quatro-celulares-foto-reprocao-1024x768.jpg",640,480,true],"1536x1536":["https:\/\/noticiasbahia360.com.br\/wp-content\/uploads\/2025\/06\/policia-recupera-quatro-celulares-foto-reprocao.jpg",1200,900,false],"2048x2048":["https:\/\/noticiasbahia360.com.br\/wp-content\/uploads\/2025\/06\/policia-recupera-quatro-celulares-foto-reprocao.jpg",1200,900,false],"chromenews-featured":["https:\/\/noticiasbahia360.com.br\/wp-content\/uploads\/2025\/06\/policia-recupera-quatro-celulares-foto-reprocao-1024x768.jpg",1024,768,true],"chromenews-large":["https:\/\/noticiasbahia360.com.br\/wp-content\/uploads\/2025\/06\/policia-recupera-quatro-celulares-foto-reprocao-825x575.jpg",825,575,true],"chromenews-medium":["https:\/\/noticiasbahia360.com.br\/wp-content\/uploads\/2025\/06\/policia-recupera-quatro-celulares-foto-reprocao-590x410.jpg",590,410,true]},"author_info":{"display_name":"noticiasbahia360.com.br","author_link":"https:\/\/noticiasbahia360.com.br\/?author=1"},"category_info":"<a href=\"https:\/\/noticiasbahia360.com.br\/?cat=8\" rel=\"category\">Bahia<\/a> <a href=\"https:\/\/noticiasbahia360.com.br\/?cat=9\" rel=\"category\">Brasil<\/a> <a href=\"https:\/\/noticiasbahia360.com.br\/?cat=6\" rel=\"category\">Feira de Santana<\/a> <a href=\"https:\/\/noticiasbahia360.com.br\/?cat=57\" rel=\"category\">Mundo<\/a> <a href=\"https:\/\/noticiasbahia360.com.br\/?cat=56\" rel=\"category\">Pol\u00edcia<\/a> <a href=\"https:\/\/noticiasbahia360.com.br\/?cat=10\" rel=\"category\">Pol\u00edtica<\/a>","tag_info":"Pol\u00edtica","comment_count":"0","_links":{"self":[{"href":"https:\/\/noticiasbahia360.com.br\/index.php?rest_route=\/wp\/v2\/posts\/90874","targetHints":{"allow":["GET"]}}],"collection":[{"href":"https:\/\/noticiasbahia360.com.br\/index.php?rest_route=\/wp\/v2\/posts"}],"about":[{"href":"https:\/\/noticiasbahia360.com.br\/index.php?rest_route=\/wp\/v2\/types\/post"}],"author":[{"embeddable":true,"href":"https:\/\/noticiasbahia360.com.br\/index.php?rest_route=\/wp\/v2\/users\/1"}],"replies":[{"embeddable":true,"href":"https:\/\/noticiasbahia360.com.br\/index.php?rest_route=%2Fwp%2Fv2%2Fcomments&post=90874"}],"version-history":[{"count":0,"href":"https:\/\/noticiasbahia360.com.br\/index.php?rest_route=\/wp\/v2\/posts\/90874\/revisions"}],"wp:featuredmedia":[{"embeddable":true,"href":"https:\/\/noticiasbahia360.com.br\/index.php?rest_route=\/wp\/v2\/media\/90875"}],"wp:attachment":[{"href":"https:\/\/noticiasbahia360.com.br\/index.php?rest_route=%2Fwp%2Fv2%2Fmedia&parent=90874"}],"wp:term":[{"taxonomy":"category","embeddable":true,"href":"https:\/\/noticiasbahia360.com.br\/index.php?rest_route=%2Fwp%2Fv2%2Fcategories&post=90874"},{"taxonomy":"post_tag","embeddable":true,"href":"https:\/\/noticiasbahia360.com.br\/index.php?rest_route=%2Fwp%2Fv2%2Ftags&post=90874"}],"curies":[{"name":"wp","href":"https:\/\/api.w.org\/{rel}","templated":true}]}}