{"id":90880,"date":"2025-06-23T17:00:20","date_gmt":"2025-06-23T20:00:20","guid":{"rendered":"https:\/\/noticiasbahia360.com.br\/?p=90880"},"modified":"2025-06-23T17:00:20","modified_gmt":"2025-06-23T20:00:20","slug":"terreno-baldio-no-bairro-baraunas-vira-lixao-a-ceu-aberto-e-preocupa-moradores","status":"publish","type":"post","link":"https:\/\/noticiasbahia360.com.br\/?p=90880","title":{"rendered":"Terreno baldio no bairro Bara\u00fanas vira lix\u00e3o a c\u00e9u aberto e preocupa moradores"},"content":{"rendered":"<div>\n<div>\n<figure><img decoding=\"async\" src=\"http:\/\/noticiasbahia360.com.br\/wp-content\/uploads\/2025\/06\/teresa-paixao-acumulo-lixo-lixao-rua-marques-de-abrantes-bairro-baraunas-feira-de-santana-foto-ney-silva-acorda-cidade-06.jpg\" alt=\"bara\u00fanas\"><figcaption>Foto: Ney Silva \/ Acorda Cidade <\/figcaption><\/figure>\n<\/div>\n<div class=\"wp-block-group\">\n<div class=\"wp-block-group__inner-container is-layout-constrained wp-block-group-is-layout-constrained\">\n<p>Moradores do bairro Bara\u00fanas, em Feira de Santana, est\u00e3o reclamando do ac\u00famulo de lixo em um terreno baldio na rua Marqu\u00eas de Abrantes. O local servia como dep\u00f3sito de uma antiga loja de m\u00f3veis. Al\u00e9m de impedir a circula\u00e7\u00e3o dos pedestres, por conta da quantidade de lixo presente na cal\u00e7ada, o problema ainda representa risco para a sa\u00fade dos moradores.<\/p>\n<figure class=\"wp-block-image size-large\"><img fetchpriority=\"high\" data-dominant-color=\"738290\" data-has-transparency=\"false\" style=\"--dominant-color: #738290;\" fetchpriority=\"high\" decoding=\"async\" width=\"1024\" height=\"768\" sizes=\"(max-width: 1024px) 100vw, 1024px\" src=\"http:\/\/noticiasbahia360.com.br\/wp-content\/uploads\/2025\/06\/onoOQiml-teresa-paixao-acumulo-lixo-lixao-rua-marques-de-abrantes-bairro-baraunas-feira-de-santana-foto-ney-silva-acorda-cidade-1024x768-1.webp\" alt=\"bara\u00fanas\" class=\"wp-image-568393 not-transparent\" srcset=\"https:\/\/uploads.acordacidade.com.br\/2025\/06\/onoOQiml-teresa-paixao-acumulo-lixo-lixao-rua-marques-de-abrantes-bairro-baraunas-feira-de-santana-foto-ney-silva-acorda-cidade-487x365.webp 487w, http:\/\/noticiasbahia360.com.br\/wp-content\/uploads\/2025\/06\/onoOQiml-teresa-paixao-acumulo-lixo-lixao-rua-marques-de-abrantes-bairro-baraunas-feira-de-santana-foto-ney-silva-acorda-cidade-1024x768-1.webp 1024w, https:\/\/uploads.acordacidade.com.br\/2025\/06\/onoOQiml-teresa-paixao-acumulo-lixo-lixao-rua-marques-de-abrantes-bairro-baraunas-feira-de-santana-foto-ney-silva-acorda-cidade-737x553.webp 737w, https:\/\/uploads.acordacidade.com.br\/2025\/06\/onoOQiml-teresa-paixao-acumulo-lixo-lixao-rua-marques-de-abrantes-bairro-baraunas-feira-de-santana-foto-ney-silva-acorda-cidade-150x113.webp 150w, https:\/\/uploads.acordacidade.com.br\/2025\/06\/onoOQiml-teresa-paixao-acumulo-lixo-lixao-rua-marques-de-abrantes-bairro-baraunas-feira-de-santana-foto-ney-silva-acorda-cidade.webp 1200w\"><figcaption class=\"wp-element-caption\">Foto: Ney Silva \/ Acorda Cidade <\/figcaption><\/figure>\n<p>\u201cTem bastante rato, barata, tudo a gente v\u00ea a\u00ed. Muito rato, tem hora que est\u00e1 cheio de rato. \u00c9 muito lixo acumulado. Tem muito lixo mesmo, fazem todos os descartes de material de lixo, de entulho, tudo nesta rua. At\u00e9 material radioativo tamb\u00e9m jogam aqui, tem tubo de TV antigo, \u00e9 muito lixo\u201d, disse Teresa Paix\u00e3o.<\/p>\n<\/div>\n<\/div>\n<div class=\"wp-block-group\">\n<div class=\"wp-block-group__inner-container is-layout-constrained wp-block-group-is-layout-constrained\">\n<h3 class=\"wp-block-heading\" id=\"h-enxugando-gelo\">Enxugando gelo<\/h3>\n<p>A moradora explicou ao Acorda Cidade que a situa\u00e7\u00e3o piorou ap\u00f3s a queda de parte do muro que cercava o terreno. Com o livre acesso ao interior do local, muitas pessoas resolveram transform\u00e1-lo em um verdadeiro aterro sanit\u00e1rio improvisado. Em uma r\u00e1pida analisada na \u00e1rea, \u00e9 poss\u00edvel identificar entulho (resto de obras de constru\u00e7\u00e3o civil), galhos, lixo dom\u00e9stico e at\u00e9 m\u00f3veis antigos.<\/p>\n<figure class=\"wp-block-image size-large\"><img data-dominant-color=\"717770\" data-has-transparency=\"false\" style=\"--dominant-color: #717770;\" decoding=\"async\" width=\"1024\" height=\"768\" sizes=\"(max-width: 1024px) 100vw, 1024px\" src=\"http:\/\/noticiasbahia360.com.br\/wp-content\/uploads\/2025\/06\/HJnHT7FC-acumulo-lixo-lixao-rua-marques-de-abrantes-bairro-baraunas-feira-de-santana-foto-ney-silva-acorda-cidade-1024x768-1.webp\" alt=\"bara\u00fanas\" class=\"wp-image-568394 not-transparent\" srcset=\"https:\/\/uploads.acordacidade.com.br\/2025\/06\/HJnHT7FC-acumulo-lixo-lixao-rua-marques-de-abrantes-bairro-baraunas-feira-de-santana-foto-ney-silva-acorda-cidade-487x365.webp 487w, http:\/\/noticiasbahia360.com.br\/wp-content\/uploads\/2025\/06\/HJnHT7FC-acumulo-lixo-lixao-rua-marques-de-abrantes-bairro-baraunas-feira-de-santana-foto-ney-silva-acorda-cidade-1024x768-1.webp 1024w, https:\/\/uploads.acordacidade.com.br\/2025\/06\/HJnHT7FC-acumulo-lixo-lixao-rua-marques-de-abrantes-bairro-baraunas-feira-de-santana-foto-ney-silva-acorda-cidade-737x553.webp 737w, https:\/\/uploads.acordacidade.com.br\/2025\/06\/HJnHT7FC-acumulo-lixo-lixao-rua-marques-de-abrantes-bairro-baraunas-feira-de-santana-foto-ney-silva-acorda-cidade-150x113.webp 150w, https:\/\/uploads.acordacidade.com.br\/2025\/06\/HJnHT7FC-acumulo-lixo-lixao-rua-marques-de-abrantes-bairro-baraunas-feira-de-santana-foto-ney-silva-acorda-cidade.webp 1200w\"><figcaption class=\"wp-element-caption\">Teresa Paix\u00e3o | Foto: Ney Silva \/ Acorda Cidade <\/figcaption><\/figure>\n<p>\u201c\u00c9 tudo descartado aqui de maneira irregular. A\u00ed eles limpam, vem o caminh\u00e3o, pega e depois, no outro dia, j\u00e1 est\u00e1 cheio de novo. A prefeitura passa, recolhe o material, [mas n\u00e3o adianta em nada] \u00e9 muito, muito, muito lixo. Lixo e entulho. Todo o material \u00e9 descartado aqui\u201d, concluiu Teresa.<\/p>\n<figure class=\"wp-block-image size-large\"><img data-dominant-color=\"6b6661\" data-has-transparency=\"false\" style=\"--dominant-color: #6b6661;\" decoding=\"async\" width=\"1024\" height=\"768\" sizes=\"(max-width: 1024px) 100vw, 1024px\" src=\"http:\/\/noticiasbahia360.com.br\/wp-content\/uploads\/2025\/06\/IisZUnCT-acumulo-lixo-lixao-rua-marques-de-abrantes-bairro-baraunas-feira-de-santana-foto-ney-silva-acorda-cidade-01-1024x768-1.webp\" alt=\"bara\u00fanas\" class=\"wp-image-568390 not-transparent\" srcset=\"https:\/\/uploads.acordacidade.com.br\/2025\/06\/IisZUnCT-acumulo-lixo-lixao-rua-marques-de-abrantes-bairro-baraunas-feira-de-santana-foto-ney-silva-acorda-cidade-01-487x365.webp 487w, http:\/\/noticiasbahia360.com.br\/wp-content\/uploads\/2025\/06\/IisZUnCT-acumulo-lixo-lixao-rua-marques-de-abrantes-bairro-baraunas-feira-de-santana-foto-ney-silva-acorda-cidade-01-1024x768-1.webp 1024w, https:\/\/uploads.acordacidade.com.br\/2025\/06\/IisZUnCT-acumulo-lixo-lixao-rua-marques-de-abrantes-bairro-baraunas-feira-de-santana-foto-ney-silva-acorda-cidade-01-737x553.webp 737w, https:\/\/uploads.acordacidade.com.br\/2025\/06\/IisZUnCT-acumulo-lixo-lixao-rua-marques-de-abrantes-bairro-baraunas-feira-de-santana-foto-ney-silva-acorda-cidade-01-150x113.webp 150w, https:\/\/uploads.acordacidade.com.br\/2025\/06\/IisZUnCT-acumulo-lixo-lixao-rua-marques-de-abrantes-bairro-baraunas-feira-de-santana-foto-ney-silva-acorda-cidade-01.webp 1200w\"><figcaption class=\"wp-element-caption\">Foto: Ney Silva \/ Acorda Cidade <\/figcaption><\/figure>\n<\/div>\n<\/div>\n<div class=\"wp-block-group\">\n<div class=\"wp-block-group__inner-container is-layout-constrained wp-block-group-is-layout-constrained\">\n<h3 class=\"wp-block-heading\" id=\"h-o-que-diz-a-sesp\">O que diz a Sesp?<\/h3>\n<p>A produ\u00e7\u00e3o do Acorda Cidade entrou em contato com a Secretaria de Limpeza P\u00fablica da Prefeitura de Feira de Santana (Sesp) solicitando um retorno para o problema de ac\u00famulo de lixo no local, mas at\u00e9 o momento da publica\u00e7\u00e3o desta mat\u00e9ria n\u00e3o obteve retorno.<\/p>\n<\/div>\n<\/div>\n<div class=\"wp-block-group\">\n<div class=\"wp-block-group__inner-container is-layout-constrained wp-block-group-is-layout-constrained\">\n<h3 class=\"wp-block-heading\" id=\"h-voce-sabe-o-que-e-uma-barauna\">Voc\u00ea sabe o que \u00e9 uma bara\u00fana?<\/h3>\n<p>O <a href=\"https:\/\/www.acordacidade.com.br\/tag\/baraunas\/\">bairro Bara\u00fanas<\/a> \u00e9 um dos mais populares de Feira de Santana e, segundo uma publica\u00e7\u00e3o no site oficial da prefeitura, foi batizado desta forma por conta da grande quantidade de \u00e1rvores bara\u00fanas que existiam na regi\u00e3o, que hoje compreende o bairro.<\/p>\n<figure class=\"wp-block-image size-large\"><img data-dominant-color=\"778175\" data-has-transparency=\"false\" style=\"--dominant-color: #778175;\" decoding=\"async\" width=\"1189\" height=\"768\" sizes=\"(max-width: 1189px) 100vw, 1189px\" src=\"http:\/\/noticiasbahia360.com.br\/wp-content\/uploads\/2025\/06\/whW59AUO-arvore-barauna-baraunuas-bairro-foto-Marcos-Drumond-2010-mebrapa-1189x768-1.webp\" alt=\"bara\u00fanas\" class=\"wp-image-568395 not-transparent\" srcset=\"https:\/\/uploads.acordacidade.com.br\/2025\/06\/whW59AUO-arvore-barauna-baraunuas-bairro-foto-Marcos-Drumond-2010-mebrapa--565x365.webp 565w, http:\/\/noticiasbahia360.com.br\/wp-content\/uploads\/2025\/06\/whW59AUO-arvore-barauna-baraunuas-bairro-foto-Marcos-Drumond-2010-mebrapa-1189x768-1.webp 1189w, https:\/\/uploads.acordacidade.com.br\/2025\/06\/whW59AUO-arvore-barauna-baraunuas-bairro-foto-Marcos-Drumond-2010-mebrapa--856x553.webp 856w, https:\/\/uploads.acordacidade.com.br\/2025\/06\/whW59AUO-arvore-barauna-baraunuas-bairro-foto-Marcos-Drumond-2010-mebrapa--150x97.webp 150w, https:\/\/uploads.acordacidade.com.br\/2025\/06\/whW59AUO-arvore-barauna-baraunuas-bairro-foto-Marcos-Drumond-2010-mebrapa-.webp 1200w\"><figcaption class=\"wp-element-caption\">\u00c1rvore Bara\u00fana | Foto: Marcos Drumond \/ Embrapa <\/figcaption><\/figure>\n<p>A bara\u00fana, que possui o nome cient\u00edfico de <em>Schinopsis brasiliensis<\/em>, e pode tamb\u00e9m ser chamada de bra\u00fana, \u00e9, segundo a Empresa Brasileira de Pesquisa Agropecu\u00e1ria (Embrapa), uma esp\u00e9cie t\u00edpica do sert\u00e3o nordestino, conhecida por ter porte avantajado e madeira resistente.<\/p>\n<h3 class=\"wp-block-heading\" id=\"h-confira-outras-fotos-do-lixao\">Confira outras fotos do lix\u00e3o<\/h3>\n<div id=\"gallery_6859b2422e9b8\" class=\"seox-gallery-block template-gallery-slide my-5\">\n<div class=\"grid seox-gallery-swiper user-select-none overflow-hidden position-relative bg-light\" data-swiper='{\n\t\"slidesPerView\": 1,\n\t\"spaceBetween\": 4,\n\t\"navigation\": { \"nextEl\": \"#gallery_6859b2422e9b8 .section-control-right\", \"prevEl\": \"#gallery_6859b2422e9b8 .section-control-left\" },\n\t\"pagination\": { \"el\": \"#gallery_6859b2422e9b8 .swiper-pagination\", \"type\": \"fraction\" }\n\t}'><\/p>\n<div class=\"g-col-12 d-flex swiper-wrapper\">\n<div class=\"swiper-slide\">\n\t\t\t\t\t<a data-fancybox=\"gallery_6859b2422e9b8\" data-caption=\"Foto: Ney Silva \/ Acorda Cidade \" class=\"d-flex w-100 h-auto no-styled position-relative seox-gallery-item gallery-image-568389\" href=\"http:\/\/noticiasbahia360.com.br\/wp-content\/uploads\/2025\/06\/HDjXcEUg-acumulo-lixo-lixao-rua-marques-de-abrantes-bairro-baraunas-feira-de-santana-foto-ney-silva-acorda-cidade-02.webp\"><\/p>\n<figure class=\"wp-caption alignnone img-fluid\"><img loading=\"lazy\" decoding=\"async\" width=\"960\" height=\"720\" src=\"http:\/\/noticiasbahia360.com.br\/wp-content\/uploads\/2025\/06\/HDjXcEUg-acumulo-lixo-lixao-rua-marques-de-abrantes-bairro-baraunas-feira-de-santana-foto-ney-silva-acorda-cidade-02.webp\" class=\"aspect-16x9 w-100 h-auto fit-cover not-transparent\" alt=\"Foto: Ney Silva \/ Acorda Cidade \" title=\"Foto: Ney Silva \/ Acorda Cidade \" srcset=\"http:\/\/noticiasbahia360.com.br\/wp-content\/uploads\/2025\/06\/HDjXcEUg-acumulo-lixo-lixao-rua-marques-de-abrantes-bairro-baraunas-feira-de-santana-foto-ney-silva-acorda-cidade-02.webp 1200w\" sizes=\"100vw\" data-has-transparency=\"false\" data-dominant-color=\"6d695e\" style=\"--dominant-color: #6d695e;\"><figcaption class=\"wp-caption-text\">Foto: Ney Silva \/ Acorda Cidade <\/figcaption><\/figure>\n<p>\t\t\t\t\t<\/a>\n\t\t\t\t<\/div>\n<div class=\"swiper-slide\">\n\t\t\t\t\t<a data-fancybox=\"gallery_6859b2422e9b8\" data-caption=\"Foto: Ney Silva \/ Acorda Cidade \" class=\"d-flex w-100 h-auto no-styled position-relative seox-gallery-item gallery-image-568387\" href=\"http:\/\/noticiasbahia360.com.br\/wp-content\/uploads\/2025\/06\/CnvA727Q-acumulo-lixo-lixao-rua-marques-de-abrantes-bairro-baraunas-feira-de-santana-foto-ney-silva-acorda-cidade-05.webp\"><\/p>\n<figure class=\"wp-caption alignnone img-fluid\"><img loading=\"lazy\" decoding=\"async\" width=\"960\" height=\"720\" src=\"http:\/\/noticiasbahia360.com.br\/wp-content\/uploads\/2025\/06\/CnvA727Q-acumulo-lixo-lixao-rua-marques-de-abrantes-bairro-baraunas-feira-de-santana-foto-ney-silva-acorda-cidade-05.webp\" class=\"aspect-16x9 w-100 h-auto fit-cover not-transparent\" alt=\"Foto: Ney Silva \/ Acorda Cidade \" title=\"Foto: Ney Silva \/ Acorda Cidade \" srcset=\"http:\/\/noticiasbahia360.com.br\/wp-content\/uploads\/2025\/06\/CnvA727Q-acumulo-lixo-lixao-rua-marques-de-abrantes-bairro-baraunas-feira-de-santana-foto-ney-silva-acorda-cidade-05.webp 1200w\" sizes=\"100vw\" data-has-transparency=\"false\" data-dominant-color=\"75756f\" style=\"--dominant-color: #75756f;\"><figcaption class=\"wp-caption-text\">Foto: Ney Silva \/ Acorda Cidade <\/figcaption><\/figure>\n<p>\t\t\t\t\t<\/a>\n\t\t\t\t<\/div>\n<div class=\"swiper-slide\">\n\t\t\t\t\t<a data-fancybox=\"gallery_6859b2422e9b8\" data-caption=\"Foto: Ney Silva \/ Acorda Cidade \" class=\"d-flex w-100 h-auto no-styled position-relative seox-gallery-item gallery-image-568386\" href=\"http:\/\/noticiasbahia360.com.br\/wp-content\/uploads\/2025\/06\/W757k8ST-teresa-paixao-acumulo-lixo-lixao-rua-marques-de-abrantes-bairro-baraunas-feira-de-santana-foto-ney-silva-acorda-cidade-06.webp\"><\/p>\n<figure class=\"wp-caption alignnone img-fluid\"><img loading=\"lazy\" decoding=\"async\" width=\"960\" height=\"720\" src=\"http:\/\/noticiasbahia360.com.br\/wp-content\/uploads\/2025\/06\/W757k8ST-teresa-paixao-acumulo-lixo-lixao-rua-marques-de-abrantes-bairro-baraunas-feira-de-santana-foto-ney-silva-acorda-cidade-06.webp\" class=\"aspect-16x9 w-100 h-auto fit-cover not-transparent\" alt=\"bara\u00fanas\" title=\"bara\u00fanas\" srcset=\"http:\/\/noticiasbahia360.com.br\/wp-content\/uploads\/2025\/06\/W757k8ST-teresa-paixao-acumulo-lixo-lixao-rua-marques-de-abrantes-bairro-baraunas-feira-de-santana-foto-ney-silva-acorda-cidade-06.webp 1200w\" sizes=\"100vw\" data-has-transparency=\"false\" data-dominant-color=\"707674\" style=\"--dominant-color: #707674;\"><figcaption class=\"wp-caption-text\">Foto: Ney Silva \/ Acorda Cidade <\/figcaption><\/figure>\n<p>\t\t\t\t\t<\/a>\n\t\t\t\t<\/div>\n<div class=\"swiper-slide\">\n\t\t\t\t\t<a data-fancybox=\"gallery_6859b2422e9b8\" data-caption=\"Foto: Ney Silva \/ Acorda Cidade \" class=\"d-flex w-100 h-auto no-styled position-relative seox-gallery-item gallery-image-568385\" href=\"http:\/\/noticiasbahia360.com.br\/wp-content\/uploads\/2025\/06\/ygyLT6tE-acumulo-lixo-lixao-rua-marques-de-abrantes-bairro-baraunas-feira-de-santana-foto-ney-silva-acorda-cidade-07.webp\"><\/p>\n<figure class=\"wp-caption alignnone img-fluid\"><img loading=\"lazy\" decoding=\"async\" width=\"960\" height=\"720\" src=\"http:\/\/noticiasbahia360.com.br\/wp-content\/uploads\/2025\/06\/ygyLT6tE-acumulo-lixo-lixao-rua-marques-de-abrantes-bairro-baraunas-feira-de-santana-foto-ney-silva-acorda-cidade-07.webp\" class=\"aspect-16x9 w-100 h-auto fit-cover not-transparent\" alt=\"Foto: Ney Silva \/ Acorda Cidade \" title=\"Foto: Ney Silva \/ Acorda Cidade \" srcset=\"http:\/\/noticiasbahia360.com.br\/wp-content\/uploads\/2025\/06\/ygyLT6tE-acumulo-lixo-lixao-rua-marques-de-abrantes-bairro-baraunas-feira-de-santana-foto-ney-silva-acorda-cidade-07.webp 1200w\" sizes=\"100vw\" data-has-transparency=\"false\" data-dominant-color=\"666564\" style=\"--dominant-color: #666564;\"><figcaption class=\"wp-caption-text\">Foto: Ney Silva \/ Acorda Cidade <\/figcaption><\/figure>\n<p>\t\t\t\t\t<\/a>\n\t\t\t\t<\/div>\n<\/p><\/div>\n<div class=\"swiper-controls position-absolute inset d-flex justify-content-between align-items-center \">\n\t\t\t<button class=\"section-control-left z-index-1 d-flex justify-content-center align-items-center text-white shadow-2 w-24 h-24 rounded-circle m-2\" title=\"Voltar\"><br \/>\n\t\t\t\t<svg width=\"8\" height=\"14\" viewbox=\"0 0 8 14\" fill=\"none\" xmlns=\"http:\/\/www.w3.org\/2000\/svg\">\n\t\t\t\t\t<path fill-rule=\"evenodd\" clip-rule=\"evenodd\" d=\"M5.94597 1.06939C6.32185 0.693506 6.93127 0.693506 7.30715 1.06939C7.68303 1.44526 7.68303 2.05469 7.30715 2.43057L2.73774 6.99997L7.30715 11.5694C7.68303 11.9453 7.68303 12.5547 7.30715 12.9306C6.93127 13.3064 6.32185 13.3064 5.94597 12.9306L0.695972 7.68057C0.320093 7.30469 0.320093 6.69526 0.695972 6.31938L5.94597 1.06939Z\" fill=\"currentColor\"><\/path>\n\t\t\t\t<\/svg><br \/>\n\t\t\t<\/button><br \/>\n\t\t\t<button class=\"section-control-right z-index-1 d-flex justify-content-center align-items-center text-white shadow-2 w-24 h-24 rounded-circle m-2\" title=\"Avan\u00e7ar\"><br \/>\n\t\t\t\t<svg width=\"8\" height=\"14\" viewbox=\"0 0 8 14\" fill=\"none\" xmlns=\"http:\/\/www.w3.org\/2000\/svg\">\n\t\t\t\t\t<path fill-rule=\"evenodd\" clip-rule=\"evenodd\" d=\"M0.695972 1.06939C1.07185 0.693506 1.68127 0.693506 2.05715 1.06939L7.30715 6.31938C7.68303 6.69526 7.68303 7.30469 7.30715 7.68057L2.05715 12.9306C1.68127 13.3064 1.07185 13.3064 0.695972 12.9306C0.320094 12.5547 0.320093 11.9453 0.695972 11.5694L5.26538 6.99997L0.695972 2.43057C0.320093 2.05469 0.320093 1.44526 0.695972 1.06939Z\" fill=\"currentColor\"><\/path>\n\t\t\t\t<\/svg><br \/>\n\t\t\t<\/button>\n\t\t<\/div>\n<div class=\"swiper-pagination empty:d-none\"><\/div>\n<div class=\"swiper-skeleton g-col-12 grid lg:d-flex gap-3 justify-content-between\">\n<div class=\"d-flex flex-column gap-2 g-col-12 lg:w-100\">\n<div class=\"skeleton-element aspect-16x9 lg:w-100 h-auto rounded-1\"><\/div>\n<\/p><\/div>\n<\/p><\/div>\n<\/p><\/div>\n<\/div>\n<\/div>\n<\/div>\n<div class=\"wp-block-group\">\n<div class=\"wp-block-group__inner-container is-layout-constrained wp-block-group-is-layout-constrained\">\n<p><em>Com informa\u00e7\u00f5es do rep\u00f3rter Ney Silva do Acorda Cidade <\/em><\/p>\n<p><em>Reportagem escrita pelo estagi\u00e1rio de jornalismo Jefferson Ara\u00fajo sob supervis\u00e3o do jornalista Gabriel Gon\u00e7alves<\/em><\/p>\n<p><em>Siga o Acorda Cidade no<\/em><a href=\"https:\/\/news.google.com\/search?q=acorda%20cidade&amp;hl=pt-BR&amp;gl=BR&amp;ceid=BR%3Apt-419\"><strong><em>\u00a0Google Not\u00edcias<\/em><\/strong><\/a><em>\u00a0e receba os principais destaques do dia. Participe tamb\u00e9m dos nossos grupos no\u00a0<\/em><a href=\"https:\/\/chat.whatsapp.com\/GmuB0n1C0zz4wBRYfRDft2\"><strong><em>WhatsApp<\/em><\/strong><\/a><em>\u00a0e\u00a0<\/em><a href=\"https:\/\/t.me\/+sSz0khrgARA0ZmRh\"><strong><em>Telegram<\/em><\/strong><\/a><\/p>\n<\/div>\n<\/div>\n<\/div>\n","protected":false},"excerpt":{"rendered":"<div>\n<div>\n<figure><img decoding=\"async\" src=\"https:\/\/uploads.acordacidade.com.br\/2025\/06\/teresa-paixao-acumulo-lixo-lixao-rua-marques-de-abrantes-bairro-baraunas-feira-de-santana-foto-ney-silva-acorda-cidade-06.jpg\" alt=\"bara\u00fanas\"><figcaption>Foto: Ney Silva \/ Acorda Cidade <\/figcaption><\/figure>\n<\/div>\n<p>Al\u00e9m de impedir a circula\u00e7\u00e3o dos pedestres, por conta do lixo na cal\u00e7ada, o problema ainda representa risco para a sa\u00fade dos moradores.<\/p><\/div>\n","protected":false},"author":1,"featured_media":90881,"comment_status":"closed","ping_status":"closed","sticky":false,"template":"","format":"gallery","meta":{"footnotes":""},"categories":[8,9,6,57,56,10],"tags":[],"class_list":["post-90880","post","type-post","status-publish","format-gallery","has-post-thumbnail","hentry","category-bahia","category-brasil","category-feira-de-santana","category-mundo","category-policia","category-politica","post_format-post-format-gallery"],"featured_image_urls":{"full":["https:\/\/noticiasbahia360.com.br\/wp-content\/uploads\/2025\/06\/teresa-paixao-acumulo-lixo-lixao-rua-marques-de-abrantes-bairro-baraunas-feira-de-santana-foto-ney-silva-acorda-cidade-06.jpg",1200,900,false],"thumbnail":["https:\/\/noticiasbahia360.com.br\/wp-content\/uploads\/2025\/06\/teresa-paixao-acumulo-lixo-lixao-rua-marques-de-abrantes-bairro-baraunas-feira-de-santana-foto-ney-silva-acorda-cidade-06-150x150.jpg",150,150,true],"medium":["https:\/\/noticiasbahia360.com.br\/wp-content\/uploads\/2025\/06\/teresa-paixao-acumulo-lixo-lixao-rua-marques-de-abrantes-bairro-baraunas-feira-de-santana-foto-ney-silva-acorda-cidade-06-300x225.jpg",300,225,true],"medium_large":["https:\/\/noticiasbahia360.com.br\/wp-content\/uploads\/2025\/06\/teresa-paixao-acumulo-lixo-lixao-rua-marques-de-abrantes-bairro-baraunas-feira-de-santana-foto-ney-silva-acorda-cidade-06-768x576.jpg",640,480,true],"large":["https:\/\/noticiasbahia360.com.br\/wp-content\/uploads\/2025\/06\/teresa-paixao-acumulo-lixo-lixao-rua-marques-de-abrantes-bairro-baraunas-feira-de-santana-foto-ney-silva-acorda-cidade-06-1024x768.jpg",640,480,true],"1536x1536":["https:\/\/noticiasbahia360.com.br\/wp-content\/uploads\/2025\/06\/teresa-paixao-acumulo-lixo-lixao-rua-marques-de-abrantes-bairro-baraunas-feira-de-santana-foto-ney-silva-acorda-cidade-06.jpg",1200,900,false],"2048x2048":["https:\/\/noticiasbahia360.com.br\/wp-content\/uploads\/2025\/06\/teresa-paixao-acumulo-lixo-lixao-rua-marques-de-abrantes-bairro-baraunas-feira-de-santana-foto-ney-silva-acorda-cidade-06.jpg",1200,900,false],"chromenews-featured":["https:\/\/noticiasbahia360.com.br\/wp-content\/uploads\/2025\/06\/teresa-paixao-acumulo-lixo-lixao-rua-marques-de-abrantes-bairro-baraunas-feira-de-santana-foto-ney-silva-acorda-cidade-06-1024x768.jpg",1024,768,true],"chromenews-large":["https:\/\/noticiasbahia360.com.br\/wp-content\/uploads\/2025\/06\/teresa-paixao-acumulo-lixo-lixao-rua-marques-de-abrantes-bairro-baraunas-feira-de-santana-foto-ney-silva-acorda-cidade-06-825x575.jpg",825,575,true],"chromenews-medium":["https:\/\/noticiasbahia360.com.br\/wp-content\/uploads\/2025\/06\/teresa-paixao-acumulo-lixo-lixao-rua-marques-de-abrantes-bairro-baraunas-feira-de-santana-foto-ney-silva-acorda-cidade-06-590x410.jpg",590,410,true]},"author_info":{"display_name":"noticiasbahia360.com.br","author_link":"https:\/\/noticiasbahia360.com.br\/?author=1"},"category_info":"<a href=\"https:\/\/noticiasbahia360.com.br\/?cat=8\" rel=\"category\">Bahia<\/a> <a href=\"https:\/\/noticiasbahia360.com.br\/?cat=9\" rel=\"category\">Brasil<\/a> <a href=\"https:\/\/noticiasbahia360.com.br\/?cat=6\" rel=\"category\">Feira de Santana<\/a> <a href=\"https:\/\/noticiasbahia360.com.br\/?cat=57\" rel=\"category\">Mundo<\/a> <a href=\"https:\/\/noticiasbahia360.com.br\/?cat=56\" rel=\"category\">Pol\u00edcia<\/a> <a href=\"https:\/\/noticiasbahia360.com.br\/?cat=10\" rel=\"category\">Pol\u00edtica<\/a>","tag_info":"Pol\u00edtica","comment_count":"0","_links":{"self":[{"href":"https:\/\/noticiasbahia360.com.br\/index.php?rest_route=\/wp\/v2\/posts\/90880","targetHints":{"allow":["GET"]}}],"collection":[{"href":"https:\/\/noticiasbahia360.com.br\/index.php?rest_route=\/wp\/v2\/posts"}],"about":[{"href":"https:\/\/noticiasbahia360.com.br\/index.php?rest_route=\/wp\/v2\/types\/post"}],"author":[{"embeddable":true,"href":"https:\/\/noticiasbahia360.com.br\/index.php?rest_route=\/wp\/v2\/users\/1"}],"replies":[{"embeddable":true,"href":"https:\/\/noticiasbahia360.com.br\/index.php?rest_route=%2Fwp%2Fv2%2Fcomments&post=90880"}],"version-history":[{"count":0,"href":"https:\/\/noticiasbahia360.com.br\/index.php?rest_route=\/wp\/v2\/posts\/90880\/revisions"}],"wp:featuredmedia":[{"embeddable":true,"href":"https:\/\/noticiasbahia360.com.br\/index.php?rest_route=\/wp\/v2\/media\/90881"}],"wp:attachment":[{"href":"https:\/\/noticiasbahia360.com.br\/index.php?rest_route=%2Fwp%2Fv2%2Fmedia&parent=90880"}],"wp:term":[{"taxonomy":"category","embeddable":true,"href":"https:\/\/noticiasbahia360.com.br\/index.php?rest_route=%2Fwp%2Fv2%2Fcategories&post=90880"},{"taxonomy":"post_tag","embeddable":true,"href":"https:\/\/noticiasbahia360.com.br\/index.php?rest_route=%2Fwp%2Fv2%2Ftags&post=90880"}],"curies":[{"name":"wp","href":"https:\/\/api.w.org\/{rel}","templated":true}]}}