{"id":90890,"date":"2025-06-23T18:09:41","date_gmt":"2025-06-23T21:09:41","guid":{"rendered":"https:\/\/noticiasbahia360.com.br\/?p=90890"},"modified":"2025-06-23T18:09:41","modified_gmt":"2025-06-23T21:09:41","slug":"prefeitura-de-macaubas-sanciona-lei-para-controle-e-protecao-de-caes-e-gatos-no-municipio","status":"publish","type":"post","link":"https:\/\/noticiasbahia360.com.br\/?p=90890","title":{"rendered":"Prefeitura de Maca\u00fabas sanciona lei para controle e prote\u00e7\u00e3o de c\u00e3es e gatos no munic\u00edpio"},"content":{"rendered":"<div>\n<div>\n<figure><img decoding=\"async\" src=\"http:\/\/noticiasbahia360.com.br\/wp-content\/uploads\/2025\/06\/Prefeitura-de-Macaubas-sanciona-lei-para-controle-e-protecao-de-caes-e-gatos-no-municipio.jpg\" alt=\"Prefeitura de Maca\u00fabas sanciona lei para controle e prote\u00e7\u00e3o de c\u00e3es e gatos no munic\u00edpio\"><figcaption>Foto: Lay Amorim\/Achei Sudoeste<\/figcaption><\/figure>\n<\/div>\n<p>A Prefeitura de Maca\u00fabas anunciou, por meio do Di\u00e1rio Oficial, a Lei n\u00ba 869\/2025, que regulamenta o controle de natalidade, medidas de prote\u00e7\u00e3o, identifica\u00e7\u00e3o e controle populacional de c\u00e3es e gatos no munic\u00edpio. A iniciativa se baseia na Lei Federal n\u00ba 13.426\/2017, que estabelece diretrizes para garantir o bem-estar <a href=\"https:\/\/www.acordacidade.com.br\/tag\/animal-de-estimacao\/\">animal<\/a>, a preven\u00e7\u00e3o de zoonoses e a promo\u00e7\u00e3o de campanhas educacionais e de <a href=\"https:\/\/www.acordacidade.com.br\/tag\/adocao\/\">ado\u00e7\u00e3o<\/a>.<\/p>\n<h2 class=\"wp-block-heading\" id=\"h-a-nova-legislacao-tem-como-principais-objetivos\">A nova legisla\u00e7\u00e3o tem como principais objetivos:<\/h2>\n<ul class=\"wp-block-list\">\n<li>Melhorar a qualidade do meio ambiente, assegurando um conv\u00edvio saud\u00e1vel e seguro entre animais e a <a href=\"https:\/\/www.acordacidade.com.br\/tag\/populacao\/\">popula\u00e7\u00e3o<\/a>;<\/li>\n<li>Elevar o n\u00edvel de cuidados com c\u00e3es e gatos, reduzindo as taxas de abandono, natalidade, morbidade e mortalidade;<\/li>\n<li>Promover a participa\u00e7\u00e3o da comunidade em a\u00e7\u00f5es de sa\u00fade e vigil\u00e2ncia sanit\u00e1ria;<\/li>\n<li>Combater <a href=\"https:\/\/www.acordacidade.com.br\/tag\/maus-tratos\/\">maus-tratos<\/a> e abusos contra animais;<\/li>\n<li>Resgatar e recuperar animais v\u00edtimas de crueldade e em situa\u00e7\u00e3o de risco.<\/li>\n<\/ul>\n<h2 class=\"wp-block-heading\" id=\"h-triagem-e-esterilizacao-dos-animais\">Triagem e esteriliza\u00e7\u00e3o dos animais<\/h2>\n<p>De acordo com os crit\u00e9rios da lei, a Secretaria de Sa\u00fade e\/ou de Meio Ambiente ser\u00e1 respons\u00e1vel por realizar a triagem e a identifica\u00e7\u00e3o dos animais que passar\u00e3o pelo processo de esteriliza\u00e7\u00e3o cir\u00fargica. Esse procedimento tamb\u00e9m incluir\u00e1 uma qualifica\u00e7\u00e3o dos propriet\u00e1rios, no caso de animais domiciliados.<\/p>\n<p>Segundo o site Achei Sudoeste, parceiro do Acorda Cidade, os tutores interessados em submeter seus animais \u00e0 esteriliza\u00e7\u00e3o dever\u00e3o preencher uma ficha de <a href=\"https:\/\/www.acordacidade.com.br\/tag\/inscricao\/\">inscri\u00e7\u00e3o <\/a>fornecida pelo munic\u00edpio. J\u00e1 os animais em situa\u00e7\u00e3o de rua ser\u00e3o identificados e triados para esteriliza\u00e7\u00e3o com o aux\u00edlio de protetores e tutores volunt\u00e1rios reconhecidamente engajados em trabalhos de prote\u00e7\u00e3o animal na cidade.<\/p>\n<h2 class=\"wp-block-heading\" id=\"h-campanhas-de-conscientizacao-e-adocao-responsavel\">Campanhas de conscientiza\u00e7\u00e3o e ado\u00e7\u00e3o respons\u00e1vel<\/h2>\n<p>A Prefeitura tamb\u00e9m se comprometeu a realizar campanhas educativas voltadas para a popula\u00e7\u00e3o, com o objetivo de conscientizar sobre a posse respons\u00e1vel de animais e incentivar a ado\u00e7\u00e3o de c\u00e3es e gatos. Essas medidas visam reduzir o n\u00famero de abandonos e garantir o bem-estar dos animais, al\u00e9m de refor\u00e7ar a import\u00e2ncia da responsabilidade e do respeito \u00e0 vida animal.<\/p>\n<p><em>Siga o Acorda Cidade no<\/em><a href=\"https:\/\/news.google.com\/search?q=acorda%20cidade&amp;hl=pt-BR&amp;gl=BR&amp;ceid=BR%3Apt-419\"><strong><em>\u00a0Google Not\u00edcias<\/em><\/strong><\/a><em>\u00a0e receba os principais destaques do dia. Participe tamb\u00e9m dos nossos canais no\u00a0<\/em><a href=\"https:\/\/whatsapp.com\/channel\/0029Va6Rb4v3WHTNnsh8WI3N\"><strong><em>WhatsApp<\/em><\/strong><\/a><em>\u00a0e\u00a0<\/em><a href=\"https:\/\/www.youtube.com\/@acordacidadenoticias\/videos\"><strong>Youtube<\/strong><\/a><em>\u00a0e grupo de\u00a0<\/em><a href=\"https:\/\/t.me\/+sSz0khrgARA0ZmRh\"><strong><em>Telegram<\/em><\/strong><\/a><em>.<\/em><\/p>\n<\/div>\n","protected":false},"excerpt":{"rendered":"<div>\n<div>\n<figure><img decoding=\"async\" src=\"https:\/\/uploads.acordacidade.com.br\/2025\/06\/Prefeitura-de-Macaubas-sanciona-lei-para-controle-e-protecao-de-caes-e-gatos-no-municipio.jpg\" alt=\"Prefeitura de Maca\u00fabas sanciona lei para controle e prote\u00e7\u00e3o de c\u00e3es e gatos no munic\u00edpio\"><figcaption>Foto: Lay Amorim\/Achei Sudoeste<\/figcaption><\/figure>\n<\/div>\n<p>Os tutores interessados em submeter seus animais \u00e0 esteriliza\u00e7\u00e3o dever\u00e3o preencher uma ficha de inscri\u00e7\u00e3o fornecida pelo munic\u00edpio.<\/p><\/div>\n","protected":false},"author":1,"featured_media":90891,"comment_status":"closed","ping_status":"closed","sticky":false,"template":"","format":"gallery","meta":{"footnotes":""},"categories":[8,9,6,57,56,10],"tags":[],"class_list":["post-90890","post","type-post","status-publish","format-gallery","has-post-thumbnail","hentry","category-bahia","category-brasil","category-feira-de-santana","category-mundo","category-policia","category-politica","post_format-post-format-gallery"],"featured_image_urls":{"full":["https:\/\/noticiasbahia360.com.br\/wp-content\/uploads\/2025\/06\/Prefeitura-de-Macaubas-sanciona-lei-para-controle-e-protecao-de-caes-e-gatos-no-municipio.jpg",1200,800,false],"thumbnail":["https:\/\/noticiasbahia360.com.br\/wp-content\/uploads\/2025\/06\/Prefeitura-de-Macaubas-sanciona-lei-para-controle-e-protecao-de-caes-e-gatos-no-municipio-150x150.jpg",150,150,true],"medium":["https:\/\/noticiasbahia360.com.br\/wp-content\/uploads\/2025\/06\/Prefeitura-de-Macaubas-sanciona-lei-para-controle-e-protecao-de-caes-e-gatos-no-municipio-300x200.jpg",300,200,true],"medium_large":["https:\/\/noticiasbahia360.com.br\/wp-content\/uploads\/2025\/06\/Prefeitura-de-Macaubas-sanciona-lei-para-controle-e-protecao-de-caes-e-gatos-no-municipio-768x512.jpg",640,427,true],"large":["https:\/\/noticiasbahia360.com.br\/wp-content\/uploads\/2025\/06\/Prefeitura-de-Macaubas-sanciona-lei-para-controle-e-protecao-de-caes-e-gatos-no-municipio-1024x683.jpg",640,427,true],"1536x1536":["https:\/\/noticiasbahia360.com.br\/wp-content\/uploads\/2025\/06\/Prefeitura-de-Macaubas-sanciona-lei-para-controle-e-protecao-de-caes-e-gatos-no-municipio.jpg",1200,800,false],"2048x2048":["https:\/\/noticiasbahia360.com.br\/wp-content\/uploads\/2025\/06\/Prefeitura-de-Macaubas-sanciona-lei-para-controle-e-protecao-de-caes-e-gatos-no-municipio.jpg",1200,800,false],"chromenews-featured":["https:\/\/noticiasbahia360.com.br\/wp-content\/uploads\/2025\/06\/Prefeitura-de-Macaubas-sanciona-lei-para-controle-e-protecao-de-caes-e-gatos-no-municipio-1024x683.jpg",1024,683,true],"chromenews-large":["https:\/\/noticiasbahia360.com.br\/wp-content\/uploads\/2025\/06\/Prefeitura-de-Macaubas-sanciona-lei-para-controle-e-protecao-de-caes-e-gatos-no-municipio-825x575.jpg",825,575,true],"chromenews-medium":["https:\/\/noticiasbahia360.com.br\/wp-content\/uploads\/2025\/06\/Prefeitura-de-Macaubas-sanciona-lei-para-controle-e-protecao-de-caes-e-gatos-no-municipio-590x410.jpg",590,410,true]},"author_info":{"display_name":"noticiasbahia360.com.br","author_link":"https:\/\/noticiasbahia360.com.br\/?author=1"},"category_info":"<a href=\"https:\/\/noticiasbahia360.com.br\/?cat=8\" rel=\"category\">Bahia<\/a> <a href=\"https:\/\/noticiasbahia360.com.br\/?cat=9\" rel=\"category\">Brasil<\/a> <a href=\"https:\/\/noticiasbahia360.com.br\/?cat=6\" rel=\"category\">Feira de Santana<\/a> <a href=\"https:\/\/noticiasbahia360.com.br\/?cat=57\" rel=\"category\">Mundo<\/a> <a href=\"https:\/\/noticiasbahia360.com.br\/?cat=56\" rel=\"category\">Pol\u00edcia<\/a> <a href=\"https:\/\/noticiasbahia360.com.br\/?cat=10\" rel=\"category\">Pol\u00edtica<\/a>","tag_info":"Pol\u00edtica","comment_count":"0","_links":{"self":[{"href":"https:\/\/noticiasbahia360.com.br\/index.php?rest_route=\/wp\/v2\/posts\/90890","targetHints":{"allow":["GET"]}}],"collection":[{"href":"https:\/\/noticiasbahia360.com.br\/index.php?rest_route=\/wp\/v2\/posts"}],"about":[{"href":"https:\/\/noticiasbahia360.com.br\/index.php?rest_route=\/wp\/v2\/types\/post"}],"author":[{"embeddable":true,"href":"https:\/\/noticiasbahia360.com.br\/index.php?rest_route=\/wp\/v2\/users\/1"}],"replies":[{"embeddable":true,"href":"https:\/\/noticiasbahia360.com.br\/index.php?rest_route=%2Fwp%2Fv2%2Fcomments&post=90890"}],"version-history":[{"count":0,"href":"https:\/\/noticiasbahia360.com.br\/index.php?rest_route=\/wp\/v2\/posts\/90890\/revisions"}],"wp:featuredmedia":[{"embeddable":true,"href":"https:\/\/noticiasbahia360.com.br\/index.php?rest_route=\/wp\/v2\/media\/90891"}],"wp:attachment":[{"href":"https:\/\/noticiasbahia360.com.br\/index.php?rest_route=%2Fwp%2Fv2%2Fmedia&parent=90890"}],"wp:term":[{"taxonomy":"category","embeddable":true,"href":"https:\/\/noticiasbahia360.com.br\/index.php?rest_route=%2Fwp%2Fv2%2Fcategories&post=90890"},{"taxonomy":"post_tag","embeddable":true,"href":"https:\/\/noticiasbahia360.com.br\/index.php?rest_route=%2Fwp%2Fv2%2Ftags&post=90890"}],"curies":[{"name":"wp","href":"https:\/\/api.w.org\/{rel}","templated":true}]}}