{"id":90892,"date":"2025-06-23T18:49:48","date_gmt":"2025-06-23T21:49:48","guid":{"rendered":"https:\/\/noticiasbahia360.com.br\/?p=90892"},"modified":"2025-06-23T18:49:48","modified_gmt":"2025-06-23T21:49:48","slug":"lula-assina-decreto-que-cria-premio-nacional-da-educacao","status":"publish","type":"post","link":"https:\/\/noticiasbahia360.com.br\/?p=90892","title":{"rendered":"Lula assina decreto que cria Pr\u00eamio Nacional da Educa\u00e7\u00e3o"},"content":{"rendered":"<div>\n<div>\n<figure><img decoding=\"async\" src=\"http:\/\/noticiasbahia360.com.br\/wp-content\/uploads\/2025\/06\/Lula-assina-decreto-que-cria-Premio-Nacional-da-Educacao.jpg\" alt=\"Lula assina decreto que cria Pr\u00eamio Nacional da Educa\u00e7\u00e3o\"><figcaption>Foto:  T\u00e2nia R\u00eago<\/figcaption><\/figure>\n<\/div>\n<p>Ag\u00eancia Brasil \u2013 O presidente Luiz In\u00e1cio Lula da Silva assinou nesta segunda-feira (23) um decreto que cria o Pr\u00eamio Nacional da Educa\u00e7\u00e3o para reconhecer os esfor\u00e7os das redes municipais para melhorar a qualidade da educa\u00e7\u00e3o b\u00e1sica. O an\u00fancio foi feito durante reuni\u00e3o com o ministro da <a href=\"https:\/\/www.acordacidade.com.br\/educacao\/\">Educa\u00e7\u00e3o<\/a>, Camilo Santana, no Pal\u00e1cio do Planalto.<\/p>\n<p>\u201cO objetivo \u00e9 premiar as cidades e estados que atingirem as metas de creches, alfabetiza\u00e7\u00e3o de <a href=\"https:\/\/www.acordacidade.com.br\/tag\/criancas\/\">crian\u00e7as<\/a>, escolas em tempo integral e <a href=\"https:\/\/www.acordacidade.com.br\/tag\/ensino-tecnico\/\">ensino t\u00e9cnico<\/a> profissionalizante\u201d, escreveu o presidente em postagem nas redes sociais.<\/p>\n<p>\u201cAcreditamos que uma educa\u00e7\u00e3o p\u00fablica de qualidade exige atua\u00e7\u00e3o conjunta do governo federal, estados e munic\u00edpios. E \u00e9 para isso que estamos trabalhando\u201d, acrescentou Lula.<\/p>\n<p>Os detalhes sobre o pr\u00eamio n\u00e3o foram informados, mas, segundo Camilo Santana, deve ser concedido a estudantes, <a href=\"https:\/\/www.acordacidade.com.br\/tag\/professores\/\">professores<\/a>, gestores, prefeitos e outras autoridades respons\u00e1veis por projetos educacionais. O decreto ainda ser\u00e1 publicado no Di\u00e1rio Oficial da Uni\u00e3o (DOU). A data da premia\u00e7\u00e3o est\u00e1 prevista para o dia 11 de agosto, Dia Nacional do Estudante.<\/p>\n<p><em>Siga o Acorda Cidade no<\/em><a href=\"https:\/\/news.google.com\/search?q=acorda%20cidade&amp;hl=pt-BR&amp;gl=BR&amp;ceid=BR%3Apt-419\"><strong><em>\u00a0Google Not\u00edcias<\/em><\/strong><\/a><em>\u00a0e receba os principais destaques do dia. Participe tamb\u00e9m dos nossos grupos no\u00a0<\/em><a href=\"https:\/\/chat.whatsapp.com\/GmuB0n1C0zz4wBRYfRDft2\"><strong><em>WhatsApp<\/em><\/strong><\/a><em>\u00a0e\u00a0<\/em><a href=\"https:\/\/t.me\/+sSz0khrgARA0ZmRh\"><strong><em>Telegram<\/em><\/strong><\/a><\/p>\n<\/div>\n","protected":false},"excerpt":{"rendered":"<div>\n<div>\n<figure><img decoding=\"async\" src=\"https:\/\/uploads.acordacidade.com.br\/2025\/06\/Lula-assina-decreto-que-cria-Premio-Nacional-da-Educacao.jpg\" alt=\"Lula assina decreto que cria Pr\u00eamio Nacional da Educa\u00e7\u00e3o\"><figcaption>Foto:  T\u00e2nia R\u00eago<\/figcaption><\/figure>\n<\/div>\n<p>Objetivo \u00e9 reconhecer cidades e estados que alcan\u00e7arem metas<\/p><\/div>\n","protected":false},"author":1,"featured_media":90893,"comment_status":"closed","ping_status":"closed","sticky":false,"template":"","format":"gallery","meta":{"footnotes":""},"categories":[8,9,6,57,56,10],"tags":[],"class_list":["post-90892","post","type-post","status-publish","format-gallery","has-post-thumbnail","hentry","category-bahia","category-brasil","category-feira-de-santana","category-mundo","category-policia","category-politica","post_format-post-format-gallery"],"featured_image_urls":{"full":["https:\/\/noticiasbahia360.com.br\/wp-content\/uploads\/2025\/06\/Lula-assina-decreto-que-cria-Premio-Nacional-da-Educacao.jpg",1200,718,false],"thumbnail":["https:\/\/noticiasbahia360.com.br\/wp-content\/uploads\/2025\/06\/Lula-assina-decreto-que-cria-Premio-Nacional-da-Educacao-150x150.jpg",150,150,true],"medium":["https:\/\/noticiasbahia360.com.br\/wp-content\/uploads\/2025\/06\/Lula-assina-decreto-que-cria-Premio-Nacional-da-Educacao-300x180.jpg",300,180,true],"medium_large":["https:\/\/noticiasbahia360.com.br\/wp-content\/uploads\/2025\/06\/Lula-assina-decreto-que-cria-Premio-Nacional-da-Educacao-768x460.jpg",640,383,true],"large":["https:\/\/noticiasbahia360.com.br\/wp-content\/uploads\/2025\/06\/Lula-assina-decreto-que-cria-Premio-Nacional-da-Educacao-1024x613.jpg",640,383,true],"1536x1536":["https:\/\/noticiasbahia360.com.br\/wp-content\/uploads\/2025\/06\/Lula-assina-decreto-que-cria-Premio-Nacional-da-Educacao.jpg",1200,718,false],"2048x2048":["https:\/\/noticiasbahia360.com.br\/wp-content\/uploads\/2025\/06\/Lula-assina-decreto-que-cria-Premio-Nacional-da-Educacao.jpg",1200,718,false],"chromenews-featured":["https:\/\/noticiasbahia360.com.br\/wp-content\/uploads\/2025\/06\/Lula-assina-decreto-que-cria-Premio-Nacional-da-Educacao-1024x613.jpg",1024,613,true],"chromenews-large":["https:\/\/noticiasbahia360.com.br\/wp-content\/uploads\/2025\/06\/Lula-assina-decreto-que-cria-Premio-Nacional-da-Educacao-825x575.jpg",825,575,true],"chromenews-medium":["https:\/\/noticiasbahia360.com.br\/wp-content\/uploads\/2025\/06\/Lula-assina-decreto-que-cria-Premio-Nacional-da-Educacao-590x410.jpg",590,410,true]},"author_info":{"display_name":"noticiasbahia360.com.br","author_link":"https:\/\/noticiasbahia360.com.br\/?author=1"},"category_info":"<a href=\"https:\/\/noticiasbahia360.com.br\/?cat=8\" rel=\"category\">Bahia<\/a> <a href=\"https:\/\/noticiasbahia360.com.br\/?cat=9\" rel=\"category\">Brasil<\/a> <a href=\"https:\/\/noticiasbahia360.com.br\/?cat=6\" rel=\"category\">Feira de Santana<\/a> <a href=\"https:\/\/noticiasbahia360.com.br\/?cat=57\" rel=\"category\">Mundo<\/a> <a href=\"https:\/\/noticiasbahia360.com.br\/?cat=56\" rel=\"category\">Pol\u00edcia<\/a> <a href=\"https:\/\/noticiasbahia360.com.br\/?cat=10\" rel=\"category\">Pol\u00edtica<\/a>","tag_info":"Pol\u00edtica","comment_count":"0","_links":{"self":[{"href":"https:\/\/noticiasbahia360.com.br\/index.php?rest_route=\/wp\/v2\/posts\/90892","targetHints":{"allow":["GET"]}}],"collection":[{"href":"https:\/\/noticiasbahia360.com.br\/index.php?rest_route=\/wp\/v2\/posts"}],"about":[{"href":"https:\/\/noticiasbahia360.com.br\/index.php?rest_route=\/wp\/v2\/types\/post"}],"author":[{"embeddable":true,"href":"https:\/\/noticiasbahia360.com.br\/index.php?rest_route=\/wp\/v2\/users\/1"}],"replies":[{"embeddable":true,"href":"https:\/\/noticiasbahia360.com.br\/index.php?rest_route=%2Fwp%2Fv2%2Fcomments&post=90892"}],"version-history":[{"count":0,"href":"https:\/\/noticiasbahia360.com.br\/index.php?rest_route=\/wp\/v2\/posts\/90892\/revisions"}],"wp:featuredmedia":[{"embeddable":true,"href":"https:\/\/noticiasbahia360.com.br\/index.php?rest_route=\/wp\/v2\/media\/90893"}],"wp:attachment":[{"href":"https:\/\/noticiasbahia360.com.br\/index.php?rest_route=%2Fwp%2Fv2%2Fmedia&parent=90892"}],"wp:term":[{"taxonomy":"category","embeddable":true,"href":"https:\/\/noticiasbahia360.com.br\/index.php?rest_route=%2Fwp%2Fv2%2Fcategories&post=90892"},{"taxonomy":"post_tag","embeddable":true,"href":"https:\/\/noticiasbahia360.com.br\/index.php?rest_route=%2Fwp%2Fv2%2Ftags&post=90892"}],"curies":[{"name":"wp","href":"https:\/\/api.w.org\/{rel}","templated":true}]}}