{"id":90894,"date":"2025-06-23T18:59:38","date_gmt":"2025-06-23T21:59:38","guid":{"rendered":"https:\/\/noticiasbahia360.com.br\/?p=90894"},"modified":"2025-06-23T18:59:38","modified_gmt":"2025-06-23T21:59:38","slug":"defesa-de-bolsonaro-quer-acompanhar-acareacao-entre-cid-e-braga-netto","status":"publish","type":"post","link":"https:\/\/noticiasbahia360.com.br\/?p=90894","title":{"rendered":"Defesa de Bolsonaro quer acompanhar acarea\u00e7\u00e3o entre Cid e Braga Netto"},"content":{"rendered":"<div>\n<div>\n<figure><img decoding=\"async\" src=\"http:\/\/noticiasbahia360.com.br\/wp-content\/uploads\/2025\/06\/bolsonaro-2.jpeg\" alt=\"Bolsonaro\"><figcaption>Foto: Valter Camponato\/Ag\u00eancia Brasil<\/figcaption><\/figure>\n<\/div>\n<p>Ag\u00eancia Brasil \u2013 A defesa do ex-presidente Jair Bolsonaro pediu autoriza\u00e7\u00e3o para acompanhar a audi\u00eancia presencial de acarea\u00e7\u00e3o entre <a href=\"https:\/\/www.acordacidade.com.br\/tag\/mauro-cid\/\">Mauro Cid<\/a>, ex-ajudante de ordens, e o general <a href=\"https:\/\/www.acordacidade.com.br\/tag\/braga-netto\/\">Braga Netto<\/a>, que ser\u00e1 realizada nesta ter\u00e7a-feira (24), \u00e0s 10h, no Supremo Tribunal Federal (STF), na a\u00e7\u00e3o penal da trama golpista.<\/p>\n<p>Na peti\u00e7\u00e3o enviada ao ministro Alexandre de Moraes, o advogado Celso Vilardi disse que entrou em contato com o cerimonial da Corte e foi informado de que o acesso ser\u00e1 liberado somente aos advogados dos r\u00e9us que ser\u00e3o acareados e n\u00e3o haver\u00e1 nenhum tipo de transmiss\u00e3o.<\/p>\n<p>Diante da informa\u00e7\u00e3o recebida, Vilardi pediu autoriza\u00e7\u00e3o para acompanhar a audi\u00eancia.<\/p>\n<p>\u201cTratando-se de ato de instru\u00e7\u00e3o probat\u00f3ria realizada no \u00e2mbito de a\u00e7\u00e3o penal, requer-se que seja garantido acesso \u00e0 audi\u00eancia ao subscritor da presente peti\u00e7\u00e3o, advogado constitu\u00eddo na presente a\u00e7\u00e3o penal, que ir\u00e1 se deslocar para <a href=\"https:\/\/www.acordacidade.com.br\/tag\/brasilia\/\">Bras\u00edlia <\/a>a fim de acompanhar presencialmente a audi\u00eancia designada\u201d, solicitou a defesa de Bolsonaro.<\/p>\n<p>A acarea\u00e7\u00e3o entre Cid e Braga Netto foi solicitada pela defesa do general. Os advogados sustentam que s\u00e3o necess\u00e1rios esclarecimentos sobre as acusa\u00e7\u00f5es de que Braga Netto discutiu o plano Punhal Verde e Amarelo, planejamento golpista para matar autoridades e que teria entregue a Cid dinheiro em uma sacola de vinho.<\/p>\n<p>Ambos s\u00e3o r\u00e9us na a\u00e7\u00e3o penal da trama golpista. Cid assinou acordo de dela\u00e7\u00e3o premiada com a <a href=\"https:\/\/www.acordacidade.com.br\/tag\/policia-federal\/\">Pol\u00edcia Federal<\/a> (PF) e tamb\u00e9m est\u00e1 na condi\u00e7\u00e3o de delator.<\/p>\n<p>No in\u00edcio deste m\u00eas, Braga Netto foi interrogado por <a href=\"https:\/\/www.acordacidade.com.br\/tag\/alexandre-de-moraes\/\">Alexandre de Moraes<\/a> e negou ter conhecimento do Punhal Verde Amarelo e de ter repassado a Mauro Cid dinheiro dentro de uma sacola de vinho para que fosse entregue a militares que faziam parte do esquadr\u00e3o de elite do Ex\u00e9rcito, chamados de \u201ckids-pretos\u201d.<\/p>\n<p>O general est\u00e1 preso desde dezembro do ano passado sob a acusa\u00e7\u00e3o de obstruir a investiga\u00e7\u00e3o sobre a tentativa de golpe de Estado e tentar obter detalhes dos depoimentos de dela\u00e7\u00e3o de Cid.<\/p>\n<h2 class=\"wp-block-heading\" id=\"h-oura-acareacao\">Oura acarea\u00e7\u00e3o<\/h2>\n<p>Moraes tamb\u00e9m autorizou uma acarea\u00e7\u00e3o entre Anderson Torres, ex-ministro da Justi\u00e7a e ex-secret\u00e1rio de Seguran\u00e7a P\u00fablica do Distrito Federal, e o ex-comandante do Ex\u00e9rcito, general Freire Gomes. A audi\u00eancia ser\u00e1 realizada, \u00e0s 11h, ap\u00f3s a audi\u00eancia entre Cid e Braga Netto. Torres tamb\u00e9m \u00e9 um dos r\u00e9us do n\u00facleo 1 da trama golpista.<\/p>\n<p>Segundo a defesa, a acarea\u00e7\u00e3o \u00e9 necess\u00e1ria para esclarecer contradi\u00e7\u00f5es nos depoimentos do general \u00e0 Pol\u00edcia Federal durante as investiga\u00e7\u00f5es.<\/p>\n<p>Gomes foi ouvido como testemunha e estava na reuni\u00e3o na qual Bolsonaro teria apresentado estudos para sugerir a ades\u00e3o das For\u00e7as Armadas \u00e0 tentativa de golpe, em 2022.<\/p>\n<p><em>Siga o Acorda Cidade no<\/em><a href=\"https:\/\/news.google.com\/search?q=acorda%20cidade&amp;hl=pt-BR&amp;gl=BR&amp;ceid=BR%3Apt-419\"><strong><em>\u00a0Google Not\u00edcias<\/em><\/strong><\/a><em>\u00a0e receba os principais destaques do dia. Participe tamb\u00e9m dos nossos grupos no\u00a0<\/em><a href=\"https:\/\/chat.whatsapp.com\/GmuB0n1C0zz4wBRYfRDft2\"><strong><em>WhatsApp<\/em><\/strong><\/a><em>\u00a0e\u00a0<\/em><a href=\"https:\/\/t.me\/+sSz0khrgARA0ZmRh\"><strong><em>Telegram<\/em><\/strong><\/a><\/p>\n<\/div>\n","protected":false},"excerpt":{"rendered":"<div>\n<div>\n<figure><img decoding=\"async\" src=\"https:\/\/www.acordacidade.com.br\/wp-content\/uploads\/2024\/07\/bolsonaro.jpeg\" alt=\"Bolsonaro\"><figcaption>Foto: Valter Camponato\/Ag\u00eancia Brasil<\/figcaption><\/figure>\n<\/div>\n<p>Ambos s\u00e3o r\u00e9us na a\u00e7\u00e3o penal da trama golpista<\/p><\/div>\n","protected":false},"author":1,"featured_media":90895,"comment_status":"closed","ping_status":"closed","sticky":false,"template":"","format":"gallery","meta":{"footnotes":""},"categories":[8,9,6,57,56,10],"tags":[],"class_list":["post-90894","post","type-post","status-publish","format-gallery","has-post-thumbnail","hentry","category-bahia","category-brasil","category-feira-de-santana","category-mundo","category-policia","category-politica","post_format-post-format-gallery"],"featured_image_urls":{"full":["https:\/\/noticiasbahia360.com.br\/wp-content\/uploads\/2025\/06\/bolsonaro-2.jpeg",640,407,false],"thumbnail":["https:\/\/noticiasbahia360.com.br\/wp-content\/uploads\/2025\/06\/bolsonaro-2-150x150.jpeg",150,150,true],"medium":["https:\/\/noticiasbahia360.com.br\/wp-content\/uploads\/2025\/06\/bolsonaro-2-300x191.jpeg",300,191,true],"medium_large":["https:\/\/noticiasbahia360.com.br\/wp-content\/uploads\/2025\/06\/bolsonaro-2.jpeg",640,407,false],"large":["https:\/\/noticiasbahia360.com.br\/wp-content\/uploads\/2025\/06\/bolsonaro-2.jpeg",640,407,false],"1536x1536":["https:\/\/noticiasbahia360.com.br\/wp-content\/uploads\/2025\/06\/bolsonaro-2.jpeg",640,407,false],"2048x2048":["https:\/\/noticiasbahia360.com.br\/wp-content\/uploads\/2025\/06\/bolsonaro-2.jpeg",640,407,false],"chromenews-featured":["https:\/\/noticiasbahia360.com.br\/wp-content\/uploads\/2025\/06\/bolsonaro-2.jpeg",640,407,false],"chromenews-large":["https:\/\/noticiasbahia360.com.br\/wp-content\/uploads\/2025\/06\/bolsonaro-2.jpeg",640,407,false],"chromenews-medium":["https:\/\/noticiasbahia360.com.br\/wp-content\/uploads\/2025\/06\/bolsonaro-2-590x407.jpeg",590,407,true]},"author_info":{"display_name":"noticiasbahia360.com.br","author_link":"https:\/\/noticiasbahia360.com.br\/?author=1"},"category_info":"<a href=\"https:\/\/noticiasbahia360.com.br\/?cat=8\" rel=\"category\">Bahia<\/a> <a href=\"https:\/\/noticiasbahia360.com.br\/?cat=9\" rel=\"category\">Brasil<\/a> <a href=\"https:\/\/noticiasbahia360.com.br\/?cat=6\" rel=\"category\">Feira de Santana<\/a> <a href=\"https:\/\/noticiasbahia360.com.br\/?cat=57\" rel=\"category\">Mundo<\/a> <a href=\"https:\/\/noticiasbahia360.com.br\/?cat=56\" rel=\"category\">Pol\u00edcia<\/a> <a href=\"https:\/\/noticiasbahia360.com.br\/?cat=10\" rel=\"category\">Pol\u00edtica<\/a>","tag_info":"Pol\u00edtica","comment_count":"0","_links":{"self":[{"href":"https:\/\/noticiasbahia360.com.br\/index.php?rest_route=\/wp\/v2\/posts\/90894","targetHints":{"allow":["GET"]}}],"collection":[{"href":"https:\/\/noticiasbahia360.com.br\/index.php?rest_route=\/wp\/v2\/posts"}],"about":[{"href":"https:\/\/noticiasbahia360.com.br\/index.php?rest_route=\/wp\/v2\/types\/post"}],"author":[{"embeddable":true,"href":"https:\/\/noticiasbahia360.com.br\/index.php?rest_route=\/wp\/v2\/users\/1"}],"replies":[{"embeddable":true,"href":"https:\/\/noticiasbahia360.com.br\/index.php?rest_route=%2Fwp%2Fv2%2Fcomments&post=90894"}],"version-history":[{"count":0,"href":"https:\/\/noticiasbahia360.com.br\/index.php?rest_route=\/wp\/v2\/posts\/90894\/revisions"}],"wp:featuredmedia":[{"embeddable":true,"href":"https:\/\/noticiasbahia360.com.br\/index.php?rest_route=\/wp\/v2\/media\/90895"}],"wp:attachment":[{"href":"https:\/\/noticiasbahia360.com.br\/index.php?rest_route=%2Fwp%2Fv2%2Fmedia&parent=90894"}],"wp:term":[{"taxonomy":"category","embeddable":true,"href":"https:\/\/noticiasbahia360.com.br\/index.php?rest_route=%2Fwp%2Fv2%2Fcategories&post=90894"},{"taxonomy":"post_tag","embeddable":true,"href":"https:\/\/noticiasbahia360.com.br\/index.php?rest_route=%2Fwp%2Fv2%2Ftags&post=90894"}],"curies":[{"name":"wp","href":"https:\/\/api.w.org\/{rel}","templated":true}]}}