{"id":90907,"date":"2025-06-23T20:44:54","date_gmt":"2025-06-23T23:44:54","guid":{"rendered":"https:\/\/noticiasbahia360.com.br\/?p=90907"},"modified":"2025-06-23T20:44:54","modified_gmt":"2025-06-23T23:44:54","slug":"banda-magnificos-explica-motivo-de-cancelamento-de-show-na-bahia","status":"publish","type":"post","link":"https:\/\/noticiasbahia360.com.br\/?p=90907","title":{"rendered":"Banda Magn\u00edficos explica motivo de cancelamento de show na Bahia"},"content":{"rendered":"<div>\n<div>\n<figure><img decoding=\"async\" src=\"http:\/\/noticiasbahia360.com.br\/wp-content\/uploads\/2025\/06\/Banda-Magnificos-foto-reproducao-Facebook-1.jpg\" alt=\"Banda Magn\u00edficos\"><figcaption>Foto: Reprodu\u00e7\u00e3o\/Facebook<\/figcaption><\/figure>\n<\/div>\n<p>A banda Magn\u00edficos se pronunciou nas redes sociais, nesta segunda-feira (23)<a href=\"https:\/\/www.acordacidade.com.br\/bahia\/banda-magnificos-nao-comparece-a-show-contratado-em-guanambi-prefeitura-exige-devolucao-do-cache-pago\/\">, ap\u00f3s faltar a um show no evento de S\u00e3o Jo\u00e3o da cidade de Guanambi, no sudoeste da Bahia. O grupo j\u00e1 havia recebido metade do cach\u00ea<\/a> de R$ 250 mil para se apresentar na cidade, na \u00faltima quinta-feira (19), e foi acionado pela prefeitura para que a quantia seja devolvida.<\/p>\n<p>Por meio do Instagram, o prefeito Nal Azevedo (AVANTE) publicou um v\u00eddeo agradecendo os moradores de Guanambi e esclareceu porque a banda Magn\u00edficos n\u00e3o se apresentou na cidade. Segundo ele, o grupo enfrentou um engarrafamento e chegou duas horas atrasado para o show em Mortugaba, cidade a 740 km de Salvador, onde se apresentou antes de seguir para o munic\u00edpio.<\/p>\n<p>\u201cEles come\u00e7aram o show \u00e0s 23h e, depois, teve um pequeno imprevisto ao sair de Mortugaba. Chegando em Pinda\u00ed, por volta das 3h30, [o empres\u00e1rio da banda] me ligou e se disponibilizou a fazer o show aqui na nossa cidade. Mas o hor\u00e1rio j\u00e1 estava avan\u00e7ado, a pra\u00e7a j\u00e1 estava um pouco vazia e a gente optou por cancelar\u201d, acrescentou o gestor.<\/p>\n<p>Nos coment\u00e1rios da publica\u00e7\u00e3o, a Magn\u00edficos tamb\u00e9m se pronunciou sobre a quest\u00e3o, lamentando o ocorrido.<\/p>\n<p>\u201cInfelizmente, enfrentamos imprevistos no deslocamento at\u00e9 a cidade, o que comprometeu o hor\u00e1rio de chegada da banda para a realiza\u00e7\u00e3o do show\u201d, explicou o grupo, que agradeceu pelo esclarecimento do caso*<\/p>\n<p>\u201cSeguimos com o cora\u00e7\u00e3o aberto e com a esperan\u00e7a de reencontrar em breve essa cidade t\u00e3o acolhedora\u201d, enfatizaram.<\/p>\n<p>O prefeito da cidade detalhou ainda que o jur\u00eddico da banda j\u00e1 foi acionado e o valor de R$ 125 mil, pago antecipadamente pelo show, ser\u00e1 devolvido. \u201cO dinheiro vai ser ressarcido, a parcela inicial que havia sido paga pela prefeitura para a banda ser\u00e1 [devolvida]. Eu tenho certeza que todos os guanambienses continuam com o mesmo carinho pela banda Magn\u00edficos\u201d, refor\u00e7ou o gestor.<\/p>\n<p>Durante o fim de semana, um v\u00eddeo do momento em que o cancelamento do show foi informado ao p\u00fablico circulou nas redes sociais.<\/p>\n<p>Nas imagens, registradas na madrugada de sexta-feira (20), o assessor de imprensa da prefeitura surge revoltado com a situa\u00e7\u00e3o e avisa ao p\u00fablico que o grupo teria que devolver o dinheiro pago pela apresenta\u00e7\u00e3o.<\/p>\n<p>\u201cO show est\u00e1 pago e a banda Magn\u00edficos ter\u00e1 que devolver o dinheiro. [\u2026] Se chegarem agora, a gente n\u00e3o quer mais, vai ter que dar o dinheiro de volta!\u201d, avisou.<br \/>Conforme detalhado pela assessoria da gest\u00e3o municipal, a banda deveria se apresentar na noite de quinta-feira, mas se atrasou para o show. O grupo ainda n\u00e3o havia chegado \u00e0 Pra\u00e7a do Feij\u00e3o, onde aconteceu o evento, at\u00e9 as 4h30 da manh\u00e3, pr\u00f3ximo do hor\u00e1rio estimado para o fim das apresenta\u00e7\u00f5es do dia. Diante disso, a organiza\u00e7\u00e3o decidiu cancelar o show do grupo por quebra de contrato.<\/p>\n<p>\u201cDurante todo o tempo, o prefeito e a comiss\u00e3o organizadora estavam em contato com a banda, que vinha informando o tempo todo que estava na estrada. [\u2026] Quando foi por volta das 4h30 da manh\u00e3, depois de muita insist\u00eancia, chegamos \u00e0 conclus\u00e3o de que n\u00e3o valia mais a pena a apresenta\u00e7\u00e3o da banda Magn\u00edficos\u201d, explicou Cl\u00f3vis J\u00fanior, assessor de imprensa da prefeitura, em um v\u00eddeo nas redes sociais.<\/p>\n<p>Ainda na sexta-feira, a banda \u2014 que j\u00e1 havia passado pela cidade de Mortugaba \u2014 compartilhou uma foto no local. Nos coment\u00e1rios da publica\u00e7\u00e3o, muitas pessoas criticaram e debocharam dos artistas.<\/p>\n<p><strong>Leia tamb\u00e9m:<\/strong><a href=\"https:\/\/www.acordacidade.com.br\/bahia\/banda-magnificos-nao-comparece-a-show-contratado-em-guanambi-prefeitura-exige-devolucao-do-cache-pago\/\"><strong> <\/strong>Banda Magn\u00edficos n\u00e3o comparece a show contratado em Guanambi; prefeitura exige devolu\u00e7\u00e3o do cach\u00ea pago<\/a><\/p>\n<p><em>Siga o Acorda Cidade no<\/em><a href=\"https:\/\/news.google.com\/search?q=acorda%20cidade&amp;hl=pt-BR&amp;gl=BR&amp;ceid=BR%3Apt-419\"><strong><em>\u00a0Google Not\u00edcias<\/em><\/strong><\/a><em>\u00a0e receba os principais destaques do dia. Participe tamb\u00e9m dos nossos canais no\u00a0<\/em><a href=\"https:\/\/www.whatsapp.com\/channel\/0029Va6Rb4v3WHTNnsh8WI3N\"><strong><em>WhatsApp<\/em><\/strong><\/a><em>\u00a0e\u00a0<\/em><a href=\"https:\/\/www.youtube.com\/@acordacidadenoticias\/videos\"><strong>Youtube<\/strong><\/a><em>\u00a0e grupo de\u00a0<\/em><a href=\"https:\/\/t.me\/+sSz0khrgARA0ZmRh\"><strong><em>Telegram<\/em><\/strong><\/a><em>.<\/em><\/p>\n<\/div>\n","protected":false},"excerpt":{"rendered":"<div>\n<div>\n<figure><img decoding=\"async\" src=\"https:\/\/uploads.acordacidade.com.br\/2025\/06\/Banda-Magnificos-foto-reproducao-Facebook.jpg\" alt=\"Banda Magn\u00edficos\"><figcaption>Foto: Reprodu\u00e7\u00e3o\/Facebook<\/figcaption><\/figure>\n<\/div>\n<p>O prefeito da cidade detalhou que o jur\u00eddico da banda j\u00e1 foi acionado e o valor pago antecipadamente pelo show, ser\u00e1 devolvido.<\/p><\/div>\n","protected":false},"author":1,"featured_media":90908,"comment_status":"closed","ping_status":"closed","sticky":false,"template":"","format":"gallery","meta":{"footnotes":""},"categories":[8,9,6,57,56,10],"tags":[],"class_list":["post-90907","post","type-post","status-publish","format-gallery","has-post-thumbnail","hentry","category-bahia","category-brasil","category-feira-de-santana","category-mundo","category-policia","category-politica","post_format-post-format-gallery"],"featured_image_urls":{"full":["https:\/\/noticiasbahia360.com.br\/wp-content\/uploads\/2025\/06\/Banda-Magnificos-foto-reproducao-Facebook-1.jpg",1300,960,false],"thumbnail":["https:\/\/noticiasbahia360.com.br\/wp-content\/uploads\/2025\/06\/Banda-Magnificos-foto-reproducao-Facebook-1-150x150.jpg",150,150,true],"medium":["https:\/\/noticiasbahia360.com.br\/wp-content\/uploads\/2025\/06\/Banda-Magnificos-foto-reproducao-Facebook-1-300x222.jpg",300,222,true],"medium_large":["https:\/\/noticiasbahia360.com.br\/wp-content\/uploads\/2025\/06\/Banda-Magnificos-foto-reproducao-Facebook-1-768x567.jpg",640,473,true],"large":["https:\/\/noticiasbahia360.com.br\/wp-content\/uploads\/2025\/06\/Banda-Magnificos-foto-reproducao-Facebook-1-1024x756.jpg",640,473,true],"1536x1536":["https:\/\/noticiasbahia360.com.br\/wp-content\/uploads\/2025\/06\/Banda-Magnificos-foto-reproducao-Facebook-1.jpg",1300,960,false],"2048x2048":["https:\/\/noticiasbahia360.com.br\/wp-content\/uploads\/2025\/06\/Banda-Magnificos-foto-reproducao-Facebook-1.jpg",1300,960,false],"chromenews-featured":["https:\/\/noticiasbahia360.com.br\/wp-content\/uploads\/2025\/06\/Banda-Magnificos-foto-reproducao-Facebook-1-1024x756.jpg",1024,756,true],"chromenews-large":["https:\/\/noticiasbahia360.com.br\/wp-content\/uploads\/2025\/06\/Banda-Magnificos-foto-reproducao-Facebook-1-825x575.jpg",825,575,true],"chromenews-medium":["https:\/\/noticiasbahia360.com.br\/wp-content\/uploads\/2025\/06\/Banda-Magnificos-foto-reproducao-Facebook-1-590x410.jpg",590,410,true]},"author_info":{"display_name":"noticiasbahia360.com.br","author_link":"https:\/\/noticiasbahia360.com.br\/?author=1"},"category_info":"<a href=\"https:\/\/noticiasbahia360.com.br\/?cat=8\" rel=\"category\">Bahia<\/a> <a href=\"https:\/\/noticiasbahia360.com.br\/?cat=9\" rel=\"category\">Brasil<\/a> <a href=\"https:\/\/noticiasbahia360.com.br\/?cat=6\" rel=\"category\">Feira de Santana<\/a> <a href=\"https:\/\/noticiasbahia360.com.br\/?cat=57\" rel=\"category\">Mundo<\/a> <a href=\"https:\/\/noticiasbahia360.com.br\/?cat=56\" rel=\"category\">Pol\u00edcia<\/a> <a href=\"https:\/\/noticiasbahia360.com.br\/?cat=10\" rel=\"category\">Pol\u00edtica<\/a>","tag_info":"Pol\u00edtica","comment_count":"0","_links":{"self":[{"href":"https:\/\/noticiasbahia360.com.br\/index.php?rest_route=\/wp\/v2\/posts\/90907","targetHints":{"allow":["GET"]}}],"collection":[{"href":"https:\/\/noticiasbahia360.com.br\/index.php?rest_route=\/wp\/v2\/posts"}],"about":[{"href":"https:\/\/noticiasbahia360.com.br\/index.php?rest_route=\/wp\/v2\/types\/post"}],"author":[{"embeddable":true,"href":"https:\/\/noticiasbahia360.com.br\/index.php?rest_route=\/wp\/v2\/users\/1"}],"replies":[{"embeddable":true,"href":"https:\/\/noticiasbahia360.com.br\/index.php?rest_route=%2Fwp%2Fv2%2Fcomments&post=90907"}],"version-history":[{"count":0,"href":"https:\/\/noticiasbahia360.com.br\/index.php?rest_route=\/wp\/v2\/posts\/90907\/revisions"}],"wp:featuredmedia":[{"embeddable":true,"href":"https:\/\/noticiasbahia360.com.br\/index.php?rest_route=\/wp\/v2\/media\/90908"}],"wp:attachment":[{"href":"https:\/\/noticiasbahia360.com.br\/index.php?rest_route=%2Fwp%2Fv2%2Fmedia&parent=90907"}],"wp:term":[{"taxonomy":"category","embeddable":true,"href":"https:\/\/noticiasbahia360.com.br\/index.php?rest_route=%2Fwp%2Fv2%2Fcategories&post=90907"},{"taxonomy":"post_tag","embeddable":true,"href":"https:\/\/noticiasbahia360.com.br\/index.php?rest_route=%2Fwp%2Fv2%2Ftags&post=90907"}],"curies":[{"name":"wp","href":"https:\/\/api.w.org\/{rel}","templated":true}]}}