{"id":90915,"date":"2025-06-24T07:20:49","date_gmt":"2025-06-24T10:20:49","guid":{"rendered":"https:\/\/noticiasbahia360.com.br\/?p=90915"},"modified":"2025-06-24T07:20:49","modified_gmt":"2025-06-24T10:20:49","slug":"homem-e-morto-a-tiros-perto-de-casa-no-bairro-nova-esperanca","status":"publish","type":"post","link":"https:\/\/noticiasbahia360.com.br\/?p=90915","title":{"rendered":"Homem \u00e9 morto a tiros perto de casa no bairro Nova Esperan\u00e7a"},"content":{"rendered":"<div>\n<div>\n<figure><img decoding=\"async\" src=\"http:\/\/noticiasbahia360.com.br\/wp-content\/uploads\/2025\/06\/DPT-pericia.jpg\" alt=\"Viatura do DPT zona rural\"><figcaption>Foto: Divulga\u00e7\u00e3o\/DPT<\/figcaption><\/figure>\n<\/div>\n<p>Um homem foi assassinado a tiros em Feira de Santana, por volta das 18h50 de segunda-feira (23), v\u00e9spera de S\u00e3o Jo\u00e3o. Ele foi identificado como Anacleto, de 55 anos.<\/p>\n<p>Segundo informa\u00e7\u00f5es obtidas pelo Acorda Cidade junto \u00e0 pol\u00edcia, Anacleto foi alvejado por disparos de arma de fogo na Rua Miguel Pinto de Santana, no bairro Nova Esperan\u00e7a, pr\u00f3ximo \u00e0 resid\u00eancia onde morava.<\/p>\n<p>Ainda n\u00e3o h\u00e1 informa\u00e7\u00f5es sobre quem efetuou os disparos e a motiva\u00e7\u00e3o do crime tamb\u00e9m \u00e9 desconhecida. Tamb\u00e9m n\u00e3o h\u00e1 detalhes sobre como o homic\u00eddio ocorreu.<\/p>\n<p>O corpo foi encaminhado para o <a href=\"https:\/\/www.acordacidade.com.br\/tag\/dpt\/\">Departamento de Pol\u00edcia T\u00e9cnica (DPT)<\/a> para ser necropsiado.<\/p>\n<p><em>Siga o Acorda Cidade no<\/em><a href=\"https:\/\/news.google.com\/search?q=acorda%20cidade&amp;hl=pt-BR&amp;gl=BR&amp;ceid=BR%3Apt-419\"><strong><em>\u00a0Google Not\u00edcias<\/em><\/strong><\/a><em>\u00a0e receba os principais destaques do dia. Participe tamb\u00e9m dos nossos canais no\u00a0<\/em><a href=\"https:\/\/www.whatsapp.com\/channel\/0029Va6Rb4v3WHTNnsh8WI3N\"><strong><em>WhatsApp<\/em><\/strong><\/a><em>\u00a0e\u00a0<\/em><a href=\"https:\/\/www.youtube.com\/@acordacidadenoticias\/videos\"><strong>Youtube<\/strong><\/a><em>\u00a0e grupo de\u00a0<\/em><a href=\"https:\/\/t.me\/+sSz0khrgARA0ZmRh\"><strong><em>Telegram<\/em><\/strong><\/a><em>.<\/em><\/p>\n<\/div>\n","protected":false},"excerpt":{"rendered":"<div>\n<div>\n<figure><img decoding=\"async\" src=\"https:\/\/uploads.acordacidade.com.br\/2025\/02\/DPT-pericia.jpg\" alt=\"Viatura do DPT zona rural\"><figcaption>Foto: Divulga\u00e7\u00e3o\/DPT<\/figcaption><\/figure>\n<\/div>\n<p>O corpo foi encaminhado para o Departamento de Pol\u00edcia T\u00e9cnica (DPT) para ser necropsiado. A motiva\u00e7\u00e3o do crime \u00e9 desconhecida.<\/p><\/div>\n","protected":false},"author":1,"featured_media":90916,"comment_status":"closed","ping_status":"closed","sticky":false,"template":"","format":"gallery","meta":{"footnotes":""},"categories":[8,9,6,57,56,10],"tags":[],"class_list":["post-90915","post","type-post","status-publish","format-gallery","has-post-thumbnail","hentry","category-bahia","category-brasil","category-feira-de-santana","category-mundo","category-policia","category-politica","post_format-post-format-gallery"],"featured_image_urls":{"full":["https:\/\/noticiasbahia360.com.br\/wp-content\/uploads\/2025\/06\/DPT-pericia.jpg",640,384,false],"thumbnail":["https:\/\/noticiasbahia360.com.br\/wp-content\/uploads\/2025\/06\/DPT-pericia-150x150.jpg",150,150,true],"medium":["https:\/\/noticiasbahia360.com.br\/wp-content\/uploads\/2025\/06\/DPT-pericia-300x180.jpg",300,180,true],"medium_large":["https:\/\/noticiasbahia360.com.br\/wp-content\/uploads\/2025\/06\/DPT-pericia.jpg",640,384,false],"large":["https:\/\/noticiasbahia360.com.br\/wp-content\/uploads\/2025\/06\/DPT-pericia.jpg",640,384,false],"1536x1536":["https:\/\/noticiasbahia360.com.br\/wp-content\/uploads\/2025\/06\/DPT-pericia.jpg",640,384,false],"2048x2048":["https:\/\/noticiasbahia360.com.br\/wp-content\/uploads\/2025\/06\/DPT-pericia.jpg",640,384,false],"chromenews-featured":["https:\/\/noticiasbahia360.com.br\/wp-content\/uploads\/2025\/06\/DPT-pericia.jpg",640,384,false],"chromenews-large":["https:\/\/noticiasbahia360.com.br\/wp-content\/uploads\/2025\/06\/DPT-pericia.jpg",640,384,false],"chromenews-medium":["https:\/\/noticiasbahia360.com.br\/wp-content\/uploads\/2025\/06\/DPT-pericia-590x384.jpg",590,384,true]},"author_info":{"display_name":"noticiasbahia360.com.br","author_link":"https:\/\/noticiasbahia360.com.br\/?author=1"},"category_info":"<a href=\"https:\/\/noticiasbahia360.com.br\/?cat=8\" rel=\"category\">Bahia<\/a> <a href=\"https:\/\/noticiasbahia360.com.br\/?cat=9\" rel=\"category\">Brasil<\/a> <a href=\"https:\/\/noticiasbahia360.com.br\/?cat=6\" rel=\"category\">Feira de Santana<\/a> <a href=\"https:\/\/noticiasbahia360.com.br\/?cat=57\" rel=\"category\">Mundo<\/a> <a href=\"https:\/\/noticiasbahia360.com.br\/?cat=56\" rel=\"category\">Pol\u00edcia<\/a> <a href=\"https:\/\/noticiasbahia360.com.br\/?cat=10\" rel=\"category\">Pol\u00edtica<\/a>","tag_info":"Pol\u00edtica","comment_count":"0","_links":{"self":[{"href":"https:\/\/noticiasbahia360.com.br\/index.php?rest_route=\/wp\/v2\/posts\/90915","targetHints":{"allow":["GET"]}}],"collection":[{"href":"https:\/\/noticiasbahia360.com.br\/index.php?rest_route=\/wp\/v2\/posts"}],"about":[{"href":"https:\/\/noticiasbahia360.com.br\/index.php?rest_route=\/wp\/v2\/types\/post"}],"author":[{"embeddable":true,"href":"https:\/\/noticiasbahia360.com.br\/index.php?rest_route=\/wp\/v2\/users\/1"}],"replies":[{"embeddable":true,"href":"https:\/\/noticiasbahia360.com.br\/index.php?rest_route=%2Fwp%2Fv2%2Fcomments&post=90915"}],"version-history":[{"count":0,"href":"https:\/\/noticiasbahia360.com.br\/index.php?rest_route=\/wp\/v2\/posts\/90915\/revisions"}],"wp:featuredmedia":[{"embeddable":true,"href":"https:\/\/noticiasbahia360.com.br\/index.php?rest_route=\/wp\/v2\/media\/90916"}],"wp:attachment":[{"href":"https:\/\/noticiasbahia360.com.br\/index.php?rest_route=%2Fwp%2Fv2%2Fmedia&parent=90915"}],"wp:term":[{"taxonomy":"category","embeddable":true,"href":"https:\/\/noticiasbahia360.com.br\/index.php?rest_route=%2Fwp%2Fv2%2Fcategories&post=90915"},{"taxonomy":"post_tag","embeddable":true,"href":"https:\/\/noticiasbahia360.com.br\/index.php?rest_route=%2Fwp%2Fv2%2Ftags&post=90915"}],"curies":[{"name":"wp","href":"https:\/\/api.w.org\/{rel}","templated":true}]}} 