{"id":90917,"date":"2025-06-24T07:44:37","date_gmt":"2025-06-24T10:44:37","guid":{"rendered":"https:\/\/noticiasbahia360.com.br\/?p=90917"},"modified":"2025-06-24T07:44:37","modified_gmt":"2025-06-24T10:44:37","slug":"palmeiras-arranca-empate-com-miami-e-avanca-em-primeiro-no-grupo-a","status":"publish","type":"post","link":"https:\/\/noticiasbahia360.com.br\/?p=90917","title":{"rendered":"Palmeiras arranca empate com Miami e avan\u00e7a em primeiro no Grupo A"},"content":{"rendered":"<div>\n<div>\n<figure><img decoding=\"async\" src=\"http:\/\/noticiasbahia360.com.br\/wp-content\/uploads\/2025\/06\/Flaco-Lopez-do-palmeiras-e-jogador-do-inter-de-miame-foto-cesar-greco-by-canon.jpg\" alt=\"Flaco L\u00f3pez do palmeiras\"><figcaption>Foto: Cesar Greco\/Palmeiras\/by Canon<\/figcaption><\/figure>\n<\/div>\n<p>O Palmeiras arrancou um empate de 2 a 2 sobre o Inter Miami (EUA), na noite de segunda-feira (23) no Hard Rock Stadium, em Miami, pelo Grupo A da Copa do Mundo de Clubes. Com este resultado o Verd\u00e3o garantiu a classifica\u00e7\u00e3o para as oitavas de final da competi\u00e7\u00e3o como primeiro colocado da chave.<\/p>\n<p>Ap\u00f3s o empate para o time do craque argentino Lionel Messi, a equipe comandada pelo t\u00e9cnico portugu\u00eas Abel Ferreira fechou a primeira fase do Mundial com cinco pontos, a mesma pontua\u00e7\u00e3o da equipe norte-americana, que garantiu a segunda posi\u00e7\u00e3o ap\u00f3s empate de 4 a 4 entre Al Ahly (Egito) e Porto (Portugal).<\/p>\n<p>A equipe brasileira teve a sua pior performance em um primeiro tempo da Copa do Mundo de Clubes at\u00e9 ent\u00e3o. Com dificuldades na cria\u00e7\u00e3o ofensiva, o Verd\u00e3o deu muitos espa\u00e7os na defesa. Desta forma, aos 15 minutos, permitiu que o meio-campista Allende partisse em velocidade desde o campo de defesa e batesse na sa\u00edda do goleiro Weverton para abrir o marcador.<\/p>\n<p>No in\u00edcio do segundo tempo o panorama pouco mudou, e o Inter Miami chegou ao segundo em grande jogada de Luis Su\u00e1rez. Aos 19 minutos o atacante uruguaio se livrou de Lucas Evangelista e de Bruno Fuchs antes de acertar o \u00e2ngulo do gol defendido por Weverton para marcar um gola\u00e7o.<\/p>\n<p>Por\u00e9m, empurrado pela sua apaixonada torcida, o Palmeiras mudou a chave ap\u00f3s ver o advers\u00e1rio abrir uma vantagem de dois gols. Primeiro, a equipe brasileira conseguiu descontar aos 34 minutos com Paulinho, que recebeu passe de Gustavo G\u00f3mez para bater cruzado e vencer o goleiro Ustari.<\/p>\n<p>O time de Abel Ferreira continuou buscando o triunfo, e conseguiu arrancar o empate aos 41, com uma pancada de Maur\u00edcio de dentro da \u00e1rea que garantiu o empate e o primeiro lugar do Grupo A. Desta forma o Verd\u00e3o pega o Botafogo nas oitavas de final da competi\u00e7\u00e3o.<\/p>\n<p><em>Siga o Acorda Cidade no<\/em><a href=\"https:\/\/news.google.com\/search?q=acorda%20cidade&amp;hl=pt-BR&amp;gl=BR&amp;ceid=BR%3Apt-419\"><strong><em>\u00a0Google Not\u00edcias<\/em><\/strong><\/a><em>\u00a0e receba os principais destaques do dia. Participe tamb\u00e9m dos nossos canais no\u00a0<\/em><a href=\"https:\/\/www.whatsapp.com\/channel\/0029Va6Rb4v3WHTNnsh8WI3N\"><strong><em>WhatsApp<\/em><\/strong><\/a><em>\u00a0e\u00a0<\/em><a href=\"https:\/\/www.youtube.com\/@acordacidadenoticias\/videos\"><strong>YouTube<\/strong><\/a><em>\u00a0e grupo de\u00a0<\/em><a href=\"https:\/\/t.me\/+sSz0khrgARA0ZmRh\"><strong><em>Telegram<\/em><\/strong><\/a><em>.<\/em><\/p>\n<\/div>\n","protected":false},"excerpt":{"rendered":"<div>\n<div>\n<figure><img decoding=\"async\" src=\"https:\/\/uploads.acordacidade.com.br\/2025\/06\/Flaco-Lopez-do-palmeiras-e-jogador-do-inter-de-miame-foto-cesar-greco-by-canon.jpg\" alt=\"Flaco L\u00f3pez do palmeiras\"><figcaption>Foto: Cesar Greco\/Palmeiras\/by Canon<\/figcaption><\/figure>\n<\/div>\n<p>Com este resultado o Palmeiras garantiu a classifica\u00e7\u00e3o para as oitavas de final da competi\u00e7\u00e3o e vai enfrentar o Botafogo.<\/p><\/div>\n","protected":false},"author":1,"featured_media":90918,"comment_status":"closed","ping_status":"closed","sticky":false,"template":"","format":"gallery","meta":{"footnotes":""},"categories":[8,9,6,57,56,10],"tags":[],"class_list":["post-90917","post","type-post","status-publish","format-gallery","has-post-thumbnail","hentry","category-bahia","category-brasil","category-feira-de-santana","category-mundo","category-policia","category-politica","post_format-post-format-gallery"],"featured_image_urls":{"full":["https:\/\/noticiasbahia360.com.br\/wp-content\/uploads\/2025\/06\/Flaco-Lopez-do-palmeiras-e-jogador-do-inter-de-miame-foto-cesar-greco-by-canon.jpg",1200,675,false],"thumbnail":["https:\/\/noticiasbahia360.com.br\/wp-content\/uploads\/2025\/06\/Flaco-Lopez-do-palmeiras-e-jogador-do-inter-de-miame-foto-cesar-greco-by-canon-150x150.jpg",150,150,true],"medium":["https:\/\/noticiasbahia360.com.br\/wp-content\/uploads\/2025\/06\/Flaco-Lopez-do-palmeiras-e-jogador-do-inter-de-miame-foto-cesar-greco-by-canon-300x169.jpg",300,169,true],"medium_large":["https:\/\/noticiasbahia360.com.br\/wp-content\/uploads\/2025\/06\/Flaco-Lopez-do-palmeiras-e-jogador-do-inter-de-miame-foto-cesar-greco-by-canon-768x432.jpg",640,360,true],"large":["https:\/\/noticiasbahia360.com.br\/wp-content\/uploads\/2025\/06\/Flaco-Lopez-do-palmeiras-e-jogador-do-inter-de-miame-foto-cesar-greco-by-canon-1024x576.jpg",640,360,true],"1536x1536":["https:\/\/noticiasbahia360.com.br\/wp-content\/uploads\/2025\/06\/Flaco-Lopez-do-palmeiras-e-jogador-do-inter-de-miame-foto-cesar-greco-by-canon.jpg",1200,675,false],"2048x2048":["https:\/\/noticiasbahia360.com.br\/wp-content\/uploads\/2025\/06\/Flaco-Lopez-do-palmeiras-e-jogador-do-inter-de-miame-foto-cesar-greco-by-canon.jpg",1200,675,false],"chromenews-featured":["https:\/\/noticiasbahia360.com.br\/wp-content\/uploads\/2025\/06\/Flaco-Lopez-do-palmeiras-e-jogador-do-inter-de-miame-foto-cesar-greco-by-canon-1024x576.jpg",1024,576,true],"chromenews-large":["https:\/\/noticiasbahia360.com.br\/wp-content\/uploads\/2025\/06\/Flaco-Lopez-do-palmeiras-e-jogador-do-inter-de-miame-foto-cesar-greco-by-canon-825x575.jpg",825,575,true],"chromenews-medium":["https:\/\/noticiasbahia360.com.br\/wp-content\/uploads\/2025\/06\/Flaco-Lopez-do-palmeiras-e-jogador-do-inter-de-miame-foto-cesar-greco-by-canon-590x410.jpg",590,410,true]},"author_info":{"display_name":"noticiasbahia360.com.br","author_link":"https:\/\/noticiasbahia360.com.br\/?author=1"},"category_info":"<a href=\"https:\/\/noticiasbahia360.com.br\/?cat=8\" rel=\"category\">Bahia<\/a> <a href=\"https:\/\/noticiasbahia360.com.br\/?cat=9\" rel=\"category\">Brasil<\/a> <a href=\"https:\/\/noticiasbahia360.com.br\/?cat=6\" rel=\"category\">Feira de Santana<\/a> <a href=\"https:\/\/noticiasbahia360.com.br\/?cat=57\" rel=\"category\">Mundo<\/a> <a href=\"https:\/\/noticiasbahia360.com.br\/?cat=56\" rel=\"category\">Pol\u00edcia<\/a> <a href=\"https:\/\/noticiasbahia360.com.br\/?cat=10\" rel=\"category\">Pol\u00edtica<\/a>","tag_info":"Pol\u00edtica","comment_count":"0","_links":{"self":[{"href":"https:\/\/noticiasbahia360.com.br\/index.php?rest_route=\/wp\/v2\/posts\/90917","targetHints":{"allow":["GET"]}}],"collection":[{"href":"https:\/\/noticiasbahia360.com.br\/index.php?rest_route=\/wp\/v2\/posts"}],"about":[{"href":"https:\/\/noticiasbahia360.com.br\/index.php?rest_route=\/wp\/v2\/types\/post"}],"author":[{"embeddable":true,"href":"https:\/\/noticiasbahia360.com.br\/index.php?rest_route=\/wp\/v2\/users\/1"}],"replies":[{"embeddable":true,"href":"https:\/\/noticiasbahia360.com.br\/index.php?rest_route=%2Fwp%2Fv2%2Fcomments&post=90917"}],"version-history":[{"count":0,"href":"https:\/\/noticiasbahia360.com.br\/index.php?rest_route=\/wp\/v2\/posts\/90917\/revisions"}],"wp:featuredmedia":[{"embeddable":true,"href":"https:\/\/noticiasbahia360.com.br\/index.php?rest_route=\/wp\/v2\/media\/90918"}],"wp:attachment":[{"href":"https:\/\/noticiasbahia360.com.br\/index.php?rest_route=%2Fwp%2Fv2%2Fmedia&parent=90917"}],"wp:term":[{"taxonomy":"category","embeddable":true,"href":"https:\/\/noticiasbahia360.com.br\/index.php?rest_route=%2Fwp%2Fv2%2Fcategories&post=90917"},{"taxonomy":"post_tag","embeddable":true,"href":"https:\/\/noticiasbahia360.com.br\/index.php?rest_route=%2Fwp%2Fv2%2Ftags&post=90917"}],"curies":[{"name":"wp","href":"https:\/\/api.w.org\/{rel}","templated":true}]}}