{"id":90919,"date":"2025-06-24T08:06:27","date_gmt":"2025-06-24T11:06:27","guid":{"rendered":"https:\/\/noticiasbahia360.com.br\/?p=90919"},"modified":"2025-06-24T08:06:27","modified_gmt":"2025-06-24T11:06:27","slug":"casos-de-coma-alcoolico-entre-adolescentes-ligam-alerta-para-pais-e-comerciantes-em-festas-juninas","status":"publish","type":"post","link":"https:\/\/noticiasbahia360.com.br\/?p=90919","title":{"rendered":"Casos de coma alco\u00f3lico entre adolescentes ligam alerta para pais e comerciantes em festas juninas"},"content":{"rendered":"<div>\n<div>\n<figure><img decoding=\"async\" src=\"http:\/\/noticiasbahia360.com.br\/wp-content\/uploads\/2025\/06\/Policia-civil-no-camaforro.jpg\" alt=\"Pol\u00edcia civil no camaforr\u00f3 - fiscaliza\u00e7\u00e3o de uso de bebidas alc\u00f3olicas por jovens\"><figcaption>Foto: Ascom\/PC-BA<\/figcaption><\/figure>\n<\/div>\n<p>Durante o primeiro dia do Camaforr\u00f3, festa junina realizada em Cama\u00e7ari, a Secretaria de Sa\u00fade do munic\u00edpio registrou oito casos de adolescentes socorridos em coma alco\u00f3lico. Diante da situa\u00e7\u00e3o, \u00f3rg\u00e3os de seguran\u00e7a e prote\u00e7\u00e3o \u00e0 inf\u00e2ncia refor\u00e7aram a fiscaliza\u00e7\u00e3o para coibir o consumo de bebidas alco\u00f3licas por menores de 18 anos.<\/p>\n<p><strong>Equipes da 18\u00aa Delegacia Territorial (DT) de <a href=\"https:\/\/www.acordacidade.com.br\/tag\/camacari\/\">Cama\u00e7ari<\/a>, em parceria com a Vara da Inf\u00e2ncia e da Juventude, Secretaria de Desenvolvimento Social e o setor de Direitos Humanos, realizaram a\u00e7\u00f5es educativas e preventivas durante os tr\u00eas dias de festa, fiscalizando dezenas de barracas e orientando comerciantes sobre a proibi\u00e7\u00e3o da venda de \u00e1lcool a menores de idade.<\/strong><\/p>\n<p>A medida \u00e9 amparada pelo Artigo 243 do Estatuto da Crian\u00e7a e do Adolescente (ECA), que tipifica como crime vender, fornecer, ministrar ou entregar bebida alco\u00f3lica ou subst\u00e2ncia que possa causar depend\u00eancia a crian\u00e7as e adolescentes. A pena prevista \u00e9 de dois a quatro anos de pris\u00e3o, al\u00e9m de multa.<\/p>\n<p><strong>Segundo a delegada Maria Danielle Monteiro, titular da 18\u00aa DT\/Cama\u00e7ari, ap\u00f3s a intensifica\u00e7\u00e3o da fiscaliza\u00e7\u00e3o, apenas um caso foi registrado no domingo e nenhum caso foi notificado no \u00faltimo dia do evento.<\/strong><\/p>\n<p>Apesar da redu\u00e7\u00e3o no n\u00famero de ocorr\u00eancias no evento, o consumo de bebidas alco\u00f3licas por adolescentes em festas juninas segue como um ponto de aten\u00e7\u00e3o para autoridades e familiares. Em muitos casos, os jovens saem de casa para participar das festividades e t\u00eam acesso facilitado a bebidas, mesmo com a proibi\u00e7\u00e3o legal.<\/p>\n<p>Especialistas apontam que o papel da fam\u00edlia \u00e9 essencial para refor\u00e7ar a orienta\u00e7\u00e3o sobre os riscos do consumo precoce de \u00e1lcool. Al\u00e9m dos efeitos imediatos, como intoxica\u00e7\u00e3o e perda de consci\u00eancia, o uso cont\u00ednuo pode afetar o desenvolvimento f\u00edsico e emocional do adolescente.<\/p>\n<p>A combina\u00e7\u00e3o de fiscaliza\u00e7\u00e3o por parte do poder p\u00fablico e di\u00e1logo familiar \u00e9 considerada uma das estrat\u00e9gias mais eficazes para prevenir o consumo de \u00e1lcool entre menores de idade.<\/p>\n<p><em>Siga o Acorda Cidade no<\/em><a href=\"https:\/\/news.google.com\/search?q=acorda%20cidade&amp;hl=pt-BR&amp;gl=BR&amp;ceid=BR%3Apt-419\"><strong><em>\u00a0Google Not\u00edcias<\/em><\/strong><\/a><em>\u00a0e receba os principais destaques do dia. Participe tamb\u00e9m dos nossos canais no\u00a0<\/em><a href=\"https:\/\/www.whatsapp.com\/channel\/0029Va6Rb4v3WHTNnsh8WI3N\"><strong><em>WhatsApp<\/em><\/strong><\/a><em>\u00a0e\u00a0<\/em><a href=\"https:\/\/www.youtube.com\/@acordacidadenoticias\/videos\"><strong>Youtube<\/strong><\/a><em>\u00a0e grupo de\u00a0<\/em><a href=\"https:\/\/t.me\/+sSz0khrgARA0ZmRh\"><strong><em>Telegram<\/em><\/strong><\/a><em>.<\/em><\/p>\n<\/div>\n","protected":false},"excerpt":{"rendered":"<div>\n<div>\n<figure><img decoding=\"async\" src=\"https:\/\/uploads.acordacidade.com.br\/2025\/06\/Policia-civil-no-camaforro.jpg\" alt=\"Pol\u00edcia civil no camaforr\u00f3 - fiscaliza\u00e7\u00e3o de uso de bebidas alc\u00f3olicas por jovens\"><figcaption>Foto: Ascom\/PC-BA<\/figcaption><\/figure>\n<\/div>\n<p>O consumo de bebidas alco\u00f3licas por adolescentes em festas juninas segue como um ponto de aten\u00e7\u00e3o das autoridades e familiares.<\/p><\/div>\n","protected":false},"author":1,"featured_media":90920,"comment_status":"closed","ping_status":"closed","sticky":false,"template":"","format":"gallery","meta":{"footnotes":""},"categories":[8,9,6,57,56,10],"tags":[],"class_list":["post-90919","post","type-post","status-publish","format-gallery","has-post-thumbnail","hentry","category-bahia","category-brasil","category-feira-de-santana","category-mundo","category-policia","category-politica","post_format-post-format-gallery"],"featured_image_urls":{"full":["https:\/\/noticiasbahia360.com.br\/wp-content\/uploads\/2025\/06\/Policia-civil-no-camaforro.jpg",1250,833,false],"thumbnail":["https:\/\/noticiasbahia360.com.br\/wp-content\/uploads\/2025\/06\/Policia-civil-no-camaforro-150x150.jpg",150,150,true],"medium":["https:\/\/noticiasbahia360.com.br\/wp-content\/uploads\/2025\/06\/Policia-civil-no-camaforro-300x200.jpg",300,200,true],"medium_large":["https:\/\/noticiasbahia360.com.br\/wp-content\/uploads\/2025\/06\/Policia-civil-no-camaforro-768x512.jpg",640,427,true],"large":["https:\/\/noticiasbahia360.com.br\/wp-content\/uploads\/2025\/06\/Policia-civil-no-camaforro-1024x682.jpg",640,426,true],"1536x1536":["https:\/\/noticiasbahia360.com.br\/wp-content\/uploads\/2025\/06\/Policia-civil-no-camaforro.jpg",1250,833,false],"2048x2048":["https:\/\/noticiasbahia360.com.br\/wp-content\/uploads\/2025\/06\/Policia-civil-no-camaforro.jpg",1250,833,false],"chromenews-featured":["https:\/\/noticiasbahia360.com.br\/wp-content\/uploads\/2025\/06\/Policia-civil-no-camaforro-1024x682.jpg",1024,682,true],"chromenews-large":["https:\/\/noticiasbahia360.com.br\/wp-content\/uploads\/2025\/06\/Policia-civil-no-camaforro-825x575.jpg",825,575,true],"chromenews-medium":["https:\/\/noticiasbahia360.com.br\/wp-content\/uploads\/2025\/06\/Policia-civil-no-camaforro-590x410.jpg",590,410,true]},"author_info":{"display_name":"noticiasbahia360.com.br","author_link":"https:\/\/noticiasbahia360.com.br\/?author=1"},"category_info":"<a href=\"https:\/\/noticiasbahia360.com.br\/?cat=8\" rel=\"category\">Bahia<\/a> <a href=\"https:\/\/noticiasbahia360.com.br\/?cat=9\" rel=\"category\">Brasil<\/a> <a href=\"https:\/\/noticiasbahia360.com.br\/?cat=6\" rel=\"category\">Feira de Santana<\/a> <a href=\"https:\/\/noticiasbahia360.com.br\/?cat=57\" rel=\"category\">Mundo<\/a> <a href=\"https:\/\/noticiasbahia360.com.br\/?cat=56\" rel=\"category\">Pol\u00edcia<\/a> <a href=\"https:\/\/noticiasbahia360.com.br\/?cat=10\" rel=\"category\">Pol\u00edtica<\/a>","tag_info":"Pol\u00edtica","comment_count":"0","_links":{"self":[{"href":"https:\/\/noticiasbahia360.com.br\/index.php?rest_route=\/wp\/v2\/posts\/90919","targetHints":{"allow":["GET"]}}],"collection":[{"href":"https:\/\/noticiasbahia360.com.br\/index.php?rest_route=\/wp\/v2\/posts"}],"about":[{"href":"https:\/\/noticiasbahia360.com.br\/index.php?rest_route=\/wp\/v2\/types\/post"}],"author":[{"embeddable":true,"href":"https:\/\/noticiasbahia360.com.br\/index.php?rest_route=\/wp\/v2\/users\/1"}],"replies":[{"embeddable":true,"href":"https:\/\/noticiasbahia360.com.br\/index.php?rest_route=%2Fwp%2Fv2%2Fcomments&post=90919"}],"version-history":[{"count":0,"href":"https:\/\/noticiasbahia360.com.br\/index.php?rest_route=\/wp\/v2\/posts\/90919\/revisions"}],"wp:featuredmedia":[{"embeddable":true,"href":"https:\/\/noticiasbahia360.com.br\/index.php?rest_route=\/wp\/v2\/media\/90920"}],"wp:attachment":[{"href":"https:\/\/noticiasbahia360.com.br\/index.php?rest_route=%2Fwp%2Fv2%2Fmedia&parent=90919"}],"wp:term":[{"taxonomy":"category","embeddable":true,"href":"https:\/\/noticiasbahia360.com.br\/index.php?rest_route=%2Fwp%2Fv2%2Fcategories&post=90919"},{"taxonomy":"post_tag","embeddable":true,"href":"https:\/\/noticiasbahia360.com.br\/index.php?rest_route=%2Fwp%2Fv2%2Ftags&post=90919"}],"curies":[{"name":"wp","href":"https:\/\/api.w.org\/{rel}","templated":true}]}}