{"id":90931,"date":"2025-06-24T12:15:22","date_gmt":"2025-06-24T15:15:22","guid":{"rendered":"https:\/\/noticiasbahia360.com.br\/?p=90931"},"modified":"2025-06-24T12:15:22","modified_gmt":"2025-06-24T15:15:22","slug":"forro-manifestacao-cultural-em-movimento-que-atravessa-geracoes-e-se-transforma-com-a-sociedade","status":"publish","type":"post","link":"https:\/\/noticiasbahia360.com.br\/?p=90931","title":{"rendered":"Forr\u00f3: manifesta\u00e7\u00e3o cultural em movimento que atravessa gera\u00e7\u00f5es e se transforma com a sociedade"},"content":{"rendered":"<div>\n<div>\n<figure><img decoding=\"async\" src=\"http:\/\/noticiasbahia360.com.br\/wp-content\/uploads\/2025\/06\/Arrastape-forro-pe-de-serra.jpg\" alt=\"Forr\u00f3 p\u00e9 de serra e arrasta p\u00e9\"><figcaption>Foto: Divulga\u00e7\u00e3o\/Ilustrativa <\/figcaption><\/figure>\n<\/div>\n<p>Durante os festejos juninos, o forr\u00f3 ocupa ruas, pra\u00e7as e palcos em diversas cidades brasileiras. No entanto, mais do que um ritmo, o forr\u00f3 \u00e9 uma express\u00e3o cultural complexa que re\u00fane diversos g\u00eaneros musicais, como o xote, bai\u00e3o, xaxado, p\u00e9-de-serra e arrasta-p\u00e9. Com o passar do tempo, esse conjunto musical se transformou e passou a dialogar com outras influ\u00eancias, originando subg\u00eaneros como a pisadinha, o piseiro e at\u00e9 mesmo contribuindo para estilos como o tecnobrega.<\/p>\n<p>Vin\u00edcius Borges Amaro, professor de harmonia e estrutura\u00e7\u00e3o musical e composi\u00e7\u00e3o, do curso de M\u00fasica da Universidade Estadual de Feira de Santana (<a href=\"https:\/\/www.acordacidade.com.br\/tag\/uefs\/\">Uefs<\/a>), explica que a palavra \u201cforr\u00f3\u201d n\u00e3o pode ser tratada apenas como um ritmo musical.<\/p>\n<p> \u201cRitmo \u00e9 um aspecto t\u00e9cnico da m\u00fasica, relacionado a dura\u00e7\u00f5es e acentua\u00e7\u00f5es. O termo mais apropriado seria g\u00eanero, mas mesmo essa defini\u00e7\u00e3o pode ser limitada no caso do forr\u00f3\u201d, afirmou o professor em entrevista ao portal Acorda Cidade.<\/p>\n<p>Segundo ele, at\u00e9 a d\u00e9cada de 1950 o termo \u201cforr\u00f3\u201d era utilizado para nomear o contexto social, o ambiente de festa, o baile, onde diferentes g\u00eaneros musicais eram tocados. \u201cForr\u00f3 como forrobod\u00f3, o lugar onde as pessoas v\u00e3o dan\u00e7ar, v\u00e3o se aconchegar. E neste lugar acontecem express\u00f5es musicais variadas como o xaxado, o xote, o bai\u00e3o, o arrasta-p\u00e9. Esses s\u00e3o os g\u00eaneros ligados ao forr\u00f3 enquanto manifesta\u00e7\u00e3o cultural.\u201d<\/p>\n<p>O professor destaca que h\u00e1 uma confus\u00e3o frequente ao se tratar de forr\u00f3 como um \u00fanico g\u00eanero musical. \u201cCom a massifica\u00e7\u00e3o da cultura do forr\u00f3, os g\u00eaneros ligados a ela come\u00e7aram a ser vistos como um s\u00f3, o que gerou uma certa confus\u00e3o terminol\u00f3gica.\u201d<\/p>\n<p>Al\u00e9m da quest\u00e3o conceitual, Professor Vin\u00edcius observa que cada subg\u00eanero est\u00e1 ligado a formas de express\u00e3o corporal distintas. \u201cO xaxado \u00e9 mais acelerado, o xote \u00e9 uma dan\u00e7a mais agarrada. Esses subg\u00eaneros est\u00e3o ligados a aspectos musicais diferentes que geram movimentos diferentes nos corpos\u201d.<\/p>\n<p>A partir da proje\u00e7\u00e3o nacional de Luiz Gonzaga, no final da d\u00e9cada de 1940, o forr\u00f3 se difundiu pelo pa\u00eds e passou a interagir com outros estilos musicais. \u201cEsses g\u00eaneros derivados do forr\u00f3 come\u00e7am a se conectar com outros subg\u00eaneros. A cultura est\u00e1 sempre em movimento, e a sociedade interfere em como as coisas se ressignificam.\u201d<\/p>\n<p>Com o tempo, elementos da m\u00fasica eletr\u00f4nica, como sintetizadores, guitarras e bateria, foram incorporados, sobretudo a partir da d\u00e9cada de 1990. \u201cA pisadinha, o piseiro, esses sons sintetizados mostram esse forr\u00f3 mais moderno, que se desenvolve de acordo com as influ\u00eancias locais, regionais e nacionais\u201d, declarou o professor ao Acorda Cidade.<\/p>\n<h2 class=\"wp-block-heading\" id=\"h-forro-autentico-existe\"><strong>Forr\u00f3 aut\u00eantico existe?<\/strong><\/h2>\n<p>O professor refor\u00e7a que o conceito de \u201cautenticidade\u201d no forr\u00f3 \u00e9 relativo. \u201cChamar de aut\u00eantico aquilo que Luiz Gonzaga apresentou \u00e9 uma vis\u00e3o limitada. A cultura est\u00e1 sempre em desenvolvimento. Eu n\u00e3o me sinto \u00e0 vontade para dizer que existe um forr\u00f3 de verdade.\u201d<\/p>\n<p>Segundo o professor, as prefer\u00eancias variam de gera\u00e7\u00e3o para gera\u00e7\u00e3o. \u201cPara quem nasceu nos anos 2000, bandas como Calcinha Preta e Lim\u00e3o com Mel representam o forr\u00f3 aut\u00eantico. J\u00e1 para mim, o que me agrada mais \u00e9 o p\u00e9-de-serra. A m\u00fasica vai se moldar de acordo com a sociedade que est\u00e1 consumindo ela.\u201d<\/p>\n<p>Professor Vin\u00edcius destaca tamb\u00e9m que o forr\u00f3, enquanto manifesta\u00e7\u00e3o cultural, envolve m\u00faltiplos g\u00eaneros e segue se transformando. \u201cEle foi sofrendo as modifica\u00e7\u00f5es naturais que a sociedade imp\u00f5e. Os Bar\u00f5es da Pisadinha, por exemplo, est\u00e3o sendo amplamente consumidos, e isso mostra que est\u00e3o hoje na linha de frente dessa cultura em movimento.\u201d<\/p>\n<p><em>Com informa\u00e7\u00f5es do rep\u00f3rter Ed Santos do Acorda Cidade<\/em><\/p>\n<p><em>Siga o Acorda Cidade no<\/em><a href=\"https:\/\/news.google.com\/search?q=acorda%20cidade&amp;hl=pt-BR&amp;gl=BR&amp;ceid=BR%3Apt-419\"><strong><em>\u00a0Google Not\u00edcias<\/em><\/strong><\/a><em>\u00a0e receba os principais destaques do dia. Participe tamb\u00e9m dos nossos canais no\u00a0<\/em><a href=\"https:\/\/whatsapp.com\/channel\/0029Va6Rb4v3WHTNnsh8WI3N\"><strong><em>WhatsApp<\/em><\/strong><\/a><em>\u00a0e\u00a0<\/em><a href=\"https:\/\/www.youtube.com\/@acordacidadenoticias\/videos\"><strong>Youtube<\/strong><\/a><em>\u00a0e grupo de\u00a0<\/em><a href=\"https:\/\/t.me\/+sSz0khrgARA0ZmRh\"><strong><em>Telegram<\/em><\/strong><\/a><em>.<\/em><\/p>\n<\/div>\n","protected":false},"excerpt":{"rendered":"<div>\n<div>\n<figure><img decoding=\"async\" src=\"https:\/\/uploads.acordacidade.com.br\/2025\/06\/Arrastape-forro-pe-de-serra.jpg\" alt=\"Forr\u00f3 p\u00e9 de serra e arrasta p\u00e9\"><figcaption>Foto: Divulga\u00e7\u00e3o\/Ilustrativa <\/figcaption><\/figure>\n<\/div>\n<p>A partir da proje\u00e7\u00e3o nacional de Luiz Gonzaga, no final da d\u00e9cada de 1940, o forr\u00f3 se difundiu pelo pa\u00eds e passou a interagir com outros estilos musicais.<\/p><\/div>\n","protected":false},"author":1,"featured_media":90932,"comment_status":"closed","ping_status":"closed","sticky":false,"template":"","format":"gallery","meta":{"footnotes":""},"categories":[8,9,6,57,56,10],"tags":[],"class_list":["post-90931","post","type-post","status-publish","format-gallery","has-post-thumbnail","hentry","category-bahia","category-brasil","category-feira-de-santana","category-mundo","category-policia","category-politica","post_format-post-format-gallery"],"featured_image_urls":{"full":["https:\/\/noticiasbahia360.com.br\/wp-content\/uploads\/2025\/06\/Arrastape-forro-pe-de-serra.jpg",1300,935,false],"thumbnail":["https:\/\/noticiasbahia360.com.br\/wp-content\/uploads\/2025\/06\/Arrastape-forro-pe-de-serra-150x150.jpg",150,150,true],"medium":["https:\/\/noticiasbahia360.com.br\/wp-content\/uploads\/2025\/06\/Arrastape-forro-pe-de-serra-300x216.jpg",300,216,true],"medium_large":["https:\/\/noticiasbahia360.com.br\/wp-content\/uploads\/2025\/06\/Arrastape-forro-pe-de-serra-768x552.jpg",640,460,true],"large":["https:\/\/noticiasbahia360.com.br\/wp-content\/uploads\/2025\/06\/Arrastape-forro-pe-de-serra-1024x736.jpg",640,460,true],"1536x1536":["https:\/\/noticiasbahia360.com.br\/wp-content\/uploads\/2025\/06\/Arrastape-forro-pe-de-serra.jpg",1300,935,false],"2048x2048":["https:\/\/noticiasbahia360.com.br\/wp-content\/uploads\/2025\/06\/Arrastape-forro-pe-de-serra.jpg",1300,935,false],"chromenews-featured":["https:\/\/noticiasbahia360.com.br\/wp-content\/uploads\/2025\/06\/Arrastape-forro-pe-de-serra-1024x736.jpg",1024,736,true],"chromenews-large":["https:\/\/noticiasbahia360.com.br\/wp-content\/uploads\/2025\/06\/Arrastape-forro-pe-de-serra-825x575.jpg",825,575,true],"chromenews-medium":["https:\/\/noticiasbahia360.com.br\/wp-content\/uploads\/2025\/06\/Arrastape-forro-pe-de-serra-590x410.jpg",590,410,true]},"author_info":{"display_name":"noticiasbahia360.com.br","author_link":"https:\/\/noticiasbahia360.com.br\/?author=1"},"category_info":"<a href=\"https:\/\/noticiasbahia360.com.br\/?cat=8\" rel=\"category\">Bahia<\/a> <a href=\"https:\/\/noticiasbahia360.com.br\/?cat=9\" rel=\"category\">Brasil<\/a> <a href=\"https:\/\/noticiasbahia360.com.br\/?cat=6\" rel=\"category\">Feira de Santana<\/a> <a href=\"https:\/\/noticiasbahia360.com.br\/?cat=57\" rel=\"category\">Mundo<\/a> <a href=\"https:\/\/noticiasbahia360.com.br\/?cat=56\" rel=\"category\">Pol\u00edcia<\/a> <a href=\"https:\/\/noticiasbahia360.com.br\/?cat=10\" rel=\"category\">Pol\u00edtica<\/a>","tag_info":"Pol\u00edtica","comment_count":"0","_links":{"self":[{"href":"https:\/\/noticiasbahia360.com.br\/index.php?rest_route=\/wp\/v2\/posts\/90931","targetHints":{"allow":["GET"]}}],"collection":[{"href":"https:\/\/noticiasbahia360.com.br\/index.php?rest_route=\/wp\/v2\/posts"}],"about":[{"href":"https:\/\/noticiasbahia360.com.br\/index.php?rest_route=\/wp\/v2\/types\/post"}],"author":[{"embeddable":true,"href":"https:\/\/noticiasbahia360.com.br\/index.php?rest_route=\/wp\/v2\/users\/1"}],"replies":[{"embeddable":true,"href":"https:\/\/noticiasbahia360.com.br\/index.php?rest_route=%2Fwp%2Fv2%2Fcomments&post=90931"}],"version-history":[{"count":0,"href":"https:\/\/noticiasbahia360.com.br\/index.php?rest_route=\/wp\/v2\/posts\/90931\/revisions"}],"wp:featuredmedia":[{"embeddable":true,"href":"https:\/\/noticiasbahia360.com.br\/index.php?rest_route=\/wp\/v2\/media\/90932"}],"wp:attachment":[{"href":"https:\/\/noticiasbahia360.com.br\/index.php?rest_route=%2Fwp%2Fv2%2Fmedia&parent=90931"}],"wp:term":[{"taxonomy":"category","embeddable":true,"href":"https:\/\/noticiasbahia360.com.br\/index.php?rest_route=%2Fwp%2Fv2%2Fcategories&post=90931"},{"taxonomy":"post_tag","embeddable":true,"href":"https:\/\/noticiasbahia360.com.br\/index.php?rest_route=%2Fwp%2Fv2%2Ftags&post=90931"}],"curies":[{"name":"wp","href":"https:\/\/api.w.org\/{rel}","templated":true}]}}