{"id":90935,"date":"2025-06-24T14:00:05","date_gmt":"2025-06-24T17:00:05","guid":{"rendered":"https:\/\/noticiasbahia360.com.br\/?p=90935"},"modified":"2025-06-24T14:00:05","modified_gmt":"2025-06-24T17:00:05","slug":"morreu-aos-89-anos-em-feira-de-santana-diogenes-carvalho-considerado-o-fa-numero-1-de-nelson-goncalves","status":"publish","type":"post","link":"https:\/\/noticiasbahia360.com.br\/?p=90935","title":{"rendered":"Morreu aos 89 anos em Feira de Santana, Di\u00f3genes Carvalho, considerado o f\u00e3 n\u00famero 1 de Nelson Gon\u00e7alves"},"content":{"rendered":"<div>\n<div>\n<figure><img decoding=\"async\" src=\"http:\/\/noticiasbahia360.com.br\/wp-content\/uploads\/2025\/06\/diogenes-carvalho-fa-de-nelson-rodrigues.jpg\" alt=\"Di\u00f3genes Carvalho\"><figcaption>Foto: Arquivo Pessoal<\/figcaption><\/figure>\n<\/div>\n<p>Faleceu em Feira de Santana, aos 89 anos, Di\u00f3genes Carvalho Nunes, c<a href=\"https:\/\/www.acordacidade.com.br\/cultura\/acervo-da-obra-do-cantor-nelson-goncalves-e-transformado-em-memorial\/\">onhecido por sua dedica\u00e7\u00e3o \u00e0 mem\u00f3ria do cantor Nelson Gon\u00e7alves.<\/a> Ex-funcion\u00e1rio do Clube de Campo Cajueiro, Di\u00f3genes era considerado pelo pr\u00f3prio artista como seu \u201cf\u00e3 n\u00famero 1\u201d, t\u00edtulo que carregou com orgulho at\u00e9 o fim da vida. N\u00e3o foram divulgados detalhes sobre as circunst\u00e2ncias do falecimento.<\/p>\n<figure class=\"wp-block-image size-full\"><img fetchpriority=\"high\" data-dominant-color=\"a59190\" data-has-transparency=\"false\" style=\"--dominant-color: #a59190;\" fetchpriority=\"high\" decoding=\"async\" width=\"1200\" height=\"759\" sizes=\"(max-width: 1200px) 100vw, 1200px\" src=\"http:\/\/noticiasbahia360.com.br\/wp-content\/uploads\/2025\/06\/o5PFuoTE-diogenes-carvalho-e-Nelson-Goncalves.webp\" alt=\"Di\u00f3genes carvalho e Nelson Gon\u00e7alves\" class=\"wp-image-568736 not-transparent\" srcset=\"https:\/\/uploads.acordacidade.com.br\/2025\/06\/o5PFuoTE-diogenes-carvalho-e-Nelson-Goncalves-577x365.webp 577w, https:\/\/uploads.acordacidade.com.br\/2025\/06\/o5PFuoTE-diogenes-carvalho-e-Nelson-Goncalves-874x553.webp 874w, https:\/\/uploads.acordacidade.com.br\/2025\/06\/o5PFuoTE-diogenes-carvalho-e-Nelson-Goncalves-150x95.webp 150w, http:\/\/noticiasbahia360.com.br\/wp-content\/uploads\/2025\/06\/o5PFuoTE-diogenes-carvalho-e-Nelson-Goncalves.webp 1200w\"><figcaption class=\"wp-element-caption\">Di\u00f3genes carvalho e Nelson Gon\u00e7alves | Foto: Acervo Pessoal<\/figcaption><\/figure>\n<p>Ao longo de mais de seis d\u00e9cadas, Di\u00f3genes reuniu um extenso acervo sobre a trajet\u00f3ria de Nelson Gon\u00e7alves, incluindo discos de vinil gravados a partir da d\u00e9cada de 1940, DVDs, reportagens, filmes e fotografias. Esse material foi doado para a Funda\u00e7\u00e3o Egberto Costa, da Prefeitura de Feira de Santana, e passou a compor o Memorial Nelson Gon\u00e7alves, instalado em uma sala no Edif\u00edcio Mandacaru, no centro da cidade.<\/p>\n<p>A doa\u00e7\u00e3o foi formalizada por meio de um documento firmado com a Procuradoria Geral do Munic\u00edpio, simbolizando o compromisso de Di\u00f3genes com a preserva\u00e7\u00e3o da mem\u00f3ria do artista. Mais de mil discos da cole\u00e7\u00e3o passaram a ser disponibilizados ao p\u00fablico, um marco que ele considerava a realiza\u00e7\u00e3o de um sonho.<\/p>\n<h2 class=\"wp-block-heading\" id=\"h-historia-de-diogenes-carvalho-virou-documentario\">Hist\u00f3ria de Di\u00f3genes Carvalho virou document\u00e1rio<\/h2>\n<p>A hist\u00f3ria de Di\u00f3genes e sua admira\u00e7\u00e3o por Nelson Gon\u00e7alves tamb\u00e9m foi registrada no document\u00e1rio \u201cO F\u00e3 N\u00famero 1\u201d, dirigido pelo jornalista e atual secret\u00e1rio de Cultura de Feira de Santana, Edson Borges. O filme foi exibido na inaugura\u00e7\u00e3o do memorial, celebrando o legado de ambos.<\/p>\n<figure class=\"wp-block-embed is-type-video is-provider-youtube wp-block-embed-youtube wp-embed-aspect-16-9 wp-has-aspect-ratio\">\n<div class=\"wp-block-embed__wrapper\">\n<iframe loading=\"lazy\" title=\"O F\u00e3 n\u00famero 1\" width=\"500\" height=\"281\" src=\"https:\/\/www.youtube.com\/embed\/8etdB1ALp0c?feature=oembed\" frameborder=\"0\" allow=\"accelerometer; autoplay; clipboard-write; encrypted-media; gyroscope; picture-in-picture; web-share\" referrerpolicy=\"strict-origin-when-cross-origin\" allowfullscreen><\/iframe>\n<\/div>\n<\/figure>\n<p>Em uma de suas declara\u00e7\u00f5es mais marcantes, Di\u00f3genes relembrou uma conversa com o pr\u00f3prio cantor.<\/p>\n<blockquote class=\"wp-block-quote is-layout-flow wp-block-quote-is-layout-flow\">\n<p><strong>\u201cEu disse a Nelson, um dia em que ele me apresentou a sua filha Margareth, que depois do pai dele, eu sou o seu f\u00e3 n\u00famero 1, que enquanto eu vivesse a sua voz n\u00e3o desapareceria. Agora, a minha palavra est\u00e1 mantida.\u201d<\/strong><\/p>\n<\/blockquote>\n<p><em>Siga o Acorda Cidade no<\/em><a href=\"https:\/\/news.google.com\/search?q=acorda%20cidade&amp;hl=pt-BR&amp;gl=BR&amp;ceid=BR%3Apt-419\"><strong><em>\u00a0Google Not\u00edcias<\/em><\/strong><\/a><em>\u00a0e receba os principais destaques do dia. Participe tamb\u00e9m dos nossos canais no\u00a0<\/em><a href=\"https:\/\/www.whatsapp.com\/channel\/0029Va6Rb4v3WHTNnsh8WI3N\"><strong><em>WhatsApp<\/em><\/strong><\/a><em>\u00a0e\u00a0<\/em><a href=\"https:\/\/www.youtube.com\/@acordacidadenoticias\/videos\"><strong>Youtube<\/strong><\/a><em>\u00a0e grupo de\u00a0<\/em><a href=\"https:\/\/t.me\/+sSz0khrgARA0ZmRh\"><strong><em>Telegram<\/em><\/strong><\/a><em>.<\/em><\/p>\n<\/div>\n","protected":false},"excerpt":{"rendered":"<div>\n<div>\n<figure><img decoding=\"async\" src=\"https:\/\/uploads.acordacidade.com.br\/2025\/06\/diogenes-carvalho-fa-de-nelson-rodrigues.jpg\" alt=\"Di\u00f3genes Carvalho\"><figcaption>Foto: Arquivo Pessoal<\/figcaption><\/figure>\n<\/div>\n<p>A hist\u00f3ria de Di\u00f3genes e sua admira\u00e7\u00e3o por Nelson Gon\u00e7alves tamb\u00e9m foi registrada no document\u00e1rio &#8220;O F\u00e3 N\u00famero 1&#8221;.<\/p><\/div>\n","protected":false},"author":1,"featured_media":90936,"comment_status":"closed","ping_status":"closed","sticky":false,"template":"","format":"gallery","meta":{"footnotes":""},"categories":[8,9,6,57,56,10],"tags":[],"class_list":["post-90935","post","type-post","status-publish","format-gallery","has-post-thumbnail","hentry","category-bahia","category-brasil","category-feira-de-santana","category-mundo","category-policia","category-politica","post_format-post-format-gallery"],"featured_image_urls":{"full":["https:\/\/noticiasbahia360.com.br\/wp-content\/uploads\/2025\/06\/diogenes-carvalho-fa-de-nelson-rodrigues.jpg",1200,801,false],"thumbnail":["https:\/\/noticiasbahia360.com.br\/wp-content\/uploads\/2025\/06\/diogenes-carvalho-fa-de-nelson-rodrigues-150x150.jpg",150,150,true],"medium":["https:\/\/noticiasbahia360.com.br\/wp-content\/uploads\/2025\/06\/diogenes-carvalho-fa-de-nelson-rodrigues-300x200.jpg",300,200,true],"medium_large":["https:\/\/noticiasbahia360.com.br\/wp-content\/uploads\/2025\/06\/diogenes-carvalho-fa-de-nelson-rodrigues-768x513.jpg",640,428,true],"large":["https:\/\/noticiasbahia360.com.br\/wp-content\/uploads\/2025\/06\/diogenes-carvalho-fa-de-nelson-rodrigues-1024x684.jpg",640,428,true],"1536x1536":["https:\/\/noticiasbahia360.com.br\/wp-content\/uploads\/2025\/06\/diogenes-carvalho-fa-de-nelson-rodrigues.jpg",1200,801,false],"2048x2048":["https:\/\/noticiasbahia360.com.br\/wp-content\/uploads\/2025\/06\/diogenes-carvalho-fa-de-nelson-rodrigues.jpg",1200,801,false],"chromenews-featured":["https:\/\/noticiasbahia360.com.br\/wp-content\/uploads\/2025\/06\/diogenes-carvalho-fa-de-nelson-rodrigues-1024x684.jpg",1024,684,true],"chromenews-large":["https:\/\/noticiasbahia360.com.br\/wp-content\/uploads\/2025\/06\/diogenes-carvalho-fa-de-nelson-rodrigues-825x575.jpg",825,575,true],"chromenews-medium":["https:\/\/noticiasbahia360.com.br\/wp-content\/uploads\/2025\/06\/diogenes-carvalho-fa-de-nelson-rodrigues-590x410.jpg",590,410,true]},"author_info":{"display_name":"noticiasbahia360.com.br","author_link":"https:\/\/noticiasbahia360.com.br\/?author=1"},"category_info":"<a href=\"https:\/\/noticiasbahia360.com.br\/?cat=8\" rel=\"category\">Bahia<\/a> <a href=\"https:\/\/noticiasbahia360.com.br\/?cat=9\" rel=\"category\">Brasil<\/a> <a href=\"https:\/\/noticiasbahia360.com.br\/?cat=6\" rel=\"category\">Feira de Santana<\/a> <a href=\"https:\/\/noticiasbahia360.com.br\/?cat=57\" rel=\"category\">Mundo<\/a> <a href=\"https:\/\/noticiasbahia360.com.br\/?cat=56\" rel=\"category\">Pol\u00edcia<\/a> <a href=\"https:\/\/noticiasbahia360.com.br\/?cat=10\" rel=\"category\">Pol\u00edtica<\/a>","tag_info":"Pol\u00edtica","comment_count":"0","_links":{"self":[{"href":"https:\/\/noticiasbahia360.com.br\/index.php?rest_route=\/wp\/v2\/posts\/90935","targetHints":{"allow":["GET"]}}],"collection":[{"href":"https:\/\/noticiasbahia360.com.br\/index.php?rest_route=\/wp\/v2\/posts"}],"about":[{"href":"https:\/\/noticiasbahia360.com.br\/index.php?rest_route=\/wp\/v2\/types\/post"}],"author":[{"embeddable":true,"href":"https:\/\/noticiasbahia360.com.br\/index.php?rest_route=\/wp\/v2\/users\/1"}],"replies":[{"embeddable":true,"href":"https:\/\/noticiasbahia360.com.br\/index.php?rest_route=%2Fwp%2Fv2%2Fcomments&post=90935"}],"version-history":[{"count":0,"href":"https:\/\/noticiasbahia360.com.br\/index.php?rest_route=\/wp\/v2\/posts\/90935\/revisions"}],"wp:featuredmedia":[{"embeddable":true,"href":"https:\/\/noticiasbahia360.com.br\/index.php?rest_route=\/wp\/v2\/media\/90936"}],"wp:attachment":[{"href":"https:\/\/noticiasbahia360.com.br\/index.php?rest_route=%2Fwp%2Fv2%2Fmedia&parent=90935"}],"wp:term":[{"taxonomy":"category","embeddable":true,"href":"https:\/\/noticiasbahia360.com.br\/index.php?rest_route=%2Fwp%2Fv2%2Fcategories&post=90935"},{"taxonomy":"post_tag","embeddable":true,"href":"https:\/\/noticiasbahia360.com.br\/index.php?rest_route=%2Fwp%2Fv2%2Ftags&post=90935"}],"curies":[{"name":"wp","href":"https:\/\/api.w.org\/{rel}","templated":true}]}}