{"id":90940,"date":"2025-06-24T15:11:34","date_gmt":"2025-06-24T18:11:34","guid":{"rendered":"https:\/\/noticiasbahia360.com.br\/?p=90940"},"modified":"2025-06-24T15:11:34","modified_gmt":"2025-06-24T18:11:34","slug":"beiju-e-reconhecido-como-patrimonio-imaterial-do-municipio-de-irara","status":"publish","type":"post","link":"https:\/\/noticiasbahia360.com.br\/?p=90940","title":{"rendered":"Beiju \u00e9 reconhecido como Patrim\u00f4nio Imaterial do Munic\u00edpio de Irar\u00e1"},"content":{"rendered":"<div>\n<div>\n<figure><img decoding=\"async\" src=\"http:\/\/noticiasbahia360.com.br\/wp-content\/uploads\/2025\/06\/beiju-de-Irara-foto-Lucinha-Anunciacao-Divulgacao.jpg\" alt=\"beiju de irar\u00e1\"><figcaption>Foto:  Lucinha Anuncia\u00e7\u00e3o\/Divulga\u00e7\u00e3o<\/figcaption><\/figure>\n<\/div>\n<p><a href=\"https:\/\/www.acordacidade.com.br\/tag\/irara\/\">Irar\u00e1 <\/a>viveu um momento hist\u00f3rico no dia 17 de junho de 2025. Em uma sess\u00e3o marcada por emo\u00e7\u00e3o e unanimidade, a C\u00e2mara Municipal aprovou o <strong>projeto de lei que reconhece oficialmente o Beiju como Patrim\u00f4nio Imaterial do Munic\u00edpio. <\/strong><\/p>\n<p>A proposta, de autoria do vereador Joelson Dantas, recebeu o apoio decisivo do presidente da Casa, vereador Jarr\u00e3o, e dos demais parlamentares, com destaque para a vereadora Jacilene, representante das comunidades de Quebra Fogo e adjac\u00eancias.<\/p>\n<figure class=\"wp-block-image size-large\"><img fetchpriority=\"high\" data-dominant-color=\"735c47\" data-has-transparency=\"false\" style=\"--dominant-color: #735c47;\" fetchpriority=\"high\" decoding=\"async\" width=\"1162\" height=\"768\" sizes=\"(max-width: 1162px) 100vw, 1162px\" src=\"http:\/\/noticiasbahia360.com.br\/wp-content\/uploads\/2025\/06\/X3bdUHhW-Produtora-cultural-Bernadete-Anunciacao-e-fotografa-Lucy-Anunciacao-1162x768-1.webp\" alt=\"Produtora cultural Bernadete Anuncia\u00e7\u00e3o e fot\u00f3grafa Lucy Anuncia\u00e7\u00e3o\" class=\"wp-image-568749 not-transparent\" srcset=\"https:\/\/uploads.acordacidade.com.br\/2025\/06\/X3bdUHhW-Produtora-cultural-Bernadete-Anunciacao-e-fotografa-Lucy-Anunciacao-552x365.webp 552w, http:\/\/noticiasbahia360.com.br\/wp-content\/uploads\/2025\/06\/X3bdUHhW-Produtora-cultural-Bernadete-Anunciacao-e-fotografa-Lucy-Anunciacao-1162x768-1.webp 1162w, https:\/\/uploads.acordacidade.com.br\/2025\/06\/X3bdUHhW-Produtora-cultural-Bernadete-Anunciacao-e-fotografa-Lucy-Anunciacao-837x553.webp 837w, https:\/\/uploads.acordacidade.com.br\/2025\/06\/X3bdUHhW-Produtora-cultural-Bernadete-Anunciacao-e-fotografa-Lucy-Anunciacao-150x99.webp 150w, https:\/\/uploads.acordacidade.com.br\/2025\/06\/X3bdUHhW-Produtora-cultural-Bernadete-Anunciacao-e-fotografa-Lucy-Anunciacao.webp 1200w\"><figcaption class=\"wp-element-caption\">Produtora cultural Bernadete Anuncia\u00e7\u00e3o e fot\u00f3grafa Lucy Anuncia\u00e7\u00e3o<\/figcaption><\/figure>\n<p>A conquista \u00e9 resultado de uma longa articula\u00e7\u00e3o coletiva, protagonizada pela produtora cultural Bernadete Anuncia\u00e7\u00e3o e pela fot\u00f3grafa Lucy Anuncia\u00e7\u00e3o, idealizadoras do Festival Itinerante do Beiju, que h\u00e1 dez anos percorre comunidades rurais de Irar\u00e1 celebrando a cultura da mandioca, a gastronomia regional e os saberes tradicionais. <\/p>\n<p>Mais do que um evento gastron\u00f4mico, o festival \u00e9 espa\u00e7o de resist\u00eancia cultural e art\u00edstica, com apresenta\u00e7\u00f5es de cordel, m\u00fasica, fotografia, poesia e valoriza\u00e7\u00e3o da agricultura familiar.<\/p>\n<p>O reconhecimento do Beiju como patrim\u00f4nio imaterial representa a consagra\u00e7\u00e3o de uma d\u00e9cada de dedica\u00e7\u00e3o \u00e0 preserva\u00e7\u00e3o da mem\u00f3ria, dos sabores e das pr\u00e1ticas culturais que moldam a identidade do povo iraraense. A aprova\u00e7\u00e3o do projeto reafirma a import\u00e2ncia dos saberes populares e do protagonismo das comunidades rurais na constru\u00e7\u00e3o do presente e do futuro do munic\u00edpio.<\/p>\n<p>Mais que um alimento, o Beiju \u00e9 s\u00edmbolo de afeto, mem\u00f3ria e pertencimento. E agora, \u00e9 tamb\u00e9m patrim\u00f4nio.<\/p>\n<figure class=\"wp-block-image size-large\"><img data-dominant-color=\"80756a\" data-has-transparency=\"false\" style=\"--dominant-color: #80756a;\" decoding=\"async\" width=\"1152\" height=\"768\" sizes=\"(max-width: 1152px) 100vw, 1152px\" src=\"http:\/\/noticiasbahia360.com.br\/wp-content\/uploads\/2025\/06\/9HNwLe1A-Beiju-e-reconhecido-como-Patrimonio-Imaterial-do-Municipio-de-Irara-1-1152x768-1.webp\" alt=\"Beiju \u00e9 reconhecido como Patrim\u00f4nio Imaterial do Munic\u00edpio de Irar\u00e1\" class=\"wp-image-568750 not-transparent\" srcset=\"https:\/\/uploads.acordacidade.com.br\/2025\/06\/9HNwLe1A-Beiju-e-reconhecido-como-Patrimonio-Imaterial-do-Municipio-de-Irara-1-548x365.webp 548w, http:\/\/noticiasbahia360.com.br\/wp-content\/uploads\/2025\/06\/9HNwLe1A-Beiju-e-reconhecido-como-Patrimonio-Imaterial-do-Municipio-de-Irara-1-1152x768-1.webp 1152w, https:\/\/uploads.acordacidade.com.br\/2025\/06\/9HNwLe1A-Beiju-e-reconhecido-como-Patrimonio-Imaterial-do-Municipio-de-Irara-1-830x553.webp 830w, https:\/\/uploads.acordacidade.com.br\/2025\/06\/9HNwLe1A-Beiju-e-reconhecido-como-Patrimonio-Imaterial-do-Municipio-de-Irara-1-150x100.webp 150w, https:\/\/uploads.acordacidade.com.br\/2025\/06\/9HNwLe1A-Beiju-e-reconhecido-como-Patrimonio-Imaterial-do-Municipio-de-Irara-1.webp 1200w\"><figcaption class=\"wp-element-caption\">Foto:  Ascom<\/figcaption><\/figure>\n<h2 class=\"wp-block-heading\" id=\"h-reuniao-avanca-projeto-da-indicacao-geografica-ig-da-farinha-de-irara\">Reuni\u00e3o avan\u00e7a Projeto da Indica\u00e7\u00e3o Geogr\u00e1fica (IG) da farinha de Irar\u00e1<\/h2>\n<p>Na manh\u00e3 do mesmo dia outro importante passo foi dado na valoriza\u00e7\u00e3o do patrim\u00f4nio cultural e produtivo de Irar\u00e1. Em reuni\u00e3o estrat\u00e9gica, foi discutido o avan\u00e7o do processo de reconhecimento da Indica\u00e7\u00e3o Geogr\u00e1fica (IG) da Farinha de Irar\u00e1, reunindo a equipe de pesquisadores da UFBA, liderada pela doutoranda Dr\u00aa Andreia Alc\u00e2ntara, com participa\u00e7\u00e3o das doutorandas Paula e Alber.<\/p>\n<p>Participaram ainda o presidente da C\u00e2mara Municipal, vereador Jarr\u00e3o, a vereadora Jacilene, al\u00e9m de representantes das secretarias municipais de Agricultura, Meio Ambiente e Desenvolvimento Econ\u00f4mico. O encontro teve como objetivo alinhar esfor\u00e7os para garantir o reconhecimento oficial da farinha como produto vinculado ao territ\u00f3rio e \u00e0 identidade cultural local.<\/p>\n<p>O IG \u00e9 uma ferramenta estrat\u00e9gica para fortalecer a economia e proteger saberes tradicionais, garantindo que a farinha de Irar\u00e1 seja reconhecida por sua qualidade, origem e hist\u00f3ria. Assim como o Festival do Beiju, o projeto do IG integra um conjunto de iniciativas que unem cultura, desenvolvimento sustent\u00e1vel e valoriza\u00e7\u00e3o das ra\u00edzes do povo iraraense.<\/p>\n<p><em>Siga o Acorda Cidade no<\/em><a href=\"https:\/\/news.google.com\/search?q=acorda%20cidade&amp;hl=pt-BR&amp;gl=BR&amp;ceid=BR%3Apt-419\"><strong><em>\u00a0Google Not\u00edcias<\/em><\/strong><\/a><em>\u00a0e receba os principais destaques do dia. Participe tamb\u00e9m dos nossos canais no\u00a0<\/em><a href=\"https:\/\/www.whatsapp.com\/channel\/0029Va6Rb4v3WHTNnsh8WI3N\"><strong><em>WhatsApp<\/em><\/strong><\/a><em>\u00a0e\u00a0<\/em><a href=\"https:\/\/www.youtube.com\/@acordacidadenoticias\/videos\"><strong>YouTube<\/strong><\/a><em>\u00a0e grupo de\u00a0<\/em><a href=\"https:\/\/t.me\/+sSz0khrgARA0ZmRh\"><strong><em>Telegram<\/em><\/strong><\/a><em>.<\/em><\/p>\n<\/div>\n","protected":false},"excerpt":{"rendered":"<div>\n<div>\n<figure><img decoding=\"async\" src=\"https:\/\/uploads.acordacidade.com.br\/2025\/06\/beiju-de-Irara-foto-Lucinha-Anunciacao-Divulgacao.jpg\" alt=\"beiju de irar\u00e1\"><figcaption>Foto:  Lucinha Anuncia\u00e7\u00e3o\/Divulga\u00e7\u00e3o<\/figcaption><\/figure>\n<\/div>\n<p>O reconhecimento do Beiju como patrim\u00f4nio imaterial representa a consagra\u00e7\u00e3o de uma d\u00e9cada de dedica\u00e7\u00e3o \u00e0 preserva\u00e7\u00e3o da mem\u00f3ria irarense.<\/p><\/div>\n","protected":false},"author":1,"featured_media":90941,"comment_status":"closed","ping_status":"closed","sticky":false,"template":"","format":"gallery","meta":{"footnotes":""},"categories":[8,9,6,57,56,10],"tags":[],"class_list":["post-90940","post","type-post","status-publish","format-gallery","has-post-thumbnail","hentry","category-bahia","category-brasil","category-feira-de-santana","category-mundo","category-policia","category-politica","post_format-post-format-gallery"],"featured_image_urls":{"full":["https:\/\/noticiasbahia360.com.br\/wp-content\/uploads\/2025\/06\/beiju-de-Irara-foto-Lucinha-Anunciacao-Divulgacao.jpg",1200,800,false],"thumbnail":["https:\/\/noticiasbahia360.com.br\/wp-content\/uploads\/2025\/06\/beiju-de-Irara-foto-Lucinha-Anunciacao-Divulgacao-150x150.jpg",150,150,true],"medium":["https:\/\/noticiasbahia360.com.br\/wp-content\/uploads\/2025\/06\/beiju-de-Irara-foto-Lucinha-Anunciacao-Divulgacao-300x200.jpg",300,200,true],"medium_large":["https:\/\/noticiasbahia360.com.br\/wp-content\/uploads\/2025\/06\/beiju-de-Irara-foto-Lucinha-Anunciacao-Divulgacao-768x512.jpg",640,427,true],"large":["https:\/\/noticiasbahia360.com.br\/wp-content\/uploads\/2025\/06\/beiju-de-Irara-foto-Lucinha-Anunciacao-Divulgacao-1024x683.jpg",640,427,true],"1536x1536":["https:\/\/noticiasbahia360.com.br\/wp-content\/uploads\/2025\/06\/beiju-de-Irara-foto-Lucinha-Anunciacao-Divulgacao.jpg",1200,800,false],"2048x2048":["https:\/\/noticiasbahia360.com.br\/wp-content\/uploads\/2025\/06\/beiju-de-Irara-foto-Lucinha-Anunciacao-Divulgacao.jpg",1200,800,false],"chromenews-featured":["https:\/\/noticiasbahia360.com.br\/wp-content\/uploads\/2025\/06\/beiju-de-Irara-foto-Lucinha-Anunciacao-Divulgacao-1024x683.jpg",1024,683,true],"chromenews-large":["https:\/\/noticiasbahia360.com.br\/wp-content\/uploads\/2025\/06\/beiju-de-Irara-foto-Lucinha-Anunciacao-Divulgacao-825x575.jpg",825,575,true],"chromenews-medium":["https:\/\/noticiasbahia360.com.br\/wp-content\/uploads\/2025\/06\/beiju-de-Irara-foto-Lucinha-Anunciacao-Divulgacao-590x410.jpg",590,410,true]},"author_info":{"display_name":"noticiasbahia360.com.br","author_link":"https:\/\/noticiasbahia360.com.br\/?author=1"},"category_info":"<a href=\"https:\/\/noticiasbahia360.com.br\/?cat=8\" rel=\"category\">Bahia<\/a> <a href=\"https:\/\/noticiasbahia360.com.br\/?cat=9\" rel=\"category\">Brasil<\/a> <a href=\"https:\/\/noticiasbahia360.com.br\/?cat=6\" rel=\"category\">Feira de Santana<\/a> <a href=\"https:\/\/noticiasbahia360.com.br\/?cat=57\" rel=\"category\">Mundo<\/a> <a href=\"https:\/\/noticiasbahia360.com.br\/?cat=56\" rel=\"category\">Pol\u00edcia<\/a> <a href=\"https:\/\/noticiasbahia360.com.br\/?cat=10\" rel=\"category\">Pol\u00edtica<\/a>","tag_info":"Pol\u00edtica","comment_count":"0","_links":{"self":[{"href":"https:\/\/noticiasbahia360.com.br\/index.php?rest_route=\/wp\/v2\/posts\/90940","targetHints":{"allow":["GET"]}}],"collection":[{"href":"https:\/\/noticiasbahia360.com.br\/index.php?rest_route=\/wp\/v2\/posts"}],"about":[{"href":"https:\/\/noticiasbahia360.com.br\/index.php?rest_route=\/wp\/v2\/types\/post"}],"author":[{"embeddable":true,"href":"https:\/\/noticiasbahia360.com.br\/index.php?rest_route=\/wp\/v2\/users\/1"}],"replies":[{"embeddable":true,"href":"https:\/\/noticiasbahia360.com.br\/index.php?rest_route=%2Fwp%2Fv2%2Fcomments&post=90940"}],"version-history":[{"count":0,"href":"https:\/\/noticiasbahia360.com.br\/index.php?rest_route=\/wp\/v2\/posts\/90940\/revisions"}],"wp:featuredmedia":[{"embeddable":true,"href":"https:\/\/noticiasbahia360.com.br\/index.php?rest_route=\/wp\/v2\/media\/90941"}],"wp:attachment":[{"href":"https:\/\/noticiasbahia360.com.br\/index.php?rest_route=%2Fwp%2Fv2%2Fmedia&parent=90940"}],"wp:term":[{"taxonomy":"category","embeddable":true,"href":"https:\/\/noticiasbahia360.com.br\/index.php?rest_route=%2Fwp%2Fv2%2Fcategories&post=90940"},{"taxonomy":"post_tag","embeddable":true,"href":"https:\/\/noticiasbahia360.com.br\/index.php?rest_route=%2Fwp%2Fv2%2Ftags&post=90940"}],"curies":[{"name":"wp","href":"https:\/\/api.w.org\/{rel}","templated":true}]}}