{"id":90944,"date":"2025-06-24T15:20:47","date_gmt":"2025-06-24T18:20:47","guid":{"rendered":"https:\/\/noticiasbahia360.com.br\/?p=90944"},"modified":"2025-06-24T15:20:47","modified_gmt":"2025-06-24T18:20:47","slug":"estava-com-saudade-de-fazer-show-em-feira-de-santana-declara-vocalista-da-banda-raca-negra","status":"publish","type":"post","link":"https:\/\/noticiasbahia360.com.br\/?p=90944","title":{"rendered":"\u201cEstava com saudade de fazer show em Feira de Santana\u201d, declara vocalista da banda Ra\u00e7a Negra"},"content":{"rendered":"<div>\n<div>\n<figure><img decoding=\"async\" src=\"http:\/\/noticiasbahia360.com.br\/wp-content\/uploads\/2025\/06\/Raca-Negra-Fotos-Washington-Nery-23-06-25-30-sao-jose.jpg\" alt=\"Ra\u00e7a Negra em Feira de Santana\"><figcaption>Foto: Washington Nery\/Secom PMFS<\/figcaption><\/figure>\n<\/div>\n<p>A banda Ra\u00e7a Negra integrou a grade de atra\u00e7\u00f5es do encerramento dos<a href=\"https:\/\/www.acordacidade.com.br\/tag\/festejos-juninos\/\"> festejos juninos <\/a>de S\u00e3o Jos\u00e9, em Feira de Santana, na ter\u00e7a-feira, dia 23, <a href=\"https:\/\/www.acordacidade.com.br\/sao-joao\/pagode-romantico-do-raca-negra-da-clima-especial-ao-sao-joao-de-sao-jose\/\">proporcionando um grande show memor\u00e1vel para o p\u00fablico presente, com muito romantismo. <\/a>Ap\u00f3s um per\u00edodo de aus\u00eancia, o cantor Luiz Carlos comentou sobre concretizou a expectativa de se apresentar na cidade, matando a saudade dos f\u00e3s e celebrando a cultura nordestina.<\/p>\n<p>\u201cFeira de Santana \u00e9 uma cidade que eu adoro, conhe\u00e7o muita gente aqui. Em vez de ficar em Salvador eu ficava aqui. Faz um tempinho que a gente n\u00e3o vinha aqui. Ent\u00e3o, a gente tinha saudade de Feira de Santana, de fazer um show em Feira de Santana\u201d, declarou o artista em entrevista ao Acorda Cidade antes do show. Na oportunidade, ele destacou que considera o S\u00e3o Jo\u00e3o da Bahia, como o maior do mundo.<\/p>\n<figure class=\"wp-block-image size-large\"><img fetchpriority=\"high\" data-dominant-color=\"885d53\" data-has-transparency=\"false\" style=\"--dominant-color: #885d53;\" fetchpriority=\"high\" decoding=\"async\" width=\"1152\" height=\"768\" sizes=\"(max-width: 1152px) 100vw, 1152px\" src=\"http:\/\/noticiasbahia360.com.br\/wp-content\/uploads\/2025\/06\/OwqHjEDQ-Raca-Negra-Fotos-Washington-Nery-23-06-25-33-1152x768-1.webp\" alt=\"Ra\u00e7a Negra em Feira de Santana\" class=\"wp-image-568723 not-transparent\" srcset=\"https:\/\/uploads.acordacidade.com.br\/2025\/06\/OwqHjEDQ-Raca-Negra-Fotos-Washington-Nery-23-06-25-33-548x365.webp 548w, http:\/\/noticiasbahia360.com.br\/wp-content\/uploads\/2025\/06\/OwqHjEDQ-Raca-Negra-Fotos-Washington-Nery-23-06-25-33-1152x768-1.webp 1152w, https:\/\/uploads.acordacidade.com.br\/2025\/06\/OwqHjEDQ-Raca-Negra-Fotos-Washington-Nery-23-06-25-33-830x553.webp 830w, https:\/\/uploads.acordacidade.com.br\/2025\/06\/OwqHjEDQ-Raca-Negra-Fotos-Washington-Nery-23-06-25-33-150x100.webp 150w, https:\/\/uploads.acordacidade.com.br\/2025\/06\/OwqHjEDQ-Raca-Negra-Fotos-Washington-Nery-23-06-25-33.webp 1200w\"><figcaption class=\"wp-element-caption\">Foto: Washington Nery\/Secom PMFS<\/figcaption><\/figure>\n<p>Durante a apresenta\u00e7\u00e3o, o Ra\u00e7a Negra reafirmou sua conex\u00e3o especial com o p\u00fablico que tem agregado novas gera\u00e7\u00f5es ao longo dos 42 anos de carreira da banda. A energia do show refletiu a diversidade do p\u00fablico, com fam\u00edlias inteiras cantando juntas os sucessos da banda.<\/p>\n<p>\u201cEu nunca vi tanta crian\u00e7a num show de S\u00e3o Jo\u00e3o \u00e0s duas horas da manh\u00e3. Crian\u00e7a cantando. Essa coisa vem naturalmente do Ra\u00e7a Negra. N\u00e3o \u00e9 renovando o p\u00fablico, \u00e9 agregando o que passa de av\u00f3, pai e m\u00e3e, n\u00e3o tem pre\u00e7o que pague isso\u201d, relatou o artista, relembrando um show recente em Itatim.<\/p>\n<figure class=\"wp-block-image size-large\"><img data-dominant-color=\"696767\" data-has-transparency=\"false\" style=\"--dominant-color: #696767;\" decoding=\"async\" width=\"1152\" height=\"768\" sizes=\"(max-width: 1152px) 100vw, 1152px\" src=\"http:\/\/noticiasbahia360.com.br\/wp-content\/uploads\/2025\/06\/m5FIyvnX-Raca-Negra-Fotos-Washington-Nery-23-06-25-31-sao-joao-de-sao-jose-1152x768-1.webp\" alt=\"Ra\u00e7a Negra no S\u00e3o Jo\u00e3o de S\u00e3o Jos\u00e9 em Feira de Santana\" class=\"wp-image-568724 not-transparent\" srcset=\"https:\/\/uploads.acordacidade.com.br\/2025\/06\/m5FIyvnX-Raca-Negra-Fotos-Washington-Nery-23-06-25-31-sao-joao-de-sao-jose-548x365.webp 548w, http:\/\/noticiasbahia360.com.br\/wp-content\/uploads\/2025\/06\/m5FIyvnX-Raca-Negra-Fotos-Washington-Nery-23-06-25-31-sao-joao-de-sao-jose-1152x768-1.webp 1152w, https:\/\/uploads.acordacidade.com.br\/2025\/06\/m5FIyvnX-Raca-Negra-Fotos-Washington-Nery-23-06-25-31-sao-joao-de-sao-jose-830x553.webp 830w, https:\/\/uploads.acordacidade.com.br\/2025\/06\/m5FIyvnX-Raca-Negra-Fotos-Washington-Nery-23-06-25-31-sao-joao-de-sao-jose-150x100.webp 150w, https:\/\/uploads.acordacidade.com.br\/2025\/06\/m5FIyvnX-Raca-Negra-Fotos-Washington-Nery-23-06-25-31-sao-joao-de-sao-jose.webp 1200w\"><figcaption class=\"wp-element-caption\">Foto: Washington Nery\/Secom PMFS<\/figcaption><\/figure>\n<p>No repert\u00f3rio do show estavam os cl\u00e1ssicos como \u201cCheia de Amor\u201d, \u201cCi\u00fame de Voc\u00ea\u201d, \u201c\u00c9 Tarde Demais\u201d, \u201cDeus Me Livre\u201d, \u201cSozinho\u201d, \u201cQuando Te Encontrei\u201d e \u201cN\u00e3o Posso Dizer Adeus\u201d. A banda revolucionou o samba e se consagrou como a maior refer\u00eancia do pagode rom\u00e2ntico nos anos 1990.<\/p>\n<p>Al\u00e9m da atra\u00e7\u00e3o principal, a programa\u00e7\u00e3o da noite tamb\u00e9m contou com os shows de Galeguinho SPA, Catuaba com Amendoim, Dr. Ed e Flor de Jurema, que mantiveram o p\u00fablico animado at\u00e9 o fim da festa em S\u00e3o Jos\u00e9.<\/p>\n<p><em>Acorda Cidade com informa\u00e7\u00f5es da Secretaria Municipal de Comunica\u00e7\u00e3o<\/em><\/p>\n<figure class=\"wp-block-image size-large\"><img data-dominant-color=\"4c4951\" data-has-transparency=\"false\" style=\"--dominant-color: #4c4951;\" decoding=\"async\" width=\"1152\" height=\"768\" sizes=\"(max-width: 1152px) 100vw, 1152px\" src=\"http:\/\/noticiasbahia360.com.br\/wp-content\/uploads\/2025\/06\/QmzYjLi6-Raca-Negra-Fotos-Washington-Nery-23-06-25-32-1152x768-1.webp\" alt=\"Raca Negra\" class=\"wp-image-568722 not-transparent\" srcset=\"https:\/\/uploads.acordacidade.com.br\/2025\/06\/QmzYjLi6-Raca-Negra-Fotos-Washington-Nery-23-06-25-32-548x365.webp 548w, http:\/\/noticiasbahia360.com.br\/wp-content\/uploads\/2025\/06\/QmzYjLi6-Raca-Negra-Fotos-Washington-Nery-23-06-25-32-1152x768-1.webp 1152w, https:\/\/uploads.acordacidade.com.br\/2025\/06\/QmzYjLi6-Raca-Negra-Fotos-Washington-Nery-23-06-25-32-830x553.webp 830w, https:\/\/uploads.acordacidade.com.br\/2025\/06\/QmzYjLi6-Raca-Negra-Fotos-Washington-Nery-23-06-25-32-150x100.webp 150w, https:\/\/uploads.acordacidade.com.br\/2025\/06\/QmzYjLi6-Raca-Negra-Fotos-Washington-Nery-23-06-25-32.webp 1200w\"><figcaption class=\"wp-element-caption\">Foto: Washington Nery\/Secom PMFS<\/figcaption><\/figure>\n<p><strong>Leia tamb\u00e9m: <\/strong><a href=\"https:\/\/www.acordacidade.com.br\/sao-joao\/pagode-romantico-do-raca-negra-da-clima-especial-ao-sao-joao-de-sao-jose\/\">Pagode rom\u00e2ntico do Ra\u00e7a Negra d\u00e1 clima especial ao S\u00e3o Jo\u00e3o de S\u00e3o Jos\u00e9<\/a><\/p>\n<p><em>Siga o Acorda Cidade no<\/em><a href=\"https:\/\/news.google.com\/search?q=acorda%20cidade&amp;hl=pt-BR&amp;gl=BR&amp;ceid=BR%3Apt-419\"><strong><em>\u00a0Google Not\u00edcias<\/em><\/strong><\/a><em>\u00a0e receba os principais destaques do dia. Participe tamb\u00e9m dos nossos canais no\u00a0<\/em><a href=\"https:\/\/www.whatsapp.com\/channel\/0029Va6Rb4v3WHTNnsh8WI3N\"><strong><em>WhatsApp<\/em><\/strong><\/a><em>\u00a0e\u00a0<\/em><a href=\"https:\/\/www.youtube.com\/@acordacidadenoticias\/videos\"><strong>YouTube<\/strong><\/a><em>\u00a0e grupo de\u00a0<\/em><a href=\"https:\/\/t.me\/+sSz0khrgARA0ZmRh\"><strong><em>Telegram<\/em><\/strong><\/a><em>.<\/em><\/p>\n<\/div>\n","protected":false},"excerpt":{"rendered":"<div>\n<div>\n<figure><img decoding=\"async\" src=\"https:\/\/uploads.acordacidade.com.br\/2025\/06\/Raca-Negra-Fotos-Washington-Nery-23-06-25-30-sao-jose.jpg\" alt=\"Ra\u00e7a Negra em Feira de Santana\"><figcaption>Foto: Washington Nery\/Secom PMFS<\/figcaption><\/figure>\n<\/div>\n<p>Durante a apresenta\u00e7\u00e3o, o Ra\u00e7a Negra reafirmou sua conex\u00e3o especial com o p\u00fablico que tem agregado novas gera\u00e7\u00f5es.<\/p><\/div>\n","protected":false},"author":1,"featured_media":90945,"comment_status":"closed","ping_status":"closed","sticky":false,"template":"","format":"gallery","meta":{"footnotes":""},"categories":[8,9,6,57,56,10],"tags":[],"class_list":["post-90944","post","type-post","status-publish","format-gallery","has-post-thumbnail","hentry","category-bahia","category-brasil","category-feira-de-santana","category-mundo","category-policia","category-politica","post_format-post-format-gallery"],"featured_image_urls":{"full":["https:\/\/noticiasbahia360.com.br\/wp-content\/uploads\/2025\/06\/Raca-Negra-Fotos-Washington-Nery-23-06-25-30-sao-jose.jpg",1200,800,false],"thumbnail":["https:\/\/noticiasbahia360.com.br\/wp-content\/uploads\/2025\/06\/Raca-Negra-Fotos-Washington-Nery-23-06-25-30-sao-jose-150x150.jpg",150,150,true],"medium":["https:\/\/noticiasbahia360.com.br\/wp-content\/uploads\/2025\/06\/Raca-Negra-Fotos-Washington-Nery-23-06-25-30-sao-jose-300x200.jpg",300,200,true],"medium_large":["https:\/\/noticiasbahia360.com.br\/wp-content\/uploads\/2025\/06\/Raca-Negra-Fotos-Washington-Nery-23-06-25-30-sao-jose-768x512.jpg",640,427,true],"large":["https:\/\/noticiasbahia360.com.br\/wp-content\/uploads\/2025\/06\/Raca-Negra-Fotos-Washington-Nery-23-06-25-30-sao-jose-1024x683.jpg",640,427,true],"1536x1536":["https:\/\/noticiasbahia360.com.br\/wp-content\/uploads\/2025\/06\/Raca-Negra-Fotos-Washington-Nery-23-06-25-30-sao-jose.jpg",1200,800,false],"2048x2048":["https:\/\/noticiasbahia360.com.br\/wp-content\/uploads\/2025\/06\/Raca-Negra-Fotos-Washington-Nery-23-06-25-30-sao-jose.jpg",1200,800,false],"chromenews-featured":["https:\/\/noticiasbahia360.com.br\/wp-content\/uploads\/2025\/06\/Raca-Negra-Fotos-Washington-Nery-23-06-25-30-sao-jose-1024x683.jpg",1024,683,true],"chromenews-large":["https:\/\/noticiasbahia360.com.br\/wp-content\/uploads\/2025\/06\/Raca-Negra-Fotos-Washington-Nery-23-06-25-30-sao-jose-825x575.jpg",825,575,true],"chromenews-medium":["https:\/\/noticiasbahia360.com.br\/wp-content\/uploads\/2025\/06\/Raca-Negra-Fotos-Washington-Nery-23-06-25-30-sao-jose-590x410.jpg",590,410,true]},"author_info":{"display_name":"noticiasbahia360.com.br","author_link":"https:\/\/noticiasbahia360.com.br\/?author=1"},"category_info":"<a href=\"https:\/\/noticiasbahia360.com.br\/?cat=8\" rel=\"category\">Bahia<\/a> <a href=\"https:\/\/noticiasbahia360.com.br\/?cat=9\" rel=\"category\">Brasil<\/a> <a href=\"https:\/\/noticiasbahia360.com.br\/?cat=6\" rel=\"category\">Feira de Santana<\/a> <a href=\"https:\/\/noticiasbahia360.com.br\/?cat=57\" rel=\"category\">Mundo<\/a> <a href=\"https:\/\/noticiasbahia360.com.br\/?cat=56\" rel=\"category\">Pol\u00edcia<\/a> <a href=\"https:\/\/noticiasbahia360.com.br\/?cat=10\" rel=\"category\">Pol\u00edtica<\/a>","tag_info":"Pol\u00edtica","comment_count":"0","_links":{"self":[{"href":"https:\/\/noticiasbahia360.com.br\/index.php?rest_route=\/wp\/v2\/posts\/90944","targetHints":{"allow":["GET"]}}],"collection":[{"href":"https:\/\/noticiasbahia360.com.br\/index.php?rest_route=\/wp\/v2\/posts"}],"about":[{"href":"https:\/\/noticiasbahia360.com.br\/index.php?rest_route=\/wp\/v2\/types\/post"}],"author":[{"embeddable":true,"href":"https:\/\/noticiasbahia360.com.br\/index.php?rest_route=\/wp\/v2\/users\/1"}],"replies":[{"embeddable":true,"href":"https:\/\/noticiasbahia360.com.br\/index.php?rest_route=%2Fwp%2Fv2%2Fcomments&post=90944"}],"version-history":[{"count":0,"href":"https:\/\/noticiasbahia360.com.br\/index.php?rest_route=\/wp\/v2\/posts\/90944\/revisions"}],"wp:featuredmedia":[{"embeddable":true,"href":"https:\/\/noticiasbahia360.com.br\/index.php?rest_route=\/wp\/v2\/media\/90945"}],"wp:attachment":[{"href":"https:\/\/noticiasbahia360.com.br\/index.php?rest_route=%2Fwp%2Fv2%2Fmedia&parent=90944"}],"wp:term":[{"taxonomy":"category","embeddable":true,"href":"https:\/\/noticiasbahia360.com.br\/index.php?rest_route=%2Fwp%2Fv2%2Fcategories&post=90944"},{"taxonomy":"post_tag","embeddable":true,"href":"https:\/\/noticiasbahia360.com.br\/index.php?rest_route=%2Fwp%2Fv2%2Ftags&post=90944"}],"curies":[{"name":"wp","href":"https:\/\/api.w.org\/{rel}","templated":true}]}}