{"id":90949,"date":"2025-06-24T18:08:02","date_gmt":"2025-06-24T21:08:02","guid":{"rendered":"https:\/\/noticiasbahia360.com.br\/?p=90949"},"modified":"2025-06-24T18:08:02","modified_gmt":"2025-06-24T21:08:02","slug":"empresario-morre-apos-carro-capotar-e-descer-ribanceira-na-br-101-santo-antonio-de-jesus","status":"publish","type":"post","link":"https:\/\/noticiasbahia360.com.br\/?p=90949","title":{"rendered":"Empres\u00e1rio morre ap\u00f3s carro capotar e descer ribanceira na BR-101  Santo Ant\u00f4nio de Jesus"},"content":{"rendered":"<div>\n<div>\n<figure><img decoding=\"async\" src=\"http:\/\/noticiasbahia360.com.br\/wp-content\/uploads\/2025\/06\/Acidente-empresario-Mario-Assis.jpg\" alt=\"Acidente - Empres\u00e1rio M\u00e1rio Assis morreu\"><figcaption>Foto: Blog do Valente<\/figcaption><\/figure>\n<\/div>\n<p>O empres\u00e1rio do ramo imobili\u00e1rio Mario S\u00e9rgio Rocha de Assis, de 52 anos, morreu na madrugada desta ter\u00e7a-feira (24), ap\u00f3s um acidente de carro, na BR-101 em Santo Ant\u00f4nio de Jesus.<\/p>\n<p>Segundo a Pol\u00edcia Civil, o carro que ele conduzia capotou ap\u00f3s perder o controle da dire\u00e7\u00e3o. Ele estava sozinho no momento do acidente.<\/p>\n<figure class=\"wp-block-image size-large\"><img fetchpriority=\"high\" data-dominant-color=\"474448\" data-has-transparency=\"false\" style=\"--dominant-color: #474448;\" fetchpriority=\"high\" decoding=\"async\" width=\"1091\" height=\"768\" sizes=\"(max-width: 1091px) 100vw, 1091px\" src=\"http:\/\/noticiasbahia360.com.br\/wp-content\/uploads\/2025\/06\/Zp0j85wx-falecimento-empresario-mario-assis-1091x768-1.webp\" alt=\"Empres\u00e1rio M\u00e1rio Assis\" class=\"wp-image-568762 not-transparent\" srcset=\"https:\/\/uploads.acordacidade.com.br\/2025\/06\/Zp0j85wx-falecimento-empresario-mario-assis-518x365.webp 518w, http:\/\/noticiasbahia360.com.br\/wp-content\/uploads\/2025\/06\/Zp0j85wx-falecimento-empresario-mario-assis-1091x768-1.webp 1091w, https:\/\/uploads.acordacidade.com.br\/2025\/06\/Zp0j85wx-falecimento-empresario-mario-assis-785x553.webp 785w, https:\/\/uploads.acordacidade.com.br\/2025\/06\/Zp0j85wx-falecimento-empresario-mario-assis-150x106.webp 150w, https:\/\/uploads.acordacidade.com.br\/2025\/06\/Zp0j85wx-falecimento-empresario-mario-assis.webp 1200w\"><figcaption class=\"wp-element-caption\">Foto: Arquivo familiar<\/figcaption><\/figure>\n<p>Uma nota de pesar emitida pela empresa dele foi divulgada nas redes sociais:<\/p>\n<p>\u201cMais do que um empres\u00e1rio vision\u00e1rio, Mario foi um filho amado, pai dedicado, irm\u00e3o presente e amigo leal. Neste momento de profunda dor, expressamos nossos mais sinceros sentimentos e solidariedade \u00e0 fam\u00edlia, amigos e a todos que tiveram o privil\u00e9gio de conviver com ele\u201d, dizia a nota.<\/p>\n<figure class=\"wp-block-image size-large\"><img data-dominant-color=\"5b6b65\" data-has-transparency=\"false\" style=\"--dominant-color: #5b6b65;\" decoding=\"async\" width=\"972\" height=\"768\" sizes=\"(max-width: 972px) 100vw, 972px\" src=\"http:\/\/noticiasbahia360.com.br\/wp-content\/uploads\/2025\/06\/Xz00bk8j-Acidente-empresario-Mario-Assis-saj-972x768-1.webp\" alt=\"Acidente - Empres\u00e1rio M\u00e1rio Assis morreu\" class=\"wp-image-568764 not-transparent\" srcset=\"https:\/\/uploads.acordacidade.com.br\/2025\/06\/Xz00bk8j-Acidente-empresario-Mario-Assis-saj-462x365.webp 462w, http:\/\/noticiasbahia360.com.br\/wp-content\/uploads\/2025\/06\/Xz00bk8j-Acidente-empresario-Mario-Assis-saj-972x768-1.webp 972w, https:\/\/uploads.acordacidade.com.br\/2025\/06\/Xz00bk8j-Acidente-empresario-Mario-Assis-saj-700x553.webp 700w, https:\/\/uploads.acordacidade.com.br\/2025\/06\/Xz00bk8j-Acidente-empresario-Mario-Assis-saj-150x119.webp 150w, https:\/\/uploads.acordacidade.com.br\/2025\/06\/Xz00bk8j-Acidente-empresario-Mario-Assis-saj.webp 1200w\"><figcaption class=\"wp-element-caption\">Foto: Blog do Valente<\/figcaption><\/figure>\n<p>Segundo o Blog do Valente, parceiro do Acorda Cidade, o corpo de M\u00e1rio Assis foi encontrado a aproximadamente oito metros do ve\u00edculo, j\u00e1 sem sinais vitais. As causas do acidente ainda ser\u00e3o investigadas pelas autoridades, mas informa\u00e7\u00f5es preliminares apontam que os pneus do carro estavam bastante desgastados.<\/p>\n<p>Imagens gravadas durante a retirada mostram o estado do carro, completamente destru\u00eddo ap\u00f3s despencar por cerca de 200 metros. As equipes de resgate enfrentaram dificuldades devido ao terreno \u00edngreme e de dif\u00edcil acesso.<\/p>\n<figure class=\"wp-block-image size-large\"><img data-dominant-color=\"715859\" data-has-transparency=\"false\" style=\"--dominant-color: #715859;\" decoding=\"async\" width=\"850\" height=\"768\" sizes=\"(max-width: 850px) 100vw, 850px\" src=\"http:\/\/noticiasbahia360.com.br\/wp-content\/uploads\/2025\/06\/iz7ubqOY-empresario-mario-assis-850x768-1.webp\" alt=\"Empres\u00e1rio M\u00e1rio Assis\" class=\"wp-image-568763 not-transparent\" srcset=\"https:\/\/uploads.acordacidade.com.br\/2025\/06\/iz7ubqOY-empresario-mario-assis-404x365.webp 404w, http:\/\/noticiasbahia360.com.br\/wp-content\/uploads\/2025\/06\/iz7ubqOY-empresario-mario-assis-850x768-1.webp 850w, https:\/\/uploads.acordacidade.com.br\/2025\/06\/iz7ubqOY-empresario-mario-assis-612x553.webp 612w, https:\/\/uploads.acordacidade.com.br\/2025\/06\/iz7ubqOY-empresario-mario-assis-150x136.webp 150w, https:\/\/uploads.acordacidade.com.br\/2025\/06\/iz7ubqOY-empresario-mario-assis.webp 1200w\"><figcaption class=\"wp-element-caption\">Foto: Reprodu\u00e7\u00e3o\/Redes Sociais<\/figcaption><\/figure>\n<p>A v\u00edtima retornava de uma festa quando sofreu o acidente.  Nas redes sociais havia imagens de M\u00e1rio S\u00e9rgio curtindo o show da banda Timbalada no S\u00e3o Jo\u00e3o de Santo Ant\u00f4nio de Jesus, um dos maiores festejos juninos realizados na Bahia.<\/p>\n<\/div>\n","protected":false},"excerpt":{"rendered":"<div>\n<div>\n<figure><img decoding=\"async\" src=\"https:\/\/uploads.acordacidade.com.br\/2025\/06\/Acidente-empresario-Mario-Assis.jpg\" alt=\"Acidente - Empres\u00e1rio M\u00e1rio Assis morreu\"><figcaption>Foto: Blog do Valente<\/figcaption><\/figure>\n<\/div>\n<p>O empres\u00e1rio do ramo imobili\u00e1rio Mario S\u00e9rgio Rocha de Assis, de 52 anos, morreu na madrugada desta ter\u00e7a-feira (24), ap\u00f3s um acidente de carro, na BR-101 em Santo Ant\u00f4nio de Jesus. Segundo a Pol\u00edcia Civil, o carro que ele conduzia capotou ap\u00f3s perder o controle da dire\u00e7\u00e3o. Ele estava sozinho no momento do acidente. Uma [\u2026]<\/p><\/div>\n","protected":false},"author":1,"featured_media":90950,"comment_status":"closed","ping_status":"closed","sticky":false,"template":"","format":"gallery","meta":{"footnotes":""},"categories":[8,9,6,57,56,10],"tags":[],"class_list":["post-90949","post","type-post","status-publish","format-gallery","has-post-thumbnail","hentry","category-bahia","category-brasil","category-feira-de-santana","category-mundo","category-policia","category-politica","post_format-post-format-gallery"],"featured_image_urls":{"full":["https:\/\/noticiasbahia360.com.br\/wp-content\/uploads\/2025\/06\/Acidente-empresario-Mario-Assis.jpg",1200,759,false],"thumbnail":["https:\/\/noticiasbahia360.com.br\/wp-content\/uploads\/2025\/06\/Acidente-empresario-Mario-Assis-150x150.jpg",150,150,true],"medium":["https:\/\/noticiasbahia360.com.br\/wp-content\/uploads\/2025\/06\/Acidente-empresario-Mario-Assis-300x190.jpg",300,190,true],"medium_large":["https:\/\/noticiasbahia360.com.br\/wp-content\/uploads\/2025\/06\/Acidente-empresario-Mario-Assis-768x486.jpg",640,405,true],"large":["https:\/\/noticiasbahia360.com.br\/wp-content\/uploads\/2025\/06\/Acidente-empresario-Mario-Assis-1024x648.jpg",640,405,true],"1536x1536":["https:\/\/noticiasbahia360.com.br\/wp-content\/uploads\/2025\/06\/Acidente-empresario-Mario-Assis.jpg",1200,759,false],"2048x2048":["https:\/\/noticiasbahia360.com.br\/wp-content\/uploads\/2025\/06\/Acidente-empresario-Mario-Assis.jpg",1200,759,false],"chromenews-featured":["https:\/\/noticiasbahia360.com.br\/wp-content\/uploads\/2025\/06\/Acidente-empresario-Mario-Assis-1024x648.jpg",1024,648,true],"chromenews-large":["https:\/\/noticiasbahia360.com.br\/wp-content\/uploads\/2025\/06\/Acidente-empresario-Mario-Assis-825x575.jpg",825,575,true],"chromenews-medium":["https:\/\/noticiasbahia360.com.br\/wp-content\/uploads\/2025\/06\/Acidente-empresario-Mario-Assis-590x410.jpg",590,410,true]},"author_info":{"display_name":"noticiasbahia360.com.br","author_link":"https:\/\/noticiasbahia360.com.br\/?author=1"},"category_info":"<a href=\"https:\/\/noticiasbahia360.com.br\/?cat=8\" rel=\"category\">Bahia<\/a> <a href=\"https:\/\/noticiasbahia360.com.br\/?cat=9\" rel=\"category\">Brasil<\/a> <a href=\"https:\/\/noticiasbahia360.com.br\/?cat=6\" rel=\"category\">Feira de Santana<\/a> <a href=\"https:\/\/noticiasbahia360.com.br\/?cat=57\" rel=\"category\">Mundo<\/a> <a href=\"https:\/\/noticiasbahia360.com.br\/?cat=56\" rel=\"category\">Pol\u00edcia<\/a> <a href=\"https:\/\/noticiasbahia360.com.br\/?cat=10\" rel=\"category\">Pol\u00edtica<\/a>","tag_info":"Pol\u00edtica","comment_count":"0","_links":{"self":[{"href":"https:\/\/noticiasbahia360.com.br\/index.php?rest_route=\/wp\/v2\/posts\/90949","targetHints":{"allow":["GET"]}}],"collection":[{"href":"https:\/\/noticiasbahia360.com.br\/index.php?rest_route=\/wp\/v2\/posts"}],"about":[{"href":"https:\/\/noticiasbahia360.com.br\/index.php?rest_route=\/wp\/v2\/types\/post"}],"author":[{"embeddable":true,"href":"https:\/\/noticiasbahia360.com.br\/index.php?rest_route=\/wp\/v2\/users\/1"}],"replies":[{"embeddable":true,"href":"https:\/\/noticiasbahia360.com.br\/index.php?rest_route=%2Fwp%2Fv2%2Fcomments&post=90949"}],"version-history":[{"count":0,"href":"https:\/\/noticiasbahia360.com.br\/index.php?rest_route=\/wp\/v2\/posts\/90949\/revisions"}],"wp:featuredmedia":[{"embeddable":true,"href":"https:\/\/noticiasbahia360.com.br\/index.php?rest_route=\/wp\/v2\/media\/90950"}],"wp:attachment":[{"href":"https:\/\/noticiasbahia360.com.br\/index.php?rest_route=%2Fwp%2Fv2%2Fmedia&parent=90949"}],"wp:term":[{"taxonomy":"category","embeddable":true,"href":"https:\/\/noticiasbahia360.com.br\/index.php?rest_route=%2Fwp%2Fv2%2Fcategories&post=90949"},{"taxonomy":"post_tag","embeddable":true,"href":"https:\/\/noticiasbahia360.com.br\/index.php?rest_route=%2Fwp%2Fv2%2Ftags&post=90949"}],"curies":[{"name":"wp","href":"https:\/\/api.w.org\/{rel}","templated":true}]}}